{"id":27621,"date":"2026-01-06T16:41:23","date_gmt":"2026-01-06T16:41:23","guid":{"rendered":"https:\/\/iacrianca.pt\/?p=27621"},"modified":"2026-01-12T16:16:11","modified_gmt":"2026-01-12T16:16:11","slug":"dinamica-dos-projetos-multidisciplinares-da-escola-de-segunda-oportunidade-e20","status":"publish","type":"post","link":"https:\/\/iacrianca.pt\/en\/2026\/01\/dinamica-dos-projetos-multidisciplinares-da-escola-de-segunda-oportunidade-e20\/","title":{"rendered":"Din\u00e2mica dos Projetos Multidisciplinares da Escola de Segunda Oportunidade (E20)"},"content":{"rendered":"<p><b><span data-contrast=\"none\">Agrupamento de Escolas\u00a0Alto do Lumiar\u00a0(AEAL)<\/span><\/b><span data-ccp-props=\"{&quot;201341983&quot;:0,&quot;335551550&quot;:6,&quot;335551620&quot;:6,&quot;335559739&quot;:1,&quot;335559740&quot;:360,&quot;335559991&quot;:10}\">\u00a0<\/span><\/p>\n<p><b><span data-contrast=\"none\">Agrupamento de Escolas Pintor Almada Negreiros (AEPAN)<\/span><\/b><span data-ccp-props=\"{&quot;201341983&quot;:0,&quot;335551550&quot;:6,&quot;335551620&quot;:6,&quot;335559739&quot;:1,&quot;335559740&quot;:360,&quot;335559991&quot;:10}\">\u00a0<\/span><\/p>\n<p><span data-contrast=\"auto\">A nossa Escola de Segunda Oportunidade (E20), em parceria com o AEAL e a AEPAN, acolhe\u00a0este ano letivo\u00a0tr\u00eas turmas no espa\u00e7o do IEFP da Freguesia de Santa Clara. Esta iniciativa desenvolve um programa educativo de interven\u00e7\u00e3o ativa, assente na Metodologia de Aprendizagem Baseada em Projetos (ABP), organizada em torno de temas aglutinadores.<\/span><span data-ccp-props=\"{&quot;201341983&quot;:0,&quot;335551550&quot;:6,&quot;335551620&quot;:6,&quot;335559738&quot;:240,&quot;335559739&quot;:240,&quot;335559740&quot;:360}\">\u00a0<\/span><\/p>\n<p><span data-contrast=\"auto\">Os projetos foram concebidos de forma colaborativa pela Equipa T\u00e9cnico-Pedag\u00f3gica (ETP) e t\u00eam como principal objetivo a resolu\u00e7\u00e3o de problemas e desafios concretos, promovendo a cria\u00e7\u00e3o de solu\u00e7\u00f5es tang\u00edveis que potenciem as aprendizagens essenciais, os componentes do referencial curricular. Estes projetos visam ainda estimular a constru\u00e7\u00e3o de conhecimento multidisciplinar, atrav\u00e9s de abordagens pr\u00e1ticas e experimentais.<\/span><span data-ccp-props=\"{&quot;201341983&quot;:0,&quot;335551550&quot;:6,&quot;335551620&quot;:6,&quot;335559738&quot;:240,&quot;335559739&quot;:240,&quot;335559740&quot;:360}\">\u00a0<\/span><\/p>\n<p><b><span data-contrast=\"auto\">Atividades pedag\u00f3gicas\u00a0<\/span><\/b><span data-ccp-props=\"{&quot;201341983&quot;:0,&quot;335551550&quot;:6,&quot;335551620&quot;:6,&quot;335559738&quot;:240,&quot;335559739&quot;:240,&quot;335559740&quot;:360}\">\u00a0<\/span><\/p>\n<p><span data-contrast=\"auto\">Durante o primeiro per\u00edodo letivo, as turmas desenvolveram dois projetos:\u00a0<\/span><b><i><span data-contrast=\"auto\">\u201cComo sou e para onde vou\u2026\u201d e \u201cO meu corpo, a minha mente e a minha sa\u00fade\u201d<\/span><\/i><\/b><span data-contrast=\"auto\">, que permitiram aos\u00a0jovens\u00a0explorar dimens\u00f5es pessoais, sociais e de bem-estar, refor\u00e7ando compet\u00eancias essenciais\u00a0para o seu percurso educativo e de vida.\u00a0<\/span><span data-ccp-props=\"{&quot;201341983&quot;:0,&quot;335551550&quot;:6,&quot;335551620&quot;:6,&quot;335559738&quot;:240,&quot;335559739&quot;:240,&quot;335559740&quot;:360}\">\u00a0<\/span><\/p>\n<p><b><span data-contrast=\"auto\">C\u00e1psulas do tempo<\/span><\/b><span data-ccp-props=\"{&quot;201341983&quot;:0,&quot;335551550&quot;:6,&quot;335551620&quot;:6,&quot;335559739&quot;:0,&quot;335559740&quot;:360}\">\u00a0<\/span><\/p>\n<p><span data-contrast=\"auto\">No decorrer no primeiro projeto\u00a0<\/span><b><i><span data-contrast=\"auto\">\u201cComo sou e para onde vou\u2026\u201d\u00a0<\/span><\/i><\/b><span data-contrast=\"auto\">as turmas\u00a0desenvolveram\u00a0<\/span><b><i><span data-contrast=\"auto\">\u201cC\u00e1psulas do tempo\u201d<\/span><\/i><\/b><span data-contrast=\"auto\">\u00a0em\u00a0malas\u00a0de viagem, onde\u00a0guardaram\u00a0manuscritos,\u00a0desenhos\u00a0simb\u00f3licos\u00a0e\u00a0mandalas,\u00a0com\u00a0a sua hist\u00f3ria\u00a0de vida, sentido de identidade,\u00a0autoconhecimento\u00a0e como\u00a0se v\u00eam num futuro pr\u00f3ximo (escolhas e evolu\u00e7\u00e3o\u00a0de vida).<\/span><span data-ccp-props=\"{&quot;201341983&quot;:0,&quot;335551550&quot;:6,&quot;335551620&quot;:6,&quot;335559739&quot;:0,&quot;335559740&quot;:360}\">\u00a0<\/span><\/p>\n<p><span data-contrast=\"auto\">No fim do ano letivo, abriremos as c\u00e1psulas do tempo e reencontraremos mem\u00f3rias cheias de significado!<\/span><span data-ccp-props=\"{&quot;201341983&quot;:0,&quot;335551550&quot;:6,&quot;335551620&quot;:6,&quot;335559739&quot;:0,&quot;335559740&quot;:360}\">\u00a0<\/span><\/p>\n<p><img fetchpriority=\"high\" decoding=\"async\" class=\"alignnone wp-image-27626 size-full\" src=\"https:\/\/iacrianca.pt\/wp-content\/uploads\/tempo.png\" alt=\"\" width=\"734\" height=\"436\" srcset=\"https:\/\/iacrianca.pt\/wp-content\/uploads\/tempo.png 734w, https:\/\/iacrianca.pt\/wp-content\/uploads\/tempo-300x178.png 300w\" sizes=\"(max-width: 734px) 100vw, 734px\" \/><\/p>\n<p><b><span data-contrast=\"auto\">Identidade<\/span><\/b><span data-ccp-props=\"{&quot;201341983&quot;:0,&quot;335551550&quot;:6,&quot;335551620&quot;:6,&quot;335559739&quot;:0,&quot;335559740&quot;:360}\">\u00a0<\/span><\/p>\n<p><span data-contrast=\"auto\">Os jovens conceberam pain\u00e9is gr\u00e1ficos representativos da sua identidade, explorando os c\u00e2nones do rosto, as propor\u00e7\u00f5es do corpo humano, mandalas,\u00a0<\/span><i><span data-contrast=\"auto\">lettering<\/span><\/i><span data-contrast=\"auto\">\u00a0e t\u00e9cnicas de ilus\u00e3o \u00f3tica. Esta atividade promoveu a express\u00e3o pessoal, o sentido est\u00e9tico e o desenvolvimento de compet\u00eancias criativas, aliando conhecimento\u00a0das artes visuais\u00a0\u00e0 identidade individual.\u00a0<\/span><\/p>\n<p><img decoding=\"async\" class=\"alignnone wp-image-27628 size-full\" src=\"https:\/\/iacrianca.pt\/wp-content\/uploads\/dinamica2.png\" alt=\"\" width=\"659\" height=\"317\" srcset=\"https:\/\/iacrianca.pt\/wp-content\/uploads\/dinamica2.png 659w, https:\/\/iacrianca.pt\/wp-content\/uploads\/dinamica2-300x144.png 300w\" sizes=\"(max-width: 659px) 100vw, 659px\" \/><\/p>\n<p>&nbsp;<\/p>\n<p><b><span data-contrast=\"auto\">Mandala das Emo\u00e7\u00f5es\u00a0<\/span><\/b><span data-ccp-props=\"{&quot;201341983&quot;:0,&quot;335551550&quot;:6,&quot;335551620&quot;:6,&quot;335559739&quot;:0,&quot;335559740&quot;:360}\">\u00a0<\/span><\/p>\n<p><span data-contrast=\"auto\">Ainda\u00a0desenvolveram desenhos de\u00a0<\/span><i><span data-contrast=\"auto\">Mandalas\u00a0das Emo\u00e7\u00f5es<\/span><\/i><span data-contrast=\"auto\">, explorando formas, cores e s\u00edmbolos que representam o equil\u00edbrio, as emo\u00e7\u00f5es e as diferentes etapas\u00a0de vida.\u00a0<\/span><span data-ccp-props=\"{&quot;201341983&quot;:0,&quot;335551550&quot;:6,&quot;335551620&quot;:6,&quot;335559739&quot;:0,&quot;335559740&quot;:360}\">\u00a0<\/span><\/p>\n<p><span data-contrast=\"auto\">Esta atividade estimulou a criatividade, a concentra\u00e7\u00e3o e a express\u00e3o pessoal, permitindo a cada participante refletir sobre si pr\u00f3prio e sobre o seu percurso.\u00a0<\/span><span data-ccp-props=\"{&quot;201341983&quot;:0,&quot;335551550&quot;:6,&quot;335551620&quot;:6,&quot;335559739&quot;:0,&quot;335559740&quot;:360}\">\u00a0<\/span><\/p>\n<p><span data-contrast=\"auto\">Os alunos puderam comunicar sentimentos, valores e experi\u00eancias de forma art\u00edstica, promovendo o autoconhecimento e o bem-estar emocional.<\/span><span data-ccp-props=\"{&quot;201341983&quot;:0,&quot;335551550&quot;:6,&quot;335551620&quot;:6,&quot;335559739&quot;:0,&quot;335559740&quot;:360}\">\u00a0<\/span><\/p>\n<p><img decoding=\"async\" class=\"alignnone wp-image-27630 size-full\" src=\"https:\/\/iacrianca.pt\/wp-content\/uploads\/mandala.png\" alt=\"\" width=\"909\" height=\"312\" srcset=\"https:\/\/iacrianca.pt\/wp-content\/uploads\/mandala.png 909w, https:\/\/iacrianca.pt\/wp-content\/uploads\/mandala-300x103.png 300w, https:\/\/iacrianca.pt\/wp-content\/uploads\/mandala-768x264.png 768w\" sizes=\"(max-width: 909px) 100vw, 909px\" \/><\/p>\n<p><span data-contrast=\"auto\">No decorrer do\u00a0<\/span><b><span data-contrast=\"auto\">segundo projeto,<\/span><\/b><span data-contrast=\"auto\">\u00a0intitulado\u00a0<\/span><b><i><span data-contrast=\"auto\">\u201cO meu corpo, a minha mente e a minha sa\u00fade\u201d<\/span><\/i><\/b><span data-contrast=\"auto\">, foram desenvolvidas diversas atividades curriculares e extracurriculares,\u00a0tendo como ponto de partida tem\u00e1ticas de interesse dos jovens.<\/span><span data-ccp-props=\"{&quot;201341983&quot;:0,&quot;335551550&quot;:6,&quot;335551620&quot;:6,&quot;335559739&quot;:0,&quot;335559740&quot;:360}\">\u00a0<\/span><\/p>\n<p><span data-ccp-props=\"{&quot;201341983&quot;:0,&quot;335551550&quot;:6,&quot;335551620&quot;:6,&quot;335559739&quot;:0,&quot;335559740&quot;:360}\">\u00a0<\/span><b><span data-contrast=\"auto\">Atelier de Culin\u00e1ria Criativa e Saud\u00e1vel<\/span><\/b><br \/>\n<span data-contrast=\"auto\">As turmas participaram num\u00a0<\/span><i><span data-contrast=\"auto\">Atelier de Culin\u00e1ria Criativa e Saud\u00e1vel<\/span><\/i><b><span data-contrast=\"auto\">,<\/span><\/b><span data-contrast=\"auto\">\u00a0que teve\u00a0como objetivo\u00a0a cria\u00e7\u00e3o de figuras utilizando frutas\u00a0diversas, promovendo h\u00e1bitos alimentares equilibrados de forma l\u00fadica\u00a0e apelativa!<\/span><span data-ccp-props=\"{&quot;201341983&quot;:0,&quot;335551550&quot;:6,&quot;335551620&quot;:6,&quot;335559739&quot;:0,&quot;335559740&quot;:360}\">\u00a0<\/span><\/p>\n<p><span data-contrast=\"none\">No seguimento deste atelier, os alunos tamb\u00e9m confecionaram crepes e bolos, refor\u00e7ando a coopera\u00e7\u00e3o em grupo e a aprendizagem pr\u00e1tica, nomeadamente no que diz respeito a seguir uma receita e utilizar corretamente as medidas dos ingredientes.<\/span><span data-ccp-props=\"{&quot;201341983&quot;:0,&quot;335551550&quot;:6,&quot;335551620&quot;:6,&quot;335559739&quot;:0,&quot;335559740&quot;:360}\">\u00a0<\/span><\/p>\n<p><img loading=\"lazy\" decoding=\"async\" class=\"alignnone wp-image-27632 size-full\" src=\"https:\/\/iacrianca.pt\/wp-content\/uploads\/culinaria.png\" alt=\"\" width=\"859\" height=\"583\" srcset=\"https:\/\/iacrianca.pt\/wp-content\/uploads\/culinaria.png 859w, https:\/\/iacrianca.pt\/wp-content\/uploads\/culinaria-300x204.png 300w, https:\/\/iacrianca.pt\/wp-content\/uploads\/culinaria-768x521.png 768w\" sizes=\"(max-width: 859px) 100vw, 859px\" \/><\/p>\n<p><b><span data-contrast=\"none\">Produ\u00e7\u00e3o de sabonetes artesanais com especiarias<\/span><\/b><span data-contrast=\"none\">\u00a0<\/span><span data-ccp-props=\"{&quot;201341983&quot;:0,&quot;335551550&quot;:6,&quot;335551620&quot;:6,&quot;335559685&quot;:-10,&quot;335559739&quot;:1,&quot;335559740&quot;:360}\">\u00a0<\/span><\/p>\n<p><span data-contrast=\"none\">Combina\u00e7\u00e3o de\u00a0t\u00e9cnica e criatividade\u00a0nas aulas de Ci\u00eancias Sociais.<\/span><span data-ccp-props=\"{&quot;201341983&quot;:0,&quot;335551550&quot;:6,&quot;335551620&quot;:6,&quot;335559685&quot;:-10,&quot;335559739&quot;:1,&quot;335559740&quot;:360}\">\u00a0<\/span><\/p>\n<p><span data-contrast=\"none\">As especiarias agregam aroma, cor natural e propriedades sensoriais \u00fanicas aos sabonetes. Toda a atividade foi realizada de forma minuciosa, desde a prepara\u00e7\u00e3o dos utens\u00edlios \u2014 que exige aten\u00e7\u00e3o e rigor quanto \u00e0 seguran\u00e7a \u2014 at\u00e9 a finaliza\u00e7\u00e3o com embalagens personalizadas, valorizando o produto artesanal.<\/span><span data-ccp-props=\"{&quot;201341983&quot;:0,&quot;335551550&quot;:6,&quot;335551620&quot;:6,&quot;335559739&quot;:1,&quot;335559740&quot;:360,&quot;335559991&quot;:10}\">\u00a0<\/span><\/p>\n<p><img loading=\"lazy\" decoding=\"async\" class=\"alignnone wp-image-27634 size-full\" src=\"https:\/\/iacrianca.pt\/wp-content\/uploads\/sabonetes.png\" alt=\"\" width=\"847\" height=\"313\" srcset=\"https:\/\/iacrianca.pt\/wp-content\/uploads\/sabonetes.png 847w, https:\/\/iacrianca.pt\/wp-content\/uploads\/sabonetes-300x111.png 300w, https:\/\/iacrianca.pt\/wp-content\/uploads\/sabonetes-768x284.png 768w\" sizes=\"(max-width: 847px) 100vw, 847px\" \/><\/p>\n<p><img loading=\"lazy\" decoding=\"async\" class=\"alignnone wp-image-27636 size-full\" src=\"https:\/\/iacrianca.pt\/wp-content\/uploads\/mural.png\" alt=\"\" width=\"843\" height=\"238\" srcset=\"https:\/\/iacrianca.pt\/wp-content\/uploads\/mural.png 843w, https:\/\/iacrianca.pt\/wp-content\/uploads\/mural-300x85.png 300w, https:\/\/iacrianca.pt\/wp-content\/uploads\/mural-768x217.png 768w\" sizes=\"(max-width: 843px) 100vw, 843px\" \/><\/p>\n<p><b><span data-contrast=\"none\">A\u00a0M\u00fasica\u00a0e as Artes Visuais_\u00a0Mural Coletivo<\/span><\/b><span data-ccp-props=\"{&quot;201341983&quot;:0,&quot;335551550&quot;:6,&quot;335551620&quot;:6,&quot;335559739&quot;:1,&quot;335559740&quot;:360,&quot;335559991&quot;:10}\">\u00a0<\/span><\/p>\n<p><span data-contrast=\"none\">O mural coletivo foi criado a partir de quadrados individuais, revelando como cada aluno transformou a m\u00fasica em emo\u00e7\u00e3o e a emo\u00e7\u00e3o em tra\u00e7o. A diversidade de linhas, cores e ritmos visuais evidencia que corpo e mente reagem de forma \u00fanica aos est\u00edmulos sonoros.\u00a0<\/span><span data-ccp-props=\"{&quot;201341983&quot;:0,&quot;335551550&quot;:6,&quot;335551620&quot;:6,&quot;335559739&quot;:1,&quot;335559740&quot;:360}\">\u00a0<\/span><\/p>\n<p><span data-contrast=\"none\">O\u00a0resultado final\u00a0constitui uma representa\u00e7\u00e3o coletiva das sensa\u00e7\u00f5es do grupo, promovendo a consci\u00eancia emocional, a express\u00e3o livre e o bem-estar, alinhando-se aos princ\u00edpios do projeto.<\/span><span data-ccp-props=\"{&quot;201341983&quot;:0,&quot;335551550&quot;:6,&quot;335551620&quot;:6,&quot;335559739&quot;:1,&quot;335559740&quot;:360}\">\u00a0<\/span><\/p>\n<p><img loading=\"lazy\" decoding=\"async\" class=\"alignnone wp-image-27638 size-full\" src=\"https:\/\/iacrianca.pt\/wp-content\/uploads\/mural2.png\" alt=\"\" width=\"860\" height=\"394\" srcset=\"https:\/\/iacrianca.pt\/wp-content\/uploads\/mural2.png 860w, https:\/\/iacrianca.pt\/wp-content\/uploads\/mural2-300x137.png 300w, https:\/\/iacrianca.pt\/wp-content\/uploads\/mural2-768x352.png 768w\" sizes=\"(max-width: 860px) 100vw, 860px\" \/><\/p>\n<p><b><span data-contrast=\"none\">Constru\u00e7\u00e3o\u00a0do\u00a0\u201cMeio Prov\u00e9rbio\u201d\u00a0<\/span><\/b><span data-ccp-props=\"{&quot;201341983&quot;:0,&quot;335559739&quot;:1,&quot;335559740&quot;:360}\">\u00a0<\/span><\/p>\n<p><span data-contrast=\"none\">No \u00e2mbito do segundo projeto, os jovens criaram\u00a0prov\u00e9rbios, explorando mensagens de motiva\u00e7\u00e3o e empoderamento relacionadas com\u00a0o\u00a0bem-estar. Esta atividade permitiu que refletissem sobre h\u00e1bitos saud\u00e1veis, equil\u00edbrio emocional e autocuidado,\u00a0enquanto\u00a0desenvolviam a criatividade lingu\u00edstica e a capacidade de comunicar ideias de forma concisa.\u00a0Os prov\u00e9rbios elaborados transmitiram valores positivos, promovendo a consci\u00eancia sobre a import\u00e2ncia de cuidar do corpo e da mente.<\/span><span data-ccp-props=\"{&quot;201341983&quot;:0,&quot;335551550&quot;:6,&quot;335551620&quot;:6,&quot;335559739&quot;:1,&quot;335559740&quot;:360,&quot;335559991&quot;:10}\">\u00a0<\/span><\/p>\n<p><img loading=\"lazy\" decoding=\"async\" class=\"alignnone wp-image-27640 size-full\" src=\"https:\/\/iacrianca.pt\/wp-content\/uploads\/proverbios.png\" alt=\"\" width=\"789\" height=\"554\" srcset=\"https:\/\/iacrianca.pt\/wp-content\/uploads\/proverbios.png 789w, https:\/\/iacrianca.pt\/wp-content\/uploads\/proverbios-300x211.png 300w, https:\/\/iacrianca.pt\/wp-content\/uploads\/proverbios-768x539.png 768w\" sizes=\"(max-width: 789px) 100vw, 789px\" \/><\/p>\n<p><b><span data-contrast=\"auto\">Planeamento e constru\u00e7\u00e3o de Bonecos Articulados<\/span><\/b><span data-ccp-props=\"{&quot;201341983&quot;:0,&quot;335551550&quot;:6,&quot;335551620&quot;:6,&quot;335559739&quot;:0,&quot;335559740&quot;:360}\">\u00a0<\/span><\/p>\n<p><span data-contrast=\"auto\">Como parte das atividades curriculares multidisciplinares do segundo projeto, os jovens participaram no planeamento e constru\u00e7\u00e3o de dois Bonecos Articulados, integrando conte\u00fados de v\u00e1rias \u00e1reas disciplinares.<\/span><span data-ccp-props=\"{&quot;201341983&quot;:0,&quot;335551550&quot;:6,&quot;335551620&quot;:6,&quot;335559739&quot;:0,&quot;335559740&quot;:360}\">\u00a0<\/span><\/p>\n<p><span data-contrast=\"auto\">Durante o processo, exploraram conceitos como propor\u00e7\u00f5es do corpo, dimens\u00f5es e escala real, geometria plana, partes do corpo em ingl\u00eas e a elabora\u00e7\u00e3o de prov\u00e9rbios sobre sa\u00fade e bem-estar. A inspira\u00e7\u00e3o\u00a0nasceu do\u00a0pavimento exterior da escola, permitindo que os alunos trabalhassem a cor, a forma e a criatividade na decora\u00e7\u00e3o dos bonecos.<\/span><span data-ccp-props=\"{&quot;201341983&quot;:0,&quot;335551550&quot;:6,&quot;335551620&quot;:6,&quot;335559739&quot;:0,&quot;335559740&quot;:360}\">\u00a0<\/span><\/p>\n<p><span data-contrast=\"auto\">Esta atividade revelou-se\u00a0bastante\u00a0pedag\u00f3gica, estimulante e divertida, promovendo o trabalho interdisciplinar, a express\u00e3o art\u00edstica e o pensamento cr\u00edtico de forma pr\u00e1tica e\u00a0divertida!<\/span><span data-ccp-props=\"{&quot;201341983&quot;:0,&quot;335551550&quot;:6,&quot;335551620&quot;:6,&quot;335559739&quot;:0,&quot;335559740&quot;:360}\">\u00a0<\/span><\/p>\n<p><img loading=\"lazy\" decoding=\"async\" class=\"alignnone wp-image-27642 size-full\" src=\"https:\/\/iacrianca.pt\/wp-content\/uploads\/bonecos.png\" alt=\"\" width=\"717\" height=\"367\" srcset=\"https:\/\/iacrianca.pt\/wp-content\/uploads\/bonecos.png 717w, https:\/\/iacrianca.pt\/wp-content\/uploads\/bonecos-300x154.png 300w\" sizes=\"(max-width: 717px) 100vw, 717px\" \/><\/p>\n<p><img loading=\"lazy\" decoding=\"async\" class=\"alignnone wp-image-27644 size-full\" src=\"https:\/\/iacrianca.pt\/wp-content\/uploads\/extra.png\" alt=\"\" width=\"792\" height=\"524\" srcset=\"https:\/\/iacrianca.pt\/wp-content\/uploads\/extra.png 792w, https:\/\/iacrianca.pt\/wp-content\/uploads\/extra-300x198.png 300w, https:\/\/iacrianca.pt\/wp-content\/uploads\/extra-768x508.png 768w\" sizes=\"(max-width: 792px) 100vw, 792px\" \/><\/p>\n<p><b><span data-contrast=\"none\">Atividades Extracurriculares:<\/span><\/b><span data-ccp-props=\"{&quot;201341983&quot;:0,&quot;335551550&quot;:6,&quot;335551620&quot;:6,&quot;335559739&quot;:1,&quot;335559740&quot;:360,&quot;335559991&quot;:10}\">\u00a0<\/span><\/p>\n<p><span data-contrast=\"none\">Os jovens participaram em v\u00e1rias atividades extracurriculares, como uma ida ao JumpYard, proporcionando um momento de lazer. Esta experi\u00eancia promoveu a atividade f\u00edsica, o bem-estar emocional, o conv\u00edvio e a descontra\u00e7\u00e3o, contribuindo para um equil\u00edbrio saud\u00e1vel entre corpo e mente!<\/span><span data-ccp-props=\"{&quot;201341983&quot;:0,&quot;335551550&quot;:6,&quot;335551620&quot;:6,&quot;335559739&quot;:1,&quot;335559740&quot;:360,&quot;335559991&quot;:10}\">\u00a0<\/span><\/p>\n<p><img loading=\"lazy\" decoding=\"async\" class=\"alignnone wp-image-27646 size-full\" src=\"https:\/\/iacrianca.pt\/wp-content\/uploads\/extra2.png\" alt=\"\" width=\"984\" height=\"464\" srcset=\"https:\/\/iacrianca.pt\/wp-content\/uploads\/extra2.png 984w, https:\/\/iacrianca.pt\/wp-content\/uploads\/extra2-300x141.png 300w, https:\/\/iacrianca.pt\/wp-content\/uploads\/extra2-768x362.png 768w\" sizes=\"(max-width: 984px) 100vw, 984px\" \/><\/p>\n<p><b><span data-contrast=\"auto\">Experi\u00eancias Culturais<\/span><\/b><span data-ccp-props=\"{&quot;201341983&quot;:0,&quot;335551550&quot;:6,&quot;335551620&quot;:6,&quot;335559685&quot;:10,&quot;335559739&quot;:1,&quot;335559740&quot;:360,&quot;335559991&quot;:10}\">\u00a0<\/span><\/p>\n<p><span data-contrast=\"auto\">Como parte das atividades extracurriculares, os jovens tiveram a oportunidade de assistir \u00e0 pe\u00e7a\u00a0<\/span><i><span data-contrast=\"auto\">\u201cH\u00e9rcules\u201d<\/span><\/i><span data-contrast=\"auto\">\u00a0no Teatro Politeama e\u00a0experienciarem\u00a0um espet\u00e1culo de circo no Coliseu dos Recreios. Estas experi\u00eancias foram muito bem recebidas pelos alunos, contribuindo para o desenvolvimento de compet\u00eancias culturais, sociais e emocionais,\u00a0enquanto\u00a0promoviam o conv\u00edvio\u00a0e\u00a0a aprecia\u00e7\u00e3o art\u00edstica\u00a0em diferentes contextos.<\/span><span data-ccp-props=\"{&quot;201341983&quot;:0,&quot;335551550&quot;:6,&quot;335551620&quot;:6,&quot;335559685&quot;:10,&quot;335559739&quot;:1,&quot;335559740&quot;:360,&quot;335559991&quot;:10}\">\u00a0<\/span><\/p>\n<p><img loading=\"lazy\" decoding=\"async\" class=\"alignnone wp-image-27648 size-full\" src=\"https:\/\/iacrianca.pt\/wp-content\/uploads\/cultu.png\" alt=\"\" width=\"882\" height=\"320\" srcset=\"https:\/\/iacrianca.pt\/wp-content\/uploads\/cultu.png 882w, https:\/\/iacrianca.pt\/wp-content\/uploads\/cultu-300x109.png 300w, https:\/\/iacrianca.pt\/wp-content\/uploads\/cultu-768x279.png 768w\" sizes=\"(max-width: 882px) 100vw, 882px\" \/><\/p>\n<p><span data-contrast=\"none\">O\u00a0segundo Projeto\u00a0<\/span><b><i><span data-contrast=\"auto\">\u201cO meu corpo, a minha mente e a minha sa\u00fade\u201d<\/span><\/i><\/b><span data-contrast=\"auto\">,\u00a0<\/span><span data-contrast=\"none\">culminou na dinamiza\u00e7\u00e3o de um\u00a0<\/span><b><span data-contrast=\"none\">Peddy\u00a0Paper<\/span><\/b><span data-contrast=\"none\">\u00a0como produto final.\u00a0Integrando de forma transversal os conhecimentos e compet\u00eancias\u00a0pessoais\u00a0trabalhadas ao longo do seu desenvolvimento.\u00a0<\/span><span data-ccp-props=\"{&quot;201341983&quot;:0,&quot;335551550&quot;:6,&quot;335551620&quot;:6,&quot;335559685&quot;:10,&quot;335559739&quot;:1,&quot;335559740&quot;:360,&quot;335559991&quot;:10}\">\u00a0<\/span><\/p>\n<p><span data-contrast=\"none\">No espa\u00e7o envolvente \u00e0 escola Jardim das Amoreiras, foram distribu\u00eddos c\u00f3digos QR com desafios interativos e divertidos, permitindo aos jovens aprender de forma l\u00fadica e din\u00e2mica, algumas das aprendizagens abordadas nas diferentes \u00e1reas disciplinares da matriz PIEF.<\/span><span data-ccp-props=\"{&quot;201341983&quot;:0,&quot;335551550&quot;:6,&quot;335551620&quot;:6,&quot;335559685&quot;:10,&quot;335559739&quot;:1,&quot;335559740&quot;:360,&quot;335559991&quot;:10}\">\u00a0<\/span><\/p>\n<p><span data-ccp-props=\"{&quot;201341983&quot;:0,&quot;335551550&quot;:6,&quot;335551620&quot;:6,&quot;335559685&quot;:10,&quot;335559739&quot;:1,&quot;335559740&quot;:360,&quot;335559991&quot;:10}\">\u00a0<\/span><\/p>\n<p><b><span data-contrast=\"none\">Cartazes do\u00a0Peddy\u00a0Pepper<\/span><\/b><span data-ccp-props=\"{&quot;201341983&quot;:0,&quot;335551550&quot;:6,&quot;335551620&quot;:6,&quot;335559685&quot;:10,&quot;335559739&quot;:1,&quot;335559740&quot;:360,&quot;335559991&quot;:10}\">\u00a0<\/span><\/p>\n<p><span data-contrast=\"none\">Os\u00a0Cartazes de divulga\u00e7\u00e3o\u00a0da Atividade Final do segundo projeto\u00a0\u201cPeddy\u00a0Pepper\u201d,\u00a0foram elaborados de forma gr\u00e1fica\u00a0e posteriormente pediram ajuda \u00e0 Intelig\u00eancia Artificial (IA)\u00a0e o resultado\u00a0foi este!<\/span><span data-ccp-props=\"{&quot;201341983&quot;:0,&quot;335551550&quot;:6,&quot;335551620&quot;:6,&quot;335559685&quot;:10,&quot;335559739&quot;:1,&quot;335559740&quot;:360,&quot;335559991&quot;:10}\">\u00a0<\/span><\/p>\n<p><span data-contrast=\"none\">Neste painel conseguimos ver do lado\u00a0esquerdo\u00a0o cartaz\u00a0elaborado\u00a0pelos jovens e do lado\u00a0direito\u00a0o melhoramento gr\u00e1fico\u00a0pela\u00a0IA.<\/span><\/p>\n<p><img loading=\"lazy\" decoding=\"async\" class=\"alignnone wp-image-27650 size-full\" src=\"https:\/\/iacrianca.pt\/wp-content\/uploads\/ia.png\" alt=\"\" width=\"659\" height=\"784\" srcset=\"https:\/\/iacrianca.pt\/wp-content\/uploads\/ia.png 659w, https:\/\/iacrianca.pt\/wp-content\/uploads\/ia-252x300.png 252w\" sizes=\"(max-width: 659px) 100vw, 659px\" \/><\/p>\n<p><strong><span class=\"TextRun SCXW14448254 BCX0\" lang=\"PT-PT\" xml:lang=\"PT-PT\" data-contrast=\"none\"><span class=\"NormalTextRun SCXW14448254 BCX0\">Atividade do\u00a0<\/span><span class=\"NormalTextRun SpellingErrorV2Themed SCXW14448254 BCX0\">Peddy<\/span><span class=\"NormalTextRun SCXW14448254 BCX0\">\u00a0Pepper no Jardim das Amoreiras\u00a0<\/span><\/span><span class=\"EOP SCXW14448254 BCX0\" data-ccp-props=\"{&quot;201341983&quot;:0,&quot;335551550&quot;:6,&quot;335551620&quot;:6,&quot;335559685&quot;:10,&quot;335559739&quot;:1,&quot;335559740&quot;:360,&quot;335559991&quot;:10}\">\u00a0<\/span><\/strong><\/p>\n<p><img loading=\"lazy\" decoding=\"async\" class=\"alignnone wp-image-27652 size-full\" src=\"https:\/\/iacrianca.pt\/wp-content\/uploads\/peddy.png\" alt=\"\" width=\"905\" height=\"483\" srcset=\"https:\/\/iacrianca.pt\/wp-content\/uploads\/peddy.png 905w, https:\/\/iacrianca.pt\/wp-content\/uploads\/peddy-300x160.png 300w, https:\/\/iacrianca.pt\/wp-content\/uploads\/peddy-768x410.png 768w\" sizes=\"(max-width: 905px) 100vw, 905px\" \/><\/p>\n<p><img loading=\"lazy\" decoding=\"async\" class=\"alignnone wp-image-27654 size-full\" src=\"https:\/\/iacrianca.pt\/wp-content\/uploads\/peddy2.png\" alt=\"\" width=\"913\" height=\"316\" srcset=\"https:\/\/iacrianca.pt\/wp-content\/uploads\/peddy2.png 913w, https:\/\/iacrianca.pt\/wp-content\/uploads\/peddy2-300x104.png 300w, https:\/\/iacrianca.pt\/wp-content\/uploads\/peddy2-768x266.png 768w\" sizes=\"(max-width: 913px) 100vw, 913px\" \/><\/p>\n<p><span data-contrast=\"auto\">A<\/span><span data-contrast=\"auto\">\u00a0Metodologia de Aprendizagem\u00a0<\/span><span data-contrast=\"auto\">desenvolvida\u00a0com os\u00a0projetos\u00a0<\/span><b><span data-contrast=\"auto\">\u201cComo sou e para onde vou\u2026\u201d<\/span><\/b><span data-contrast=\"auto\">\u00a0e\u00a0<\/span><b><span data-contrast=\"auto\">\u201cO meu corpo, a minha mente e a minha sa\u00fade\u201d<\/span><\/b><span data-contrast=\"auto\">\u00a0\u2013 envolveram um conjunto diversificado de atividades pedag\u00f3gicas de\u00a0car\u00e1cter\u00a0multidisciplinar, adequadas\u00a0ao perfil dos nossos jovens. Estes\u00a0projetos tiveram como principal objetivo a promo\u00e7\u00e3o do autoconhecimento, do autocuidado e do bem-estar f\u00edsico e emocional, contribuindo para o desenvolvimento integral dos alunos. Ao longo das atividades, foram trabalhadas\u00a0aprendizagens essenciais,\u00a0compet\u00eancias pessoais, sociais e emocionais, incentivando a reflex\u00e3o sobre a identidade, os interesses, as emo\u00e7\u00f5es, os h\u00e1bitos de vida saud\u00e1vel e a import\u00e2ncia de escolhas conscientes para o presente e\u00a0futuro pr\u00f3ximo<\/span><span data-ccp-props=\"{&quot;201341983&quot;:0,&quot;335551550&quot;:6,&quot;335551620&quot;:6,&quot;335559739&quot;:0,&quot;335559740&quot;:360}\">\u00a0<\/span><\/p>\n<p><span data-contrast=\"auto\">Atrav\u00e9s de din\u00e2micas de grupo, momentos de partilha, atividades expressivas,\u00a0l\u00fadicas e\u00a0assembleias de turma,\u00a0sempre\u00a0orientados e articuladas\u00a0entre\u00a0as\u00a0diferentes \u00e1reas curriculares\u00a0com a presenta da Equipa T\u00e9cnica e Pedag\u00f3gica (ETP),\u00a0os alunos foram convidados a reconhecer as suas caracter\u00edsticas individuais, a valorizar a diversidade e a adotar atitudes respons\u00e1veis relativamente \u00e0 sua sa\u00fade f\u00edsica e mental.\u00a0<\/span><span data-ccp-props=\"{&quot;201341983&quot;:0,&quot;335551550&quot;:6,&quot;335551620&quot;:6,&quot;335559739&quot;:0,&quot;335559740&quot;:360}\">\u00a0<\/span><\/p>\n<p><span data-contrast=\"auto\">Estes projetos promoveram, ainda, a autonomia, a autoestima, o respeito pelo outro e a constru\u00e7\u00e3o de rela\u00e7\u00f5es saud\u00e1veis, refor\u00e7ando o papel da escola como espa\u00e7o de forma\u00e7\u00e3o global e de promo\u00e7\u00e3o do bem-estar.<\/span><span data-ccp-props=\"{&quot;201341983&quot;:0,&quot;335551550&quot;:6,&quot;335551620&quot;:6,&quot;335559739&quot;:0,&quot;335559740&quot;:360}\">\u00a0<\/span><\/p>\n","protected":false},"excerpt":{"rendered":"<p>Agrupamento de Escolas\u00a0Alto do Lumiar\u00a0(AEAL)\u00a0 Agrupamento de Escolas Pintor Almada Negreiros (AEPAN)\u00a0 A nossa Escola de Segunda Oportunidade (E20), em parceria com o AEAL e a AEPAN, acolhe\u00a0este ano letivo\u00a0tr\u00eas turmas no espa\u00e7o do IEFP da Freguesia de Santa Clara. Esta iniciativa desenvolve um programa educativo de interven\u00e7\u00e3o ativa, assente na Metodologia de Aprendizagem Baseada&hellip;<\/p>\n","protected":false},"author":2,"featured_media":27624,"comment_status":"closed","ping_status":"closed","sticky":false,"template":"","format":"standard","meta":{"_acf_changed":false,"footnotes":""},"categories":[63],"tags":[],"class_list":["post-27621","post","type-post","status-publish","format-standard","has-post-thumbnail","hentry","category-newsletter","category-63","description-off"],"acf":[],"yoast_head":"<!-- This site is optimized with the Yoast SEO plugin v27.5 - https:\/\/yoast.com\/product\/yoast-seo-wordpress\/ -->\n<title>Din\u00e2mica dos Projetos Multidisciplinares da Escola de Segunda Oportunidade (E20) | Instituto de Apoio \u00e0 Crian\u00e7a<\/title>\n<meta name=\"robots\" content=\"index, follow, max-snippet:-1, max-image-preview:large, max-video-preview:-1\" \/>\n<link rel=\"canonical\" href=\"https:\/\/iacrianca.pt\/en\/2026\/01\/dinamica-dos-projetos-multidisciplinares-da-escola-de-segunda-oportunidade-e20\/\" \/>\n<meta property=\"og:locale\" content=\"en_US\" \/>\n<meta property=\"og:type\" content=\"article\" \/>\n<meta property=\"og:title\" content=\"Din\u00e2mica dos Projetos Multidisciplinares da Escola de Segunda Oportunidade (E20) | Instituto de Apoio \u00e0 Crian\u00e7a\" \/>\n<meta property=\"og:description\" content=\"Agrupamento de Escolas\u00a0Alto do Lumiar\u00a0(AEAL)\u00a0 Agrupamento de Escolas Pintor Almada Negreiros (AEPAN)\u00a0 A nossa Escola de Segunda Oportunidade (E20), em parceria com o AEAL e a AEPAN, acolhe\u00a0este ano letivo\u00a0tr\u00eas turmas no espa\u00e7o do IEFP da Freguesia de Santa Clara. Esta iniciativa desenvolve um programa educativo de interven\u00e7\u00e3o ativa, assente na Metodologia de Aprendizagem Baseada&hellip;\" \/>\n<meta property=\"og:url\" content=\"https:\/\/iacrianca.pt\/en\/2026\/01\/dinamica-dos-projetos-multidisciplinares-da-escola-de-segunda-oportunidade-e20\/\" \/>\n<meta property=\"og:site_name\" content=\"Instituto de Apoio \u00e0 Crian\u00e7a\" \/>\n<meta property=\"article:publisher\" content=\"https:\/\/www.facebook.com\/iacinstitutodeapoioacrianca\" \/>\n<meta property=\"article:published_time\" content=\"2026-01-06T16:41:23+00:00\" \/>\n<meta property=\"article:modified_time\" content=\"2026-01-12T16:16:11+00:00\" \/>\n<meta property=\"og:image\" content=\"https:\/\/iacrianca.pt\/wp-content\/uploads\/dinamica-1.png\" \/>\n\t<meta property=\"og:image:width\" content=\"1145\" \/>\n\t<meta property=\"og:image:height\" content=\"637\" \/>\n\t<meta property=\"og:image:type\" content=\"image\/png\" \/>\n<meta name=\"author\" content=\"Administra\u00e7\u00e3o IAC\" \/>\n<meta name=\"twitter:card\" content=\"summary_large_image\" \/>\n<meta name=\"twitter:creator\" content=\"@iacapoiocrianca\" \/>\n<meta name=\"twitter:site\" content=\"@iacapoiocrianca\" \/>\n<meta name=\"twitter:label1\" content=\"Written by\" \/>\n\t<meta name=\"twitter:data1\" content=\"Administra\u00e7\u00e3o IAC\" \/>\n\t<meta name=\"twitter:label2\" content=\"Est. reading time\" \/>\n\t<meta name=\"twitter:data2\" content=\"10 minutes\" \/>\n<script type=\"application\/ld+json\" class=\"yoast-schema-graph\">{\"@context\":\"https:\\\/\\\/schema.org\",\"@graph\":[{\"@type\":\"Article\",\"@id\":\"https:\\\/\\\/iacrianca.pt\\\/en\\\/2026\\\/01\\\/dinamica-dos-projetos-multidisciplinares-da-escola-de-segunda-oportunidade-e20\\\/#article\",\"isPartOf\":{\"@id\":\"https:\\\/\\\/iacrianca.pt\\\/en\\\/2026\\\/01\\\/dinamica-dos-projetos-multidisciplinares-da-escola-de-segunda-oportunidade-e20\\\/\"},\"author\":{\"name\":\"Administra\u00e7\u00e3o IAC\",\"@id\":\"https:\\\/\\\/iacrianca.pt\\\/en\\\/#\\\/schema\\\/person\\\/1c48c6e4b70d0dc7360e4b28ceaa5f6b\"},\"headline\":\"Din\u00e2mica dos Projetos Multidisciplinares da Escola de Segunda Oportunidade (E20)\",\"datePublished\":\"2026-01-06T16:41:23+00:00\",\"dateModified\":\"2026-01-12T16:16:11+00:00\",\"mainEntityOfPage\":{\"@id\":\"https:\\\/\\\/iacrianca.pt\\\/en\\\/2026\\\/01\\\/dinamica-dos-projetos-multidisciplinares-da-escola-de-segunda-oportunidade-e20\\\/\"},\"wordCount\":1388,\"publisher\":{\"@id\":\"https:\\\/\\\/iacrianca.pt\\\/en\\\/#organization\"},\"image\":{\"@id\":\"https:\\\/\\\/iacrianca.pt\\\/en\\\/2026\\\/01\\\/dinamica-dos-projetos-multidisciplinares-da-escola-de-segunda-oportunidade-e20\\\/#primaryimage\"},\"thumbnailUrl\":\"https:\\\/\\\/iacrianca.pt\\\/wp-content\\\/uploads\\\/dinamica-1.png\",\"articleSection\":[\"Newsletter\"],\"inLanguage\":\"en-US\"},{\"@type\":\"WebPage\",\"@id\":\"https:\\\/\\\/iacrianca.pt\\\/en\\\/2026\\\/01\\\/dinamica-dos-projetos-multidisciplinares-da-escola-de-segunda-oportunidade-e20\\\/\",\"url\":\"https:\\\/\\\/iacrianca.pt\\\/en\\\/2026\\\/01\\\/dinamica-dos-projetos-multidisciplinares-da-escola-de-segunda-oportunidade-e20\\\/\",\"name\":\"Din\u00e2mica dos Projetos Multidisciplinares da Escola de Segunda Oportunidade (E20) | Instituto de Apoio \u00e0 Crian\u00e7a\",\"isPartOf\":{\"@id\":\"https:\\\/\\\/iacrianca.pt\\\/en\\\/#website\"},\"primaryImageOfPage\":{\"@id\":\"https:\\\/\\\/iacrianca.pt\\\/en\\\/2026\\\/01\\\/dinamica-dos-projetos-multidisciplinares-da-escola-de-segunda-oportunidade-e20\\\/#primaryimage\"},\"image\":{\"@id\":\"https:\\\/\\\/iacrianca.pt\\\/en\\\/2026\\\/01\\\/dinamica-dos-projetos-multidisciplinares-da-escola-de-segunda-oportunidade-e20\\\/#primaryimage\"},\"thumbnailUrl\":\"https:\\\/\\\/iacrianca.pt\\\/wp-content\\\/uploads\\\/dinamica-1.png\",\"datePublished\":\"2026-01-06T16:41:23+00:00\",\"dateModified\":\"2026-01-12T16:16:11+00:00\",\"breadcrumb\":{\"@id\":\"https:\\\/\\\/iacrianca.pt\\\/en\\\/2026\\\/01\\\/dinamica-dos-projetos-multidisciplinares-da-escola-de-segunda-oportunidade-e20\\\/#breadcrumb\"},\"inLanguage\":\"en-US\",\"potentialAction\":[{\"@type\":\"ReadAction\",\"target\":[\"https:\\\/\\\/iacrianca.pt\\\/en\\\/2026\\\/01\\\/dinamica-dos-projetos-multidisciplinares-da-escola-de-segunda-oportunidade-e20\\\/\"]}]},{\"@type\":\"ImageObject\",\"inLanguage\":\"en-US\",\"@id\":\"https:\\\/\\\/iacrianca.pt\\\/en\\\/2026\\\/01\\\/dinamica-dos-projetos-multidisciplinares-da-escola-de-segunda-oportunidade-e20\\\/#primaryimage\",\"url\":\"https:\\\/\\\/iacrianca.pt\\\/wp-content\\\/uploads\\\/dinamica-1.png\",\"contentUrl\":\"https:\\\/\\\/iacrianca.pt\\\/wp-content\\\/uploads\\\/dinamica-1.png\",\"width\":1145,\"height\":637},{\"@type\":\"BreadcrumbList\",\"@id\":\"https:\\\/\\\/iacrianca.pt\\\/en\\\/2026\\\/01\\\/dinamica-dos-projetos-multidisciplinares-da-escola-de-segunda-oportunidade-e20\\\/#breadcrumb\",\"itemListElement\":[{\"@type\":\"ListItem\",\"position\":1,\"name\":\"In\u00edcio\",\"item\":\"https:\\\/\\\/iacrianca.pt\\\/en\\\/\"},{\"@type\":\"ListItem\",\"position\":2,\"name\":\"Din\u00e2mica dos Projetos Multidisciplinares da Escola de Segunda Oportunidade (E20)\"}]},{\"@type\":\"WebSite\",\"@id\":\"https:\\\/\\\/iacrianca.pt\\\/en\\\/#website\",\"url\":\"https:\\\/\\\/iacrianca.pt\\\/en\\\/\",\"name\":\"Instituto de Apoio \u00e0 Crian\u00e7a\",\"description\":\"Desde 1983 na defesa e promo\u00e7\u00e3o dos direitos da crian\u00e7a\",\"publisher\":{\"@id\":\"https:\\\/\\\/iacrianca.pt\\\/en\\\/#organization\"},\"potentialAction\":[{\"@type\":\"SearchAction\",\"target\":{\"@type\":\"EntryPoint\",\"urlTemplate\":\"https:\\\/\\\/iacrianca.pt\\\/en\\\/?s={search_term_string}\"},\"query-input\":{\"@type\":\"PropertyValueSpecification\",\"valueRequired\":true,\"valueName\":\"search_term_string\"}}],\"inLanguage\":\"en-US\"},{\"@type\":\"Organization\",\"@id\":\"https:\\\/\\\/iacrianca.pt\\\/en\\\/#organization\",\"name\":\"Instituto de Apoio \u00e0 Crian\u00e7a\",\"url\":\"https:\\\/\\\/iacrianca.pt\\\/en\\\/\",\"logo\":{\"@type\":\"ImageObject\",\"inLanguage\":\"en-US\",\"@id\":\"https:\\\/\\\/iacrianca.pt\\\/en\\\/#\\\/schema\\\/logo\\\/image\\\/\",\"url\":\"https:\\\/\\\/iacrianca.pt\\\/wp-content\\\/uploads\\\/2020\\\/04\\\/logo-iac-SD.jpg\",\"contentUrl\":\"https:\\\/\\\/iacrianca.pt\\\/wp-content\\\/uploads\\\/2020\\\/04\\\/logo-iac-SD.jpg\",\"width\":152,\"height\":73,\"caption\":\"Instituto de Apoio \u00e0 Crian\u00e7a\"},\"image\":{\"@id\":\"https:\\\/\\\/iacrianca.pt\\\/en\\\/#\\\/schema\\\/logo\\\/image\\\/\"},\"sameAs\":[\"https:\\\/\\\/www.facebook.com\\\/iacinstitutodeapoioacrianca\",\"https:\\\/\\\/x.com\\\/iacapoiocrianca\",\"https:\\\/\\\/www.youtube.com\\\/channel\\\/UC0jjfZ_xkN_59gJf_RQ-ZnQ\",\"https:\\\/\\\/www.linkedin.com\\\/company\\\/instituto-de-apoio--criana\\\/\",\"https:\\\/\\\/www.instagram.com\\\/iacinstitutodeapoioacrianca\\\/\",\"https:\\\/\\\/criancasatortoeadireitos.wordpress.com\\\/\"]},{\"@type\":\"Person\",\"@id\":\"https:\\\/\\\/iacrianca.pt\\\/en\\\/#\\\/schema\\\/person\\\/1c48c6e4b70d0dc7360e4b28ceaa5f6b\",\"name\":\"Administra\u00e7\u00e3o IAC\",\"image\":{\"@type\":\"ImageObject\",\"inLanguage\":\"en-US\",\"@id\":\"https:\\\/\\\/secure.gravatar.com\\\/avatar\\\/60b998c71de37dcc1398fc6d48c6b5ed7533e3ceec837c948055f072e3158ff1?s=96&d=mm&r=g\",\"url\":\"https:\\\/\\\/secure.gravatar.com\\\/avatar\\\/60b998c71de37dcc1398fc6d48c6b5ed7533e3ceec837c948055f072e3158ff1?s=96&d=mm&r=g\",\"contentUrl\":\"https:\\\/\\\/secure.gravatar.com\\\/avatar\\\/60b998c71de37dcc1398fc6d48c6b5ed7533e3ceec837c948055f072e3158ff1?s=96&d=mm&r=g\",\"caption\":\"Administra\u00e7\u00e3o IAC\"}}]}<\/script>\n<!-- \/ Yoast SEO plugin. -->","yoast_head_json":{"title":"Din\u00e2mica dos Projetos Multidisciplinares da Escola de Segunda Oportunidade (E20) | Instituto de Apoio \u00e0 Crian\u00e7a","robots":{"index":"index","follow":"follow","max-snippet":"max-snippet:-1","max-image-preview":"max-image-preview:large","max-video-preview":"max-video-preview:-1"},"canonical":"https:\/\/iacrianca.pt\/en\/2026\/01\/dinamica-dos-projetos-multidisciplinares-da-escola-de-segunda-oportunidade-e20\/","og_locale":"en_US","og_type":"article","og_title":"Din\u00e2mica dos Projetos Multidisciplinares da Escola de Segunda Oportunidade (E20) | Instituto de Apoio \u00e0 Crian\u00e7a","og_description":"Agrupamento de Escolas\u00a0Alto do Lumiar\u00a0(AEAL)\u00a0 Agrupamento de Escolas Pintor Almada Negreiros (AEPAN)\u00a0 A nossa Escola de Segunda Oportunidade (E20), em parceria com o AEAL e a AEPAN, acolhe\u00a0este ano letivo\u00a0tr\u00eas turmas no espa\u00e7o do IEFP da Freguesia de Santa Clara. Esta iniciativa desenvolve um programa educativo de interven\u00e7\u00e3o ativa, assente na Metodologia de Aprendizagem Baseada&hellip;","og_url":"https:\/\/iacrianca.pt\/en\/2026\/01\/dinamica-dos-projetos-multidisciplinares-da-escola-de-segunda-oportunidade-e20\/","og_site_name":"Instituto de Apoio \u00e0 Crian\u00e7a","article_publisher":"https:\/\/www.facebook.com\/iacinstitutodeapoioacrianca","article_published_time":"2026-01-06T16:41:23+00:00","article_modified_time":"2026-01-12T16:16:11+00:00","og_image":[{"width":1145,"height":637,"url":"https:\/\/iacrianca.pt\/wp-content\/uploads\/dinamica-1.png","type":"image\/png"}],"author":"Administra\u00e7\u00e3o IAC","twitter_card":"summary_large_image","twitter_creator":"@iacapoiocrianca","twitter_site":"@iacapoiocrianca","twitter_misc":{"Written by":"Administra\u00e7\u00e3o IAC","Est. reading time":"10 minutes"},"schema":{"@context":"https:\/\/schema.org","@graph":[{"@type":"Article","@id":"https:\/\/iacrianca.pt\/en\/2026\/01\/dinamica-dos-projetos-multidisciplinares-da-escola-de-segunda-oportunidade-e20\/#article","isPartOf":{"@id":"https:\/\/iacrianca.pt\/en\/2026\/01\/dinamica-dos-projetos-multidisciplinares-da-escola-de-segunda-oportunidade-e20\/"},"author":{"name":"Administra\u00e7\u00e3o IAC","@id":"https:\/\/iacrianca.pt\/en\/#\/schema\/person\/1c48c6e4b70d0dc7360e4b28ceaa5f6b"},"headline":"Din\u00e2mica dos Projetos Multidisciplinares da Escola de Segunda Oportunidade (E20)","datePublished":"2026-01-06T16:41:23+00:00","dateModified":"2026-01-12T16:16:11+00:00","mainEntityOfPage":{"@id":"https:\/\/iacrianca.pt\/en\/2026\/01\/dinamica-dos-projetos-multidisciplinares-da-escola-de-segunda-oportunidade-e20\/"},"wordCount":1388,"publisher":{"@id":"https:\/\/iacrianca.pt\/en\/#organization"},"image":{"@id":"https:\/\/iacrianca.pt\/en\/2026\/01\/dinamica-dos-projetos-multidisciplinares-da-escola-de-segunda-oportunidade-e20\/#primaryimage"},"thumbnailUrl":"https:\/\/iacrianca.pt\/wp-content\/uploads\/dinamica-1.png","articleSection":["Newsletter"],"inLanguage":"en-US"},{"@type":"WebPage","@id":"https:\/\/iacrianca.pt\/en\/2026\/01\/dinamica-dos-projetos-multidisciplinares-da-escola-de-segunda-oportunidade-e20\/","url":"https:\/\/iacrianca.pt\/en\/2026\/01\/dinamica-dos-projetos-multidisciplinares-da-escola-de-segunda-oportunidade-e20\/","name":"Din\u00e2mica dos Projetos Multidisciplinares da Escola de Segunda Oportunidade (E20) | Instituto de Apoio \u00e0 Crian\u00e7a","isPartOf":{"@id":"https:\/\/iacrianca.pt\/en\/#website"},"primaryImageOfPage":{"@id":"https:\/\/iacrianca.pt\/en\/2026\/01\/dinamica-dos-projetos-multidisciplinares-da-escola-de-segunda-oportunidade-e20\/#primaryimage"},"image":{"@id":"https:\/\/iacrianca.pt\/en\/2026\/01\/dinamica-dos-projetos-multidisciplinares-da-escola-de-segunda-oportunidade-e20\/#primaryimage"},"thumbnailUrl":"https:\/\/iacrianca.pt\/wp-content\/uploads\/dinamica-1.png","datePublished":"2026-01-06T16:41:23+00:00","dateModified":"2026-01-12T16:16:11+00:00","breadcrumb":{"@id":"https:\/\/iacrianca.pt\/en\/2026\/01\/dinamica-dos-projetos-multidisciplinares-da-escola-de-segunda-oportunidade-e20\/#breadcrumb"},"inLanguage":"en-US","potentialAction":[{"@type":"ReadAction","target":["https:\/\/iacrianca.pt\/en\/2026\/01\/dinamica-dos-projetos-multidisciplinares-da-escola-de-segunda-oportunidade-e20\/"]}]},{"@type":"ImageObject","inLanguage":"en-US","@id":"https:\/\/iacrianca.pt\/en\/2026\/01\/dinamica-dos-projetos-multidisciplinares-da-escola-de-segunda-oportunidade-e20\/#primaryimage","url":"https:\/\/iacrianca.pt\/wp-content\/uploads\/dinamica-1.png","contentUrl":"https:\/\/iacrianca.pt\/wp-content\/uploads\/dinamica-1.png","width":1145,"height":637},{"@type":"BreadcrumbList","@id":"https:\/\/iacrianca.pt\/en\/2026\/01\/dinamica-dos-projetos-multidisciplinares-da-escola-de-segunda-oportunidade-e20\/#breadcrumb","itemListElement":[{"@type":"ListItem","position":1,"name":"In\u00edcio","item":"https:\/\/iacrianca.pt\/en\/"},{"@type":"ListItem","position":2,"name":"Din\u00e2mica dos Projetos Multidisciplinares da Escola de Segunda Oportunidade (E20)"}]},{"@type":"WebSite","@id":"https:\/\/iacrianca.pt\/en\/#website","url":"https:\/\/iacrianca.pt\/en\/","name":"Instituto de Apoio \u00e0 Crian\u00e7a","description":"Desde 1983 na defesa e promo\u00e7\u00e3o dos direitos da crian\u00e7a","publisher":{"@id":"https:\/\/iacrianca.pt\/en\/#organization"},"potentialAction":[{"@type":"SearchAction","target":{"@type":"EntryPoint","urlTemplate":"https:\/\/iacrianca.pt\/en\/?s={search_term_string}"},"query-input":{"@type":"PropertyValueSpecification","valueRequired":true,"valueName":"search_term_string"}}],"inLanguage":"en-US"},{"@type":"Organization","@id":"https:\/\/iacrianca.pt\/en\/#organization","name":"Instituto de Apoio \u00e0 Crian\u00e7a","url":"https:\/\/iacrianca.pt\/en\/","logo":{"@type":"ImageObject","inLanguage":"en-US","@id":"https:\/\/iacrianca.pt\/en\/#\/schema\/logo\/image\/","url":"https:\/\/iacrianca.pt\/wp-content\/uploads\/2020\/04\/logo-iac-SD.jpg","contentUrl":"https:\/\/iacrianca.pt\/wp-content\/uploads\/2020\/04\/logo-iac-SD.jpg","width":152,"height":73,"caption":"Instituto de Apoio \u00e0 Crian\u00e7a"},"image":{"@id":"https:\/\/iacrianca.pt\/en\/#\/schema\/logo\/image\/"},"sameAs":["https:\/\/www.facebook.com\/iacinstitutodeapoioacrianca","https:\/\/x.com\/iacapoiocrianca","https:\/\/www.youtube.com\/channel\/UC0jjfZ_xkN_59gJf_RQ-ZnQ","https:\/\/www.linkedin.com\/company\/instituto-de-apoio--criana\/","https:\/\/www.instagram.com\/iacinstitutodeapoioacrianca\/","https:\/\/criancasatortoeadireitos.wordpress.com\/"]},{"@type":"Person","@id":"https:\/\/iacrianca.pt\/en\/#\/schema\/person\/1c48c6e4b70d0dc7360e4b28ceaa5f6b","name":"Administra\u00e7\u00e3o IAC","image":{"@type":"ImageObject","inLanguage":"en-US","@id":"https:\/\/secure.gravatar.com\/avatar\/60b998c71de37dcc1398fc6d48c6b5ed7533e3ceec837c948055f072e3158ff1?s=96&d=mm&r=g","url":"https:\/\/secure.gravatar.com\/avatar\/60b998c71de37dcc1398fc6d48c6b5ed7533e3ceec837c948055f072e3158ff1?s=96&d=mm&r=g","contentUrl":"https:\/\/secure.gravatar.com\/avatar\/60b998c71de37dcc1398fc6d48c6b5ed7533e3ceec837c948055f072e3158ff1?s=96&d=mm&r=g","caption":"Administra\u00e7\u00e3o IAC"}}]}},"_links":{"self":[{"href":"https:\/\/iacrianca.pt\/en\/wp-json\/wp\/v2\/posts\/27621","targetHints":{"allow":["GET"]}}],"collection":[{"href":"https:\/\/iacrianca.pt\/en\/wp-json\/wp\/v2\/posts"}],"about":[{"href":"https:\/\/iacrianca.pt\/en\/wp-json\/wp\/v2\/types\/post"}],"author":[{"embeddable":true,"href":"https:\/\/iacrianca.pt\/en\/wp-json\/wp\/v2\/users\/2"}],"replies":[{"embeddable":true,"href":"https:\/\/iacrianca.pt\/en\/wp-json\/wp\/v2\/comments?post=27621"}],"version-history":[{"count":0,"href":"https:\/\/iacrianca.pt\/en\/wp-json\/wp\/v2\/posts\/27621\/revisions"}],"wp:featuredmedia":[{"embeddable":true,"href":"https:\/\/iacrianca.pt\/en\/wp-json\/wp\/v2\/media\/27624"}],"wp:attachment":[{"href":"https:\/\/iacrianca.pt\/en\/wp-json\/wp\/v2\/media?parent=27621"}],"wp:term":[{"taxonomy":"category","embeddable":true,"href":"https:\/\/iacrianca.pt\/en\/wp-json\/wp\/v2\/categories?post=27621"},{"taxonomy":"post_tag","embeddable":true,"href":"https:\/\/iacrianca.pt\/en\/wp-json\/wp\/v2\/tags?post=27621"}],"curies":[{"name":"wp","href":"https:\/\/api.w.org\/{rel}","templated":true}]}}