{"id":27668,"date":"2026-01-07T16:28:02","date_gmt":"2026-01-07T16:28:02","guid":{"rendered":"https:\/\/iacrianca.pt\/?p=27668"},"modified":"2026-01-08T15:14:34","modified_gmt":"2026-01-08T15:14:34","slug":"iniciativas-solidarias-de-natal","status":"publish","type":"post","link":"https:\/\/iacrianca.pt\/en\/2026\/01\/iniciativas-solidarias-de-natal\/","title":{"rendered":"Iniciativas solid\u00e1rias de Natal\u00a0"},"content":{"rendered":"<p><span data-olk-copy-source=\"MessageBody\">Este Natal foram muitas as organiza\u00e7\u00f5es que tiveram a generosidade de proporcionar momentos m\u00e1gicos \u00e0s crian\u00e7as, jovens e fam\u00edlias acompanhadas pelo IAC, seja atrav\u00e9s da sua participa\u00e7\u00e3o em eventos natal\u00edcios, recolhas de bens alimentares e de higiene, oferta de presentes ou promo\u00e7\u00e3o de iniciativas solid\u00e1rias. Em nome de todos, o IAC agradece \u00e0\u00a0<\/span><a href=\"https:\/\/www.jf-avenidasnovas.pt\/\">Junta Freguesia de Avenidas Novas<\/a>, ao <a href=\"https:\/\/www.bancobpi.pt\/particulares\">Banco BPI<\/a>, \u00e0 <a href=\"https:\/\/kpmg.com\/pt\/pt\/contactos.html\">KPMG<\/a>, \u00e0 <a href=\"https:\/\/grupobrisa.pt\/\">Brisa<\/a>, ao\u00a0T<a href=\"https:\/\/teatroaberto.com\/\">eatro Aberto<\/a>, \u00e0\u00a0<a href=\"https:\/\/criticalsoftware.com\/pt\">Critical Software<\/a>, \u00e0 <a href=\"https:\/\/www.vanderlande.com\/\">Vanderlande Logistics<\/a>, \u00e0 <a href=\"https:\/\/gllp.pt\/\">Grande Loja Legal de Portugal \/ Grande Loja Regular de Portugal<\/a>, \u00e0 <a href=\"https:\/\/remax.pt\/pt\/agencia\/remax-time\/12451\">Remax Maxgroup TIME<\/a>, ao<a href=\"https:\/\/www.melia.com\/pt\/hoteis\/portugal\/lisboa\/me-lisbon\"> Hotel Meli\u00e1 ME Lisbon<\/a>, \u00e0 <a href=\"https:\/\/www.facebook.com\/PiscinaValeFundao\/?locale=pt_PT\">Piscina Municipal de Vale Fund\u00e3o do Clube Oriental de Lisboa<\/a>, \u00e0 <a href=\"https:\/\/www.guerin.pt\/pt\/\">Guerin<\/a>, \u00e0 <a href=\"https:\/\/caixinhadebeleza.webnode.pt\/\">Caixinha de Beleza<\/a>, \u00e0 <a href=\"https:\/\/moongy.group\/pt\/\">Moongy,<\/a> \u00e0<a href=\"https:\/\/www.fundacaogalp.com\/pt\/\"> Funda\u00e7\u00e3o Galp<\/a> e aos <a href=\"https:\/\/turim-hotels.com\/\">Hot\u00e9is Turim<\/a>.<\/p>\n<p><img fetchpriority=\"high\" decoding=\"async\" class=\"alignnone wp-image-27671 size-full\" src=\"https:\/\/iacrianca.pt\/wp-content\/uploads\/concerto4.jpeg\" alt=\"\" width=\"1200\" height=\"1600\" srcset=\"https:\/\/iacrianca.pt\/wp-content\/uploads\/concerto4.jpeg 1200w, https:\/\/iacrianca.pt\/wp-content\/uploads\/concerto4-225x300.jpeg 225w, https:\/\/iacrianca.pt\/wp-content\/uploads\/concerto4-768x1024.jpeg 768w, https:\/\/iacrianca.pt\/wp-content\/uploads\/concerto4-1152x1536.jpeg 1152w\" sizes=\"(max-width: 1200px) 100vw, 1200px\" \/> <img decoding=\"async\" class=\"alignnone wp-image-27673 size-full\" src=\"https:\/\/iacrianca.pt\/wp-content\/uploads\/whatsapp-image-2026-01-07-at-143322-scaled.jpeg\" alt=\"\" width=\"2560\" height=\"1920\" srcset=\"https:\/\/iacrianca.pt\/wp-content\/uploads\/whatsapp-image-2026-01-07-at-143322-scaled.jpeg 2560w, https:\/\/iacrianca.pt\/wp-content\/uploads\/whatsapp-image-2026-01-07-at-143322-300x225.jpeg 300w, https:\/\/iacrianca.pt\/wp-content\/uploads\/whatsapp-image-2026-01-07-at-143322-1024x768.jpeg 1024w, https:\/\/iacrianca.pt\/wp-content\/uploads\/whatsapp-image-2026-01-07-at-143322-768x576.jpeg 768w, https:\/\/iacrianca.pt\/wp-content\/uploads\/whatsapp-image-2026-01-07-at-143322-1536x1152.jpeg 1536w, https:\/\/iacrianca.pt\/wp-content\/uploads\/whatsapp-image-2026-01-07-at-143322-2048x1536.jpeg 2048w\" sizes=\"(max-width: 2560px) 100vw, 2560px\" \/> <img decoding=\"async\" class=\"alignnone wp-image-27675 size-full\" src=\"https:\/\/iacrianca.pt\/wp-content\/uploads\/whatsapp-image-2026-01-07-at-143347.jpeg\" alt=\"\" width=\"1200\" height=\"1600\" srcset=\"https:\/\/iacrianca.pt\/wp-content\/uploads\/whatsapp-image-2026-01-07-at-143347.jpeg 1200w, https:\/\/iacrianca.pt\/wp-content\/uploads\/whatsapp-image-2026-01-07-at-143347-225x300.jpeg 225w, https:\/\/iacrianca.pt\/wp-content\/uploads\/whatsapp-image-2026-01-07-at-143347-768x1024.jpeg 768w, https:\/\/iacrianca.pt\/wp-content\/uploads\/whatsapp-image-2026-01-07-at-143347-1152x1536.jpeg 1152w\" sizes=\"(max-width: 1200px) 100vw, 1200px\" \/> <img loading=\"lazy\" decoding=\"async\" class=\"alignnone wp-image-27677 size-full\" src=\"https:\/\/iacrianca.pt\/wp-content\/uploads\/whatsapp-image-2026-01-07-at-143411.jpeg\" alt=\"\" width=\"1200\" height=\"1600\" srcset=\"https:\/\/iacrianca.pt\/wp-content\/uploads\/whatsapp-image-2026-01-07-at-143411.jpeg 1200w, https:\/\/iacrianca.pt\/wp-content\/uploads\/whatsapp-image-2026-01-07-at-143411-225x300.jpeg 225w, https:\/\/iacrianca.pt\/wp-content\/uploads\/whatsapp-image-2026-01-07-at-143411-768x1024.jpeg 768w, https:\/\/iacrianca.pt\/wp-content\/uploads\/whatsapp-image-2026-01-07-at-143411-1152x1536.jpeg 1152w\" sizes=\"(max-width: 1200px) 100vw, 1200px\" \/> <img loading=\"lazy\" decoding=\"async\" class=\"alignnone wp-image-27679 size-full\" src=\"https:\/\/iacrianca.pt\/wp-content\/uploads\/whatsapp-image-2026-01-07-at-143513.jpeg\" alt=\"\" width=\"1600\" height=\"1200\" srcset=\"https:\/\/iacrianca.pt\/wp-content\/uploads\/whatsapp-image-2026-01-07-at-143513.jpeg 1600w, https:\/\/iacrianca.pt\/wp-content\/uploads\/whatsapp-image-2026-01-07-at-143513-300x225.jpeg 300w, https:\/\/iacrianca.pt\/wp-content\/uploads\/whatsapp-image-2026-01-07-at-143513-1024x768.jpeg 1024w, https:\/\/iacrianca.pt\/wp-content\/uploads\/whatsapp-image-2026-01-07-at-143513-768x576.jpeg 768w, https:\/\/iacrianca.pt\/wp-content\/uploads\/whatsapp-image-2026-01-07-at-143513-1536x1152.jpeg 1536w\" sizes=\"(max-width: 1600px) 100vw, 1600px\" \/><\/p>\n<p><img loading=\"lazy\" decoding=\"async\" class=\"alignnone wp-image-27683 size-full\" src=\"https:\/\/iacrianca.pt\/wp-content\/uploads\/moogy.jpeg\" alt=\"\" width=\"1600\" height=\"1200\" srcset=\"https:\/\/iacrianca.pt\/wp-content\/uploads\/moogy.jpeg 1600w, https:\/\/iacrianca.pt\/wp-content\/uploads\/moogy-300x225.jpeg 300w, https:\/\/iacrianca.pt\/wp-content\/uploads\/moogy-1024x768.jpeg 1024w, https:\/\/iacrianca.pt\/wp-content\/uploads\/moogy-768x576.jpeg 768w, https:\/\/iacrianca.pt\/wp-content\/uploads\/moogy-1536x1152.jpeg 1536w\" sizes=\"(max-width: 1600px) 100vw, 1600px\" \/><\/p>\n<p><img loading=\"lazy\" decoding=\"async\" class=\"alignnone wp-image-27688 size-full\" src=\"https:\/\/iacrianca.pt\/wp-content\/uploads\/banco-prendas.jpeg\" alt=\"\" width=\"1200\" height=\"1600\" srcset=\"https:\/\/iacrianca.pt\/wp-content\/uploads\/banco-prendas.jpeg 1200w, https:\/\/iacrianca.pt\/wp-content\/uploads\/banco-prendas-225x300.jpeg 225w, https:\/\/iacrianca.pt\/wp-content\/uploads\/banco-prendas-768x1024.jpeg 768w, https:\/\/iacrianca.pt\/wp-content\/uploads\/banco-prendas-1152x1536.jpeg 1152w\" sizes=\"(max-width: 1200px) 100vw, 1200px\" \/><\/p>\n<p><img loading=\"lazy\" decoding=\"async\" class=\"alignnone wp-image-27691 size-full\" src=\"https:\/\/iacrianca.pt\/wp-content\/uploads\/arvore.jpeg\" alt=\"\" width=\"1536\" height=\"2048\" srcset=\"https:\/\/iacrianca.pt\/wp-content\/uploads\/arvore.jpeg 1536w, https:\/\/iacrianca.pt\/wp-content\/uploads\/arvore-225x300.jpeg 225w, https:\/\/iacrianca.pt\/wp-content\/uploads\/arvore-768x1024.jpeg 768w, https:\/\/iacrianca.pt\/wp-content\/uploads\/arvore-1152x1536.jpeg 1152w\" sizes=\"(max-width: 1536px) 100vw, 1536px\" \/><\/p>\n<p><img loading=\"lazy\" decoding=\"async\" class=\"alignnone wp-image-27694 size-full\" src=\"https:\/\/iacrianca.pt\/wp-content\/uploads\/natal2-1.jpg\" alt=\"\" width=\"1036\" height=\"574\" srcset=\"https:\/\/iacrianca.pt\/wp-content\/uploads\/natal2-1.jpg 1036w, https:\/\/iacrianca.pt\/wp-content\/uploads\/natal2-1-300x166.jpg 300w, https:\/\/iacrianca.pt\/wp-content\/uploads\/natal2-1-1024x567.jpg 1024w, https:\/\/iacrianca.pt\/wp-content\/uploads\/natal2-1-768x426.jpg 768w\" sizes=\"(max-width: 1036px) 100vw, 1036px\" \/> <img loading=\"lazy\" decoding=\"async\" class=\"alignnone wp-image-27696 size-full\" src=\"https:\/\/iacrianca.pt\/wp-content\/uploads\/natal3.jpg\" alt=\"\" width=\"1029\" height=\"575\" srcset=\"https:\/\/iacrianca.pt\/wp-content\/uploads\/natal3.jpg 1029w, https:\/\/iacrianca.pt\/wp-content\/uploads\/natal3-300x168.jpg 300w, https:\/\/iacrianca.pt\/wp-content\/uploads\/natal3-1024x572.jpg 1024w, https:\/\/iacrianca.pt\/wp-content\/uploads\/natal3-768x429.jpg 768w\" sizes=\"(max-width: 1029px) 100vw, 1029px\" \/><\/p>\n","protected":false},"excerpt":{"rendered":"<p>Este Natal foram muitas as organiza\u00e7\u00f5es que tiveram a generosidade de proporcionar momentos m\u00e1gicos \u00e0s crian\u00e7as, jovens e fam\u00edlias acompanhadas pelo IAC, seja atrav\u00e9s da sua participa\u00e7\u00e3o em eventos natal\u00edcios, recolhas de bens alimentares e de higiene, oferta de presentes ou promo\u00e7\u00e3o de iniciativas solid\u00e1rias. Em nome de todos, o IAC agradece \u00e0\u00a0Junta Freguesia de&hellip;<\/p>\n","protected":false},"author":2,"featured_media":27669,"comment_status":"closed","ping_status":"closed","sticky":false,"template":"","format":"standard","meta":{"_acf_changed":false,"footnotes":""},"categories":[63],"tags":[],"class_list":["post-27668","post","type-post","status-publish","format-standard","has-post-thumbnail","hentry","category-newsletter","category-63","description-off"],"acf":[],"yoast_head":"<!-- This site is optimized with the Yoast SEO plugin v27.5 - https:\/\/yoast.com\/product\/yoast-seo-wordpress\/ -->\n<title>Iniciativas solid\u00e1rias de Natal\u00a0 | Instituto de Apoio \u00e0 Crian\u00e7a<\/title>\n<meta name=\"robots\" content=\"index, follow, max-snippet:-1, max-image-preview:large, max-video-preview:-1\" \/>\n<link rel=\"canonical\" href=\"https:\/\/iacrianca.pt\/en\/2026\/01\/iniciativas-solidarias-de-natal\/\" \/>\n<meta property=\"og:locale\" content=\"en_US\" \/>\n<meta property=\"og:type\" content=\"article\" \/>\n<meta property=\"og:title\" content=\"Iniciativas solid\u00e1rias de Natal\u00a0 | Instituto de Apoio \u00e0 Crian\u00e7a\" \/>\n<meta property=\"og:description\" content=\"Este Natal foram muitas as organiza\u00e7\u00f5es que tiveram a generosidade de proporcionar momentos m\u00e1gicos \u00e0s crian\u00e7as, jovens e fam\u00edlias acompanhadas pelo IAC, seja atrav\u00e9s da sua participa\u00e7\u00e3o em eventos natal\u00edcios, recolhas de bens alimentares e de higiene, oferta de presentes ou promo\u00e7\u00e3o de iniciativas solid\u00e1rias. Em nome de todos, o IAC agradece \u00e0\u00a0Junta Freguesia de&hellip;\" \/>\n<meta property=\"og:url\" content=\"https:\/\/iacrianca.pt\/en\/2026\/01\/iniciativas-solidarias-de-natal\/\" \/>\n<meta property=\"og:site_name\" content=\"Instituto de Apoio \u00e0 Crian\u00e7a\" \/>\n<meta property=\"article:publisher\" content=\"https:\/\/www.facebook.com\/iacinstitutodeapoioacrianca\" \/>\n<meta property=\"article:published_time\" content=\"2026-01-07T16:28:02+00:00\" \/>\n<meta property=\"article:modified_time\" content=\"2026-01-08T15:14:34+00:00\" \/>\n<meta property=\"og:image\" content=\"https:\/\/iacrianca.pt\/wp-content\/uploads\/concerto3.jpeg\" \/>\n\t<meta property=\"og:image:width\" content=\"1600\" \/>\n\t<meta property=\"og:image:height\" content=\"1200\" \/>\n\t<meta property=\"og:image:type\" content=\"image\/jpeg\" \/>\n<meta name=\"author\" content=\"Administra\u00e7\u00e3o IAC\" \/>\n<meta name=\"twitter:card\" content=\"summary_large_image\" \/>\n<meta name=\"twitter:creator\" content=\"@iacapoiocrianca\" \/>\n<meta name=\"twitter:site\" content=\"@iacapoiocrianca\" \/>\n<meta name=\"twitter:label1\" content=\"Written by\" \/>\n\t<meta name=\"twitter:data1\" content=\"Administra\u00e7\u00e3o IAC\" \/>\n\t<meta name=\"twitter:label2\" content=\"Est. reading time\" \/>\n\t<meta name=\"twitter:data2\" content=\"3 minutes\" \/>\n<script type=\"application\/ld+json\" class=\"yoast-schema-graph\">{\"@context\":\"https:\\\/\\\/schema.org\",\"@graph\":[{\"@type\":\"Article\",\"@id\":\"https:\\\/\\\/iacrianca.pt\\\/en\\\/2026\\\/01\\\/iniciativas-solidarias-de-natal\\\/#article\",\"isPartOf\":{\"@id\":\"https:\\\/\\\/iacrianca.pt\\\/en\\\/2026\\\/01\\\/iniciativas-solidarias-de-natal\\\/\"},\"author\":{\"name\":\"Administra\u00e7\u00e3o IAC\",\"@id\":\"https:\\\/\\\/iacrianca.pt\\\/en\\\/#\\\/schema\\\/person\\\/1c48c6e4b70d0dc7360e4b28ceaa5f6b\"},\"headline\":\"Iniciativas solid\u00e1rias de Natal\u00a0\",\"datePublished\":\"2026-01-07T16:28:02+00:00\",\"dateModified\":\"2026-01-08T15:14:34+00:00\",\"mainEntityOfPage\":{\"@id\":\"https:\\\/\\\/iacrianca.pt\\\/en\\\/2026\\\/01\\\/iniciativas-solidarias-de-natal\\\/\"},\"wordCount\":125,\"publisher\":{\"@id\":\"https:\\\/\\\/iacrianca.pt\\\/en\\\/#organization\"},\"image\":{\"@id\":\"https:\\\/\\\/iacrianca.pt\\\/en\\\/2026\\\/01\\\/iniciativas-solidarias-de-natal\\\/#primaryimage\"},\"thumbnailUrl\":\"https:\\\/\\\/iacrianca.pt\\\/wp-content\\\/uploads\\\/concerto3.jpeg\",\"articleSection\":[\"Newsletter\"],\"inLanguage\":\"en-US\"},{\"@type\":\"WebPage\",\"@id\":\"https:\\\/\\\/iacrianca.pt\\\/en\\\/2026\\\/01\\\/iniciativas-solidarias-de-natal\\\/\",\"url\":\"https:\\\/\\\/iacrianca.pt\\\/en\\\/2026\\\/01\\\/iniciativas-solidarias-de-natal\\\/\",\"name\":\"Iniciativas solid\u00e1rias de Natal\u00a0 | Instituto de Apoio \u00e0 Crian\u00e7a\",\"isPartOf\":{\"@id\":\"https:\\\/\\\/iacrianca.pt\\\/en\\\/#website\"},\"primaryImageOfPage\":{\"@id\":\"https:\\\/\\\/iacrianca.pt\\\/en\\\/2026\\\/01\\\/iniciativas-solidarias-de-natal\\\/#primaryimage\"},\"image\":{\"@id\":\"https:\\\/\\\/iacrianca.pt\\\/en\\\/2026\\\/01\\\/iniciativas-solidarias-de-natal\\\/#primaryimage\"},\"thumbnailUrl\":\"https:\\\/\\\/iacrianca.pt\\\/wp-content\\\/uploads\\\/concerto3.jpeg\",\"datePublished\":\"2026-01-07T16:28:02+00:00\",\"dateModified\":\"2026-01-08T15:14:34+00:00\",\"breadcrumb\":{\"@id\":\"https:\\\/\\\/iacrianca.pt\\\/en\\\/2026\\\/01\\\/iniciativas-solidarias-de-natal\\\/#breadcrumb\"},\"inLanguage\":\"en-US\",\"potentialAction\":[{\"@type\":\"ReadAction\",\"target\":[\"https:\\\/\\\/iacrianca.pt\\\/en\\\/2026\\\/01\\\/iniciativas-solidarias-de-natal\\\/\"]}]},{\"@type\":\"ImageObject\",\"inLanguage\":\"en-US\",\"@id\":\"https:\\\/\\\/iacrianca.pt\\\/en\\\/2026\\\/01\\\/iniciativas-solidarias-de-natal\\\/#primaryimage\",\"url\":\"https:\\\/\\\/iacrianca.pt\\\/wp-content\\\/uploads\\\/concerto3.jpeg\",\"contentUrl\":\"https:\\\/\\\/iacrianca.pt\\\/wp-content\\\/uploads\\\/concerto3.jpeg\",\"width\":1600,\"height\":1200},{\"@type\":\"BreadcrumbList\",\"@id\":\"https:\\\/\\\/iacrianca.pt\\\/en\\\/2026\\\/01\\\/iniciativas-solidarias-de-natal\\\/#breadcrumb\",\"itemListElement\":[{\"@type\":\"ListItem\",\"position\":1,\"name\":\"In\u00edcio\",\"item\":\"https:\\\/\\\/iacrianca.pt\\\/en\\\/\"},{\"@type\":\"ListItem\",\"position\":2,\"name\":\"Iniciativas solid\u00e1rias de Natal\u00a0\"}]},{\"@type\":\"WebSite\",\"@id\":\"https:\\\/\\\/iacrianca.pt\\\/en\\\/#website\",\"url\":\"https:\\\/\\\/iacrianca.pt\\\/en\\\/\",\"name\":\"Instituto de Apoio \u00e0 Crian\u00e7a\",\"description\":\"Desde 1983 na defesa e promo\u00e7\u00e3o dos direitos da crian\u00e7a\",\"publisher\":{\"@id\":\"https:\\\/\\\/iacrianca.pt\\\/en\\\/#organization\"},\"potentialAction\":[{\"@type\":\"SearchAction\",\"target\":{\"@type\":\"EntryPoint\",\"urlTemplate\":\"https:\\\/\\\/iacrianca.pt\\\/en\\\/?s={search_term_string}\"},\"query-input\":{\"@type\":\"PropertyValueSpecification\",\"valueRequired\":true,\"valueName\":\"search_term_string\"}}],\"inLanguage\":\"en-US\"},{\"@type\":\"Organization\",\"@id\":\"https:\\\/\\\/iacrianca.pt\\\/en\\\/#organization\",\"name\":\"Instituto de Apoio \u00e0 Crian\u00e7a\",\"url\":\"https:\\\/\\\/iacrianca.pt\\\/en\\\/\",\"logo\":{\"@type\":\"ImageObject\",\"inLanguage\":\"en-US\",\"@id\":\"https:\\\/\\\/iacrianca.pt\\\/en\\\/#\\\/schema\\\/logo\\\/image\\\/\",\"url\":\"https:\\\/\\\/iacrianca.pt\\\/wp-content\\\/uploads\\\/2020\\\/04\\\/logo-iac-SD.jpg\",\"contentUrl\":\"https:\\\/\\\/iacrianca.pt\\\/wp-content\\\/uploads\\\/2020\\\/04\\\/logo-iac-SD.jpg\",\"width\":152,\"height\":73,\"caption\":\"Instituto de Apoio \u00e0 Crian\u00e7a\"},\"image\":{\"@id\":\"https:\\\/\\\/iacrianca.pt\\\/en\\\/#\\\/schema\\\/logo\\\/image\\\/\"},\"sameAs\":[\"https:\\\/\\\/www.facebook.com\\\/iacinstitutodeapoioacrianca\",\"https:\\\/\\\/x.com\\\/iacapoiocrianca\",\"https:\\\/\\\/www.youtube.com\\\/channel\\\/UC0jjfZ_xkN_59gJf_RQ-ZnQ\",\"https:\\\/\\\/www.linkedin.com\\\/company\\\/instituto-de-apoio--criana\\\/\",\"https:\\\/\\\/www.instagram.com\\\/iacinstitutodeapoioacrianca\\\/\",\"https:\\\/\\\/criancasatortoeadireitos.wordpress.com\\\/\"]},{\"@type\":\"Person\",\"@id\":\"https:\\\/\\\/iacrianca.pt\\\/en\\\/#\\\/schema\\\/person\\\/1c48c6e4b70d0dc7360e4b28ceaa5f6b\",\"name\":\"Administra\u00e7\u00e3o IAC\",\"image\":{\"@type\":\"ImageObject\",\"inLanguage\":\"en-US\",\"@id\":\"https:\\\/\\\/secure.gravatar.com\\\/avatar\\\/60b998c71de37dcc1398fc6d48c6b5ed7533e3ceec837c948055f072e3158ff1?s=96&d=mm&r=g\",\"url\":\"https:\\\/\\\/secure.gravatar.com\\\/avatar\\\/60b998c71de37dcc1398fc6d48c6b5ed7533e3ceec837c948055f072e3158ff1?s=96&d=mm&r=g\",\"contentUrl\":\"https:\\\/\\\/secure.gravatar.com\\\/avatar\\\/60b998c71de37dcc1398fc6d48c6b5ed7533e3ceec837c948055f072e3158ff1?s=96&d=mm&r=g\",\"caption\":\"Administra\u00e7\u00e3o IAC\"}}]}<\/script>\n<!-- \/ Yoast SEO plugin. -->","yoast_head_json":{"title":"Iniciativas solid\u00e1rias de Natal\u00a0 | Instituto de Apoio \u00e0 Crian\u00e7a","robots":{"index":"index","follow":"follow","max-snippet":"max-snippet:-1","max-image-preview":"max-image-preview:large","max-video-preview":"max-video-preview:-1"},"canonical":"https:\/\/iacrianca.pt\/en\/2026\/01\/iniciativas-solidarias-de-natal\/","og_locale":"en_US","og_type":"article","og_title":"Iniciativas solid\u00e1rias de Natal\u00a0 | Instituto de Apoio \u00e0 Crian\u00e7a","og_description":"Este Natal foram muitas as organiza\u00e7\u00f5es que tiveram a generosidade de proporcionar momentos m\u00e1gicos \u00e0s crian\u00e7as, jovens e fam\u00edlias acompanhadas pelo IAC, seja atrav\u00e9s da sua participa\u00e7\u00e3o em eventos natal\u00edcios, recolhas de bens alimentares e de higiene, oferta de presentes ou promo\u00e7\u00e3o de iniciativas solid\u00e1rias. Em nome de todos, o IAC agradece \u00e0\u00a0Junta Freguesia de&hellip;","og_url":"https:\/\/iacrianca.pt\/en\/2026\/01\/iniciativas-solidarias-de-natal\/","og_site_name":"Instituto de Apoio \u00e0 Crian\u00e7a","article_publisher":"https:\/\/www.facebook.com\/iacinstitutodeapoioacrianca","article_published_time":"2026-01-07T16:28:02+00:00","article_modified_time":"2026-01-08T15:14:34+00:00","og_image":[{"width":1600,"height":1200,"url":"https:\/\/iacrianca.pt\/wp-content\/uploads\/concerto3.jpeg","type":"image\/jpeg"}],"author":"Administra\u00e7\u00e3o IAC","twitter_card":"summary_large_image","twitter_creator":"@iacapoiocrianca","twitter_site":"@iacapoiocrianca","twitter_misc":{"Written by":"Administra\u00e7\u00e3o IAC","Est. reading time":"3 minutes"},"schema":{"@context":"https:\/\/schema.org","@graph":[{"@type":"Article","@id":"https:\/\/iacrianca.pt\/en\/2026\/01\/iniciativas-solidarias-de-natal\/#article","isPartOf":{"@id":"https:\/\/iacrianca.pt\/en\/2026\/01\/iniciativas-solidarias-de-natal\/"},"author":{"name":"Administra\u00e7\u00e3o IAC","@id":"https:\/\/iacrianca.pt\/en\/#\/schema\/person\/1c48c6e4b70d0dc7360e4b28ceaa5f6b"},"headline":"Iniciativas solid\u00e1rias de Natal\u00a0","datePublished":"2026-01-07T16:28:02+00:00","dateModified":"2026-01-08T15:14:34+00:00","mainEntityOfPage":{"@id":"https:\/\/iacrianca.pt\/en\/2026\/01\/iniciativas-solidarias-de-natal\/"},"wordCount":125,"publisher":{"@id":"https:\/\/iacrianca.pt\/en\/#organization"},"image":{"@id":"https:\/\/iacrianca.pt\/en\/2026\/01\/iniciativas-solidarias-de-natal\/#primaryimage"},"thumbnailUrl":"https:\/\/iacrianca.pt\/wp-content\/uploads\/concerto3.jpeg","articleSection":["Newsletter"],"inLanguage":"en-US"},{"@type":"WebPage","@id":"https:\/\/iacrianca.pt\/en\/2026\/01\/iniciativas-solidarias-de-natal\/","url":"https:\/\/iacrianca.pt\/en\/2026\/01\/iniciativas-solidarias-de-natal\/","name":"Iniciativas solid\u00e1rias de Natal\u00a0 | Instituto de Apoio \u00e0 Crian\u00e7a","isPartOf":{"@id":"https:\/\/iacrianca.pt\/en\/#website"},"primaryImageOfPage":{"@id":"https:\/\/iacrianca.pt\/en\/2026\/01\/iniciativas-solidarias-de-natal\/#primaryimage"},"image":{"@id":"https:\/\/iacrianca.pt\/en\/2026\/01\/iniciativas-solidarias-de-natal\/#primaryimage"},"thumbnailUrl":"https:\/\/iacrianca.pt\/wp-content\/uploads\/concerto3.jpeg","datePublished":"2026-01-07T16:28:02+00:00","dateModified":"2026-01-08T15:14:34+00:00","breadcrumb":{"@id":"https:\/\/iacrianca.pt\/en\/2026\/01\/iniciativas-solidarias-de-natal\/#breadcrumb"},"inLanguage":"en-US","potentialAction":[{"@type":"ReadAction","target":["https:\/\/iacrianca.pt\/en\/2026\/01\/iniciativas-solidarias-de-natal\/"]}]},{"@type":"ImageObject","inLanguage":"en-US","@id":"https:\/\/iacrianca.pt\/en\/2026\/01\/iniciativas-solidarias-de-natal\/#primaryimage","url":"https:\/\/iacrianca.pt\/wp-content\/uploads\/concerto3.jpeg","contentUrl":"https:\/\/iacrianca.pt\/wp-content\/uploads\/concerto3.jpeg","width":1600,"height":1200},{"@type":"BreadcrumbList","@id":"https:\/\/iacrianca.pt\/en\/2026\/01\/iniciativas-solidarias-de-natal\/#breadcrumb","itemListElement":[{"@type":"ListItem","position":1,"name":"In\u00edcio","item":"https:\/\/iacrianca.pt\/en\/"},{"@type":"ListItem","position":2,"name":"Iniciativas solid\u00e1rias de Natal\u00a0"}]},{"@type":"WebSite","@id":"https:\/\/iacrianca.pt\/en\/#website","url":"https:\/\/iacrianca.pt\/en\/","name":"Instituto de Apoio \u00e0 Crian\u00e7a","description":"Desde 1983 na defesa e promo\u00e7\u00e3o dos direitos da crian\u00e7a","publisher":{"@id":"https:\/\/iacrianca.pt\/en\/#organization"},"potentialAction":[{"@type":"SearchAction","target":{"@type":"EntryPoint","urlTemplate":"https:\/\/iacrianca.pt\/en\/?s={search_term_string}"},"query-input":{"@type":"PropertyValueSpecification","valueRequired":true,"valueName":"search_term_string"}}],"inLanguage":"en-US"},{"@type":"Organization","@id":"https:\/\/iacrianca.pt\/en\/#organization","name":"Instituto de Apoio \u00e0 Crian\u00e7a","url":"https:\/\/iacrianca.pt\/en\/","logo":{"@type":"ImageObject","inLanguage":"en-US","@id":"https:\/\/iacrianca.pt\/en\/#\/schema\/logo\/image\/","url":"https:\/\/iacrianca.pt\/wp-content\/uploads\/2020\/04\/logo-iac-SD.jpg","contentUrl":"https:\/\/iacrianca.pt\/wp-content\/uploads\/2020\/04\/logo-iac-SD.jpg","width":152,"height":73,"caption":"Instituto de Apoio \u00e0 Crian\u00e7a"},"image":{"@id":"https:\/\/iacrianca.pt\/en\/#\/schema\/logo\/image\/"},"sameAs":["https:\/\/www.facebook.com\/iacinstitutodeapoioacrianca","https:\/\/x.com\/iacapoiocrianca","https:\/\/www.youtube.com\/channel\/UC0jjfZ_xkN_59gJf_RQ-ZnQ","https:\/\/www.linkedin.com\/company\/instituto-de-apoio--criana\/","https:\/\/www.instagram.com\/iacinstitutodeapoioacrianca\/","https:\/\/criancasatortoeadireitos.wordpress.com\/"]},{"@type":"Person","@id":"https:\/\/iacrianca.pt\/en\/#\/schema\/person\/1c48c6e4b70d0dc7360e4b28ceaa5f6b","name":"Administra\u00e7\u00e3o IAC","image":{"@type":"ImageObject","inLanguage":"en-US","@id":"https:\/\/secure.gravatar.com\/avatar\/60b998c71de37dcc1398fc6d48c6b5ed7533e3ceec837c948055f072e3158ff1?s=96&d=mm&r=g","url":"https:\/\/secure.gravatar.com\/avatar\/60b998c71de37dcc1398fc6d48c6b5ed7533e3ceec837c948055f072e3158ff1?s=96&d=mm&r=g","contentUrl":"https:\/\/secure.gravatar.com\/avatar\/60b998c71de37dcc1398fc6d48c6b5ed7533e3ceec837c948055f072e3158ff1?s=96&d=mm&r=g","caption":"Administra\u00e7\u00e3o IAC"}}]}},"_links":{"self":[{"href":"https:\/\/iacrianca.pt\/en\/wp-json\/wp\/v2\/posts\/27668","targetHints":{"allow":["GET"]}}],"collection":[{"href":"https:\/\/iacrianca.pt\/en\/wp-json\/wp\/v2\/posts"}],"about":[{"href":"https:\/\/iacrianca.pt\/en\/wp-json\/wp\/v2\/types\/post"}],"author":[{"embeddable":true,"href":"https:\/\/iacrianca.pt\/en\/wp-json\/wp\/v2\/users\/2"}],"replies":[{"embeddable":true,"href":"https:\/\/iacrianca.pt\/en\/wp-json\/wp\/v2\/comments?post=27668"}],"version-history":[{"count":0,"href":"https:\/\/iacrianca.pt\/en\/wp-json\/wp\/v2\/posts\/27668\/revisions"}],"wp:featuredmedia":[{"embeddable":true,"href":"https:\/\/iacrianca.pt\/en\/wp-json\/wp\/v2\/media\/27669"}],"wp:attachment":[{"href":"https:\/\/iacrianca.pt\/en\/wp-json\/wp\/v2\/media?parent=27668"}],"wp:term":[{"taxonomy":"category","embeddable":true,"href":"https:\/\/iacrianca.pt\/en\/wp-json\/wp\/v2\/categories?post=27668"},{"taxonomy":"post_tag","embeddable":true,"href":"https:\/\/iacrianca.pt\/en\/wp-json\/wp\/v2\/tags?post=27668"}],"curies":[{"name":"wp","href":"https:\/\/api.w.org\/{rel}","templated":true}]}}