{"id":28048,"date":"2026-03-02T14:33:13","date_gmt":"2026-03-02T14:33:13","guid":{"rendered":"https:\/\/iacrianca.pt\/?p=28048"},"modified":"2026-03-09T13:22:58","modified_gmt":"2026-03-09T13:22:58","slug":"sessao-da-rede-juvenil-crescer-juntos-rjcj","status":"publish","type":"post","link":"https:\/\/iacrianca.pt\/en\/2026\/03\/sessao-da-rede-juvenil-crescer-juntos-rjcj\/","title":{"rendered":"Sess\u00e3o da Rede Juvenil Crescer Juntos (RJCJ)"},"content":{"rendered":"<p>No \u00e2mbito da Rede Juvenil Crescer Juntos (RJCJ), do Polo de Coimbra, subordinado ao tema \u201cOs jovens no mundo atual \u2013 Eu e o Outro\u201d, realizou-se, no passado dia 25 de fevereiro, mais uma sess\u00e3o, desta vez dedicada ao \u201cAtelier das Artes \u2013 Cria\u00e7\u00e3o de uma Pe\u00e7a em Barro\u201d. A atividade decorreu na Casa de Forma\u00e7\u00e3o Crist\u00e3 Rainha Santa e proporcionou \u00e0s crian\u00e7as e jovens um espa\u00e7o seguro e colaborativo de express\u00e3o art\u00edstica e partilha. O quebra-gelo \u201cRoda dos elogios\u201d deu in\u00edcio \u00e0 atividade onde cada jovem escreveu um elogio dirigido a todos os participantes, focando qualidades individuais. Este momento promoveu o reconhecimento positivo, a valoriza\u00e7\u00e3o do outro e o refor\u00e7o da autoestima, num ambiente de respeito e seguran\u00e7a emocional. Seguiu-se outro momento em que atrav\u00e9s do trabalho com o barro, material mold\u00e1vel que simboliza o processo cont\u00ednuo de constru\u00e7\u00e3o da identidade, as crian\u00e7as e jovens foram convidadas a criar uma pe\u00e7a para oferecer a outra colega, tendo em conta as suas caracter\u00edsticas, qualidades e singularidades. Este exerc\u00edcio teve como principais objetivos estimular o autoconhecimento e a consci\u00eancia da identidade pessoal, promover atitudes de respeito, empatia, di\u00e1logo e coopera\u00e7\u00e3o entre pares, bem como desenvolver a capacidade de reconhecer e valorizar as emo\u00e7\u00f5es, caracter\u00edsticas e experi\u00eancias do \u201coutro\u201d, e formas de ver e ser visto. Ao refletirem sobre o que a pessoa representada gostaria de receber, as jovens colocaram-se no lugar do outro, exercitando a empatia e aprofundando o conhecimento m\u00fatuo. A sess\u00e3o procurou, ainda, incentivar a valoriza\u00e7\u00e3o da diversidade de perspetivas e formas de estar, refletir sobre os desafios e oportunidades das rela\u00e7\u00f5es interpessoais nos contextos social, e cultural, e apoiar a constru\u00e7\u00e3o de relacionamentos saud\u00e1veis, com especial aten\u00e7\u00e3o \u00e0 identifica\u00e7\u00e3o de limites pessoais, \u00e0 gest\u00e3o emocional e \u00e0 resolu\u00e7\u00e3o construtiva de conflitos. Ap\u00f3s a constru\u00e7\u00e3o das pe\u00e7as em barro, realizou-se um momento de reflex\u00e3o em grupo. As crian\u00e7as e jovens foram convidadas a partilhar como se sentiram ao representar o \u201coutro\u201d e ao serem representadas, identificando semelhan\u00e7as, diferen\u00e7as e emo\u00e7\u00f5es despertadas ao longo da atividade. Este momento revelou-se particularmente enriquecedor, promovendo o di\u00e1logo aberto, o respeito m\u00fatuo e a aceita\u00e7\u00e3o da diferen\u00e7a. Conclui-se que, quando pensamos no outro com inten\u00e7\u00e3o e cuidado, tamb\u00e9m crescemos enquanto pessoas e que tal como o barro, tamb\u00e9m estamos em constante constru\u00e7\u00e3o, e cada rela\u00e7\u00e3o deixa a sua marca. A sess\u00e3o decorreu num ambiente de envolvimento e criatividade, refor\u00e7ando o compromisso da RJCJ em proporcionar experi\u00eancias significativas que contribuam para o crescimento pessoal e relacional das crian\u00e7as e jovens. Mais uma vez, ficou evidente que \u00e9 na partilha, na escuta e na valoriza\u00e7\u00e3o do outro que se constr\u00f3i um verdadeiro caminho de crescimento conjunto.<\/p>\n<div id=\"attachment_28051\" style=\"width: 2524px\" class=\"wp-caption alignnone\"><img fetchpriority=\"high\" decoding=\"async\" aria-describedby=\"caption-attachment-28051\" class=\"wp-image-28051 size-full\" src=\"https:\/\/iacrianca.pt\/wp-content\/uploads\/rjcj1-1-scaled.jpg\" alt=\"\" width=\"2514\" height=\"2560\" srcset=\"https:\/\/iacrianca.pt\/wp-content\/uploads\/rjcj1-1-scaled.jpg 2514w, https:\/\/iacrianca.pt\/wp-content\/uploads\/rjcj1-1-295x300.jpg 295w, https:\/\/iacrianca.pt\/wp-content\/uploads\/rjcj1-1-1006x1024.jpg 1006w, https:\/\/iacrianca.pt\/wp-content\/uploads\/rjcj1-1-768x782.jpg 768w, https:\/\/iacrianca.pt\/wp-content\/uploads\/rjcj1-1-1509x1536.jpg 1509w, https:\/\/iacrianca.pt\/wp-content\/uploads\/rjcj1-1-2011x2048.jpg 2011w\" sizes=\"(max-width: 2514px) 100vw, 2514px\" \/><p id=\"caption-attachment-28051\" class=\"wp-caption-text\">Oplus_131106<\/p><\/div>\n<div id=\"attachment_28053\" style=\"width: 1930px\" class=\"wp-caption alignnone\"><img decoding=\"async\" aria-describedby=\"caption-attachment-28053\" class=\"wp-image-28053 size-full\" src=\"https:\/\/iacrianca.pt\/wp-content\/uploads\/rjcj3-2-scaled.jpg\" alt=\"\" width=\"1920\" height=\"2560\" srcset=\"https:\/\/iacrianca.pt\/wp-content\/uploads\/rjcj3-2-scaled.jpg 1920w, https:\/\/iacrianca.pt\/wp-content\/uploads\/rjcj3-2-225x300.jpg 225w, https:\/\/iacrianca.pt\/wp-content\/uploads\/rjcj3-2-768x1024.jpg 768w, https:\/\/iacrianca.pt\/wp-content\/uploads\/rjcj3-2-1152x1536.jpg 1152w, https:\/\/iacrianca.pt\/wp-content\/uploads\/rjcj3-2-1536x2048.jpg 1536w\" sizes=\"(max-width: 1920px) 100vw, 1920px\" \/><p id=\"caption-attachment-28053\" class=\"wp-caption-text\">Oplus_131106<\/p><\/div>\n<div id=\"attachment_28055\" style=\"width: 2570px\" class=\"wp-caption alignnone\"><img decoding=\"async\" aria-describedby=\"caption-attachment-28055\" class=\"wp-image-28055 size-full\" src=\"https:\/\/iacrianca.pt\/wp-content\/uploads\/rjcj4-scaled.jpg\" alt=\"\" width=\"2560\" height=\"1920\" srcset=\"https:\/\/iacrianca.pt\/wp-content\/uploads\/rjcj4-scaled.jpg 2560w, https:\/\/iacrianca.pt\/wp-content\/uploads\/rjcj4-300x225.jpg 300w, https:\/\/iacrianca.pt\/wp-content\/uploads\/rjcj4-1024x768.jpg 1024w, https:\/\/iacrianca.pt\/wp-content\/uploads\/rjcj4-768x576.jpg 768w, https:\/\/iacrianca.pt\/wp-content\/uploads\/rjcj4-1536x1152.jpg 1536w, https:\/\/iacrianca.pt\/wp-content\/uploads\/rjcj4-2048x1536.jpg 2048w\" sizes=\"(max-width: 2560px) 100vw, 2560px\" \/><p id=\"caption-attachment-28055\" class=\"wp-caption-text\">oplus_2<\/p><\/div>\n","protected":false},"excerpt":{"rendered":"<p>No \u00e2mbito da Rede Juvenil Crescer Juntos (RJCJ), do Polo de Coimbra, subordinado ao tema \u201cOs jovens no mundo atual \u2013 Eu e o Outro\u201d, realizou-se, no passado dia 25 de fevereiro, mais uma sess\u00e3o, desta vez dedicada ao \u201cAtelier das Artes \u2013 Cria\u00e7\u00e3o de uma Pe\u00e7a em Barro\u201d. A atividade decorreu na Casa de&hellip;<\/p>\n","protected":false},"author":2,"featured_media":28049,"comment_status":"closed","ping_status":"closed","sticky":false,"template":"","format":"standard","meta":{"_acf_changed":false,"footnotes":""},"categories":[63],"tags":[],"class_list":["post-28048","post","type-post","status-publish","format-standard","has-post-thumbnail","hentry","category-newsletter","category-63","description-off"],"acf":[],"yoast_head":"<!-- This site is optimized with the Yoast SEO plugin v27.5 - https:\/\/yoast.com\/product\/yoast-seo-wordpress\/ -->\n<title>Sess\u00e3o da Rede Juvenil Crescer Juntos (RJCJ) | Instituto de Apoio \u00e0 Crian\u00e7a<\/title>\n<meta name=\"robots\" content=\"index, follow, max-snippet:-1, max-image-preview:large, max-video-preview:-1\" \/>\n<link rel=\"canonical\" href=\"https:\/\/iacrianca.pt\/en\/2026\/03\/sessao-da-rede-juvenil-crescer-juntos-rjcj\/\" \/>\n<meta property=\"og:locale\" content=\"en_US\" \/>\n<meta property=\"og:type\" content=\"article\" \/>\n<meta property=\"og:title\" content=\"Sess\u00e3o da Rede Juvenil Crescer Juntos (RJCJ) | Instituto de Apoio \u00e0 Crian\u00e7a\" \/>\n<meta property=\"og:description\" content=\"No \u00e2mbito da Rede Juvenil Crescer Juntos (RJCJ), do Polo de Coimbra, subordinado ao tema \u201cOs jovens no mundo atual \u2013 Eu e o Outro\u201d, realizou-se, no passado dia 25 de fevereiro, mais uma sess\u00e3o, desta vez dedicada ao \u201cAtelier das Artes \u2013 Cria\u00e7\u00e3o de uma Pe\u00e7a em Barro\u201d. A atividade decorreu na Casa de&hellip;\" \/>\n<meta property=\"og:url\" content=\"https:\/\/iacrianca.pt\/en\/2026\/03\/sessao-da-rede-juvenil-crescer-juntos-rjcj\/\" \/>\n<meta property=\"og:site_name\" content=\"Instituto de Apoio \u00e0 Crian\u00e7a\" \/>\n<meta property=\"article:publisher\" content=\"https:\/\/www.facebook.com\/iacinstitutodeapoioacrianca\" \/>\n<meta property=\"article:published_time\" content=\"2026-03-02T14:33:13+00:00\" \/>\n<meta property=\"article:modified_time\" content=\"2026-03-09T13:22:58+00:00\" \/>\n<meta property=\"og:image\" content=\"https:\/\/iacrianca.pt\/wp-content\/uploads\/rjcj2-1-scaled.jpg\" \/>\n\t<meta property=\"og:image:width\" content=\"1920\" \/>\n\t<meta property=\"og:image:height\" content=\"2560\" \/>\n\t<meta property=\"og:image:type\" content=\"image\/jpeg\" \/>\n<meta name=\"author\" content=\"Administra\u00e7\u00e3o IAC\" \/>\n<meta name=\"twitter:card\" content=\"summary_large_image\" \/>\n<meta name=\"twitter:creator\" content=\"@iacapoiocrianca\" \/>\n<meta name=\"twitter:site\" content=\"@iacapoiocrianca\" \/>\n<meta name=\"twitter:label1\" content=\"Written by\" \/>\n\t<meta name=\"twitter:data1\" content=\"Administra\u00e7\u00e3o IAC\" \/>\n\t<meta name=\"twitter:label2\" content=\"Est. reading time\" \/>\n\t<meta name=\"twitter:data2\" content=\"4 minutes\" \/>\n<script type=\"application\/ld+json\" class=\"yoast-schema-graph\">{\"@context\":\"https:\\\/\\\/schema.org\",\"@graph\":[{\"@type\":\"Article\",\"@id\":\"https:\\\/\\\/iacrianca.pt\\\/en\\\/2026\\\/03\\\/sessao-da-rede-juvenil-crescer-juntos-rjcj\\\/#article\",\"isPartOf\":{\"@id\":\"https:\\\/\\\/iacrianca.pt\\\/en\\\/2026\\\/03\\\/sessao-da-rede-juvenil-crescer-juntos-rjcj\\\/\"},\"author\":{\"name\":\"Administra\u00e7\u00e3o IAC\",\"@id\":\"https:\\\/\\\/iacrianca.pt\\\/en\\\/#\\\/schema\\\/person\\\/1c48c6e4b70d0dc7360e4b28ceaa5f6b\"},\"headline\":\"Sess\u00e3o da Rede Juvenil Crescer Juntos (RJCJ)\",\"datePublished\":\"2026-03-02T14:33:13+00:00\",\"dateModified\":\"2026-03-09T13:22:58+00:00\",\"mainEntityOfPage\":{\"@id\":\"https:\\\/\\\/iacrianca.pt\\\/en\\\/2026\\\/03\\\/sessao-da-rede-juvenil-crescer-juntos-rjcj\\\/\"},\"wordCount\":523,\"publisher\":{\"@id\":\"https:\\\/\\\/iacrianca.pt\\\/en\\\/#organization\"},\"image\":{\"@id\":\"https:\\\/\\\/iacrianca.pt\\\/en\\\/2026\\\/03\\\/sessao-da-rede-juvenil-crescer-juntos-rjcj\\\/#primaryimage\"},\"thumbnailUrl\":\"https:\\\/\\\/iacrianca.pt\\\/wp-content\\\/uploads\\\/rjcj2-1-scaled.jpg\",\"articleSection\":[\"Newsletter\"],\"inLanguage\":\"en-US\"},{\"@type\":\"WebPage\",\"@id\":\"https:\\\/\\\/iacrianca.pt\\\/en\\\/2026\\\/03\\\/sessao-da-rede-juvenil-crescer-juntos-rjcj\\\/\",\"url\":\"https:\\\/\\\/iacrianca.pt\\\/en\\\/2026\\\/03\\\/sessao-da-rede-juvenil-crescer-juntos-rjcj\\\/\",\"name\":\"Sess\u00e3o da Rede Juvenil Crescer Juntos (RJCJ) | Instituto de Apoio \u00e0 Crian\u00e7a\",\"isPartOf\":{\"@id\":\"https:\\\/\\\/iacrianca.pt\\\/en\\\/#website\"},\"primaryImageOfPage\":{\"@id\":\"https:\\\/\\\/iacrianca.pt\\\/en\\\/2026\\\/03\\\/sessao-da-rede-juvenil-crescer-juntos-rjcj\\\/#primaryimage\"},\"image\":{\"@id\":\"https:\\\/\\\/iacrianca.pt\\\/en\\\/2026\\\/03\\\/sessao-da-rede-juvenil-crescer-juntos-rjcj\\\/#primaryimage\"},\"thumbnailUrl\":\"https:\\\/\\\/iacrianca.pt\\\/wp-content\\\/uploads\\\/rjcj2-1-scaled.jpg\",\"datePublished\":\"2026-03-02T14:33:13+00:00\",\"dateModified\":\"2026-03-09T13:22:58+00:00\",\"breadcrumb\":{\"@id\":\"https:\\\/\\\/iacrianca.pt\\\/en\\\/2026\\\/03\\\/sessao-da-rede-juvenil-crescer-juntos-rjcj\\\/#breadcrumb\"},\"inLanguage\":\"en-US\",\"potentialAction\":[{\"@type\":\"ReadAction\",\"target\":[\"https:\\\/\\\/iacrianca.pt\\\/en\\\/2026\\\/03\\\/sessao-da-rede-juvenil-crescer-juntos-rjcj\\\/\"]}]},{\"@type\":\"ImageObject\",\"inLanguage\":\"en-US\",\"@id\":\"https:\\\/\\\/iacrianca.pt\\\/en\\\/2026\\\/03\\\/sessao-da-rede-juvenil-crescer-juntos-rjcj\\\/#primaryimage\",\"url\":\"https:\\\/\\\/iacrianca.pt\\\/wp-content\\\/uploads\\\/rjcj2-1-scaled.jpg\",\"contentUrl\":\"https:\\\/\\\/iacrianca.pt\\\/wp-content\\\/uploads\\\/rjcj2-1-scaled.jpg\",\"width\":1920,\"height\":2560,\"caption\":\"Oplus_131106\"},{\"@type\":\"BreadcrumbList\",\"@id\":\"https:\\\/\\\/iacrianca.pt\\\/en\\\/2026\\\/03\\\/sessao-da-rede-juvenil-crescer-juntos-rjcj\\\/#breadcrumb\",\"itemListElement\":[{\"@type\":\"ListItem\",\"position\":1,\"name\":\"In\u00edcio\",\"item\":\"https:\\\/\\\/iacrianca.pt\\\/en\\\/\"},{\"@type\":\"ListItem\",\"position\":2,\"name\":\"Sess\u00e3o da Rede Juvenil Crescer Juntos (RJCJ)\"}]},{\"@type\":\"WebSite\",\"@id\":\"https:\\\/\\\/iacrianca.pt\\\/en\\\/#website\",\"url\":\"https:\\\/\\\/iacrianca.pt\\\/en\\\/\",\"name\":\"Instituto de Apoio \u00e0 Crian\u00e7a\",\"description\":\"Desde 1983 na defesa e promo\u00e7\u00e3o dos direitos da crian\u00e7a\",\"publisher\":{\"@id\":\"https:\\\/\\\/iacrianca.pt\\\/en\\\/#organization\"},\"potentialAction\":[{\"@type\":\"SearchAction\",\"target\":{\"@type\":\"EntryPoint\",\"urlTemplate\":\"https:\\\/\\\/iacrianca.pt\\\/en\\\/?s={search_term_string}\"},\"query-input\":{\"@type\":\"PropertyValueSpecification\",\"valueRequired\":true,\"valueName\":\"search_term_string\"}}],\"inLanguage\":\"en-US\"},{\"@type\":\"Organization\",\"@id\":\"https:\\\/\\\/iacrianca.pt\\\/en\\\/#organization\",\"name\":\"Instituto de Apoio \u00e0 Crian\u00e7a\",\"url\":\"https:\\\/\\\/iacrianca.pt\\\/en\\\/\",\"logo\":{\"@type\":\"ImageObject\",\"inLanguage\":\"en-US\",\"@id\":\"https:\\\/\\\/iacrianca.pt\\\/en\\\/#\\\/schema\\\/logo\\\/image\\\/\",\"url\":\"https:\\\/\\\/iacrianca.pt\\\/wp-content\\\/uploads\\\/2020\\\/04\\\/logo-iac-SD.jpg\",\"contentUrl\":\"https:\\\/\\\/iacrianca.pt\\\/wp-content\\\/uploads\\\/2020\\\/04\\\/logo-iac-SD.jpg\",\"width\":152,\"height\":73,\"caption\":\"Instituto de Apoio \u00e0 Crian\u00e7a\"},\"image\":{\"@id\":\"https:\\\/\\\/iacrianca.pt\\\/en\\\/#\\\/schema\\\/logo\\\/image\\\/\"},\"sameAs\":[\"https:\\\/\\\/www.facebook.com\\\/iacinstitutodeapoioacrianca\",\"https:\\\/\\\/x.com\\\/iacapoiocrianca\",\"https:\\\/\\\/www.youtube.com\\\/channel\\\/UC0jjfZ_xkN_59gJf_RQ-ZnQ\",\"https:\\\/\\\/www.linkedin.com\\\/company\\\/instituto-de-apoio--criana\\\/\",\"https:\\\/\\\/www.instagram.com\\\/iacinstitutodeapoioacrianca\\\/\",\"https:\\\/\\\/criancasatortoeadireitos.wordpress.com\\\/\"]},{\"@type\":\"Person\",\"@id\":\"https:\\\/\\\/iacrianca.pt\\\/en\\\/#\\\/schema\\\/person\\\/1c48c6e4b70d0dc7360e4b28ceaa5f6b\",\"name\":\"Administra\u00e7\u00e3o IAC\",\"image\":{\"@type\":\"ImageObject\",\"inLanguage\":\"en-US\",\"@id\":\"https:\\\/\\\/secure.gravatar.com\\\/avatar\\\/60b998c71de37dcc1398fc6d48c6b5ed7533e3ceec837c948055f072e3158ff1?s=96&d=mm&r=g\",\"url\":\"https:\\\/\\\/secure.gravatar.com\\\/avatar\\\/60b998c71de37dcc1398fc6d48c6b5ed7533e3ceec837c948055f072e3158ff1?s=96&d=mm&r=g\",\"contentUrl\":\"https:\\\/\\\/secure.gravatar.com\\\/avatar\\\/60b998c71de37dcc1398fc6d48c6b5ed7533e3ceec837c948055f072e3158ff1?s=96&d=mm&r=g\",\"caption\":\"Administra\u00e7\u00e3o IAC\"}}]}<\/script>\n<!-- \/ Yoast SEO plugin. -->","yoast_head_json":{"title":"Sess\u00e3o da Rede Juvenil Crescer Juntos (RJCJ) | Instituto de Apoio \u00e0 Crian\u00e7a","robots":{"index":"index","follow":"follow","max-snippet":"max-snippet:-1","max-image-preview":"max-image-preview:large","max-video-preview":"max-video-preview:-1"},"canonical":"https:\/\/iacrianca.pt\/en\/2026\/03\/sessao-da-rede-juvenil-crescer-juntos-rjcj\/","og_locale":"en_US","og_type":"article","og_title":"Sess\u00e3o da Rede Juvenil Crescer Juntos (RJCJ) | Instituto de Apoio \u00e0 Crian\u00e7a","og_description":"No \u00e2mbito da Rede Juvenil Crescer Juntos (RJCJ), do Polo de Coimbra, subordinado ao tema \u201cOs jovens no mundo atual \u2013 Eu e o Outro\u201d, realizou-se, no passado dia 25 de fevereiro, mais uma sess\u00e3o, desta vez dedicada ao \u201cAtelier das Artes \u2013 Cria\u00e7\u00e3o de uma Pe\u00e7a em Barro\u201d. A atividade decorreu na Casa de&hellip;","og_url":"https:\/\/iacrianca.pt\/en\/2026\/03\/sessao-da-rede-juvenil-crescer-juntos-rjcj\/","og_site_name":"Instituto de Apoio \u00e0 Crian\u00e7a","article_publisher":"https:\/\/www.facebook.com\/iacinstitutodeapoioacrianca","article_published_time":"2026-03-02T14:33:13+00:00","article_modified_time":"2026-03-09T13:22:58+00:00","og_image":[{"width":1920,"height":2560,"url":"https:\/\/iacrianca.pt\/wp-content\/uploads\/rjcj2-1-scaled.jpg","type":"image\/jpeg"}],"author":"Administra\u00e7\u00e3o IAC","twitter_card":"summary_large_image","twitter_creator":"@iacapoiocrianca","twitter_site":"@iacapoiocrianca","twitter_misc":{"Written by":"Administra\u00e7\u00e3o IAC","Est. reading time":"4 minutes"},"schema":{"@context":"https:\/\/schema.org","@graph":[{"@type":"Article","@id":"https:\/\/iacrianca.pt\/en\/2026\/03\/sessao-da-rede-juvenil-crescer-juntos-rjcj\/#article","isPartOf":{"@id":"https:\/\/iacrianca.pt\/en\/2026\/03\/sessao-da-rede-juvenil-crescer-juntos-rjcj\/"},"author":{"name":"Administra\u00e7\u00e3o IAC","@id":"https:\/\/iacrianca.pt\/en\/#\/schema\/person\/1c48c6e4b70d0dc7360e4b28ceaa5f6b"},"headline":"Sess\u00e3o da Rede Juvenil Crescer Juntos (RJCJ)","datePublished":"2026-03-02T14:33:13+00:00","dateModified":"2026-03-09T13:22:58+00:00","mainEntityOfPage":{"@id":"https:\/\/iacrianca.pt\/en\/2026\/03\/sessao-da-rede-juvenil-crescer-juntos-rjcj\/"},"wordCount":523,"publisher":{"@id":"https:\/\/iacrianca.pt\/en\/#organization"},"image":{"@id":"https:\/\/iacrianca.pt\/en\/2026\/03\/sessao-da-rede-juvenil-crescer-juntos-rjcj\/#primaryimage"},"thumbnailUrl":"https:\/\/iacrianca.pt\/wp-content\/uploads\/rjcj2-1-scaled.jpg","articleSection":["Newsletter"],"inLanguage":"en-US"},{"@type":"WebPage","@id":"https:\/\/iacrianca.pt\/en\/2026\/03\/sessao-da-rede-juvenil-crescer-juntos-rjcj\/","url":"https:\/\/iacrianca.pt\/en\/2026\/03\/sessao-da-rede-juvenil-crescer-juntos-rjcj\/","name":"Sess\u00e3o da Rede Juvenil Crescer Juntos (RJCJ) | Instituto de Apoio \u00e0 Crian\u00e7a","isPartOf":{"@id":"https:\/\/iacrianca.pt\/en\/#website"},"primaryImageOfPage":{"@id":"https:\/\/iacrianca.pt\/en\/2026\/03\/sessao-da-rede-juvenil-crescer-juntos-rjcj\/#primaryimage"},"image":{"@id":"https:\/\/iacrianca.pt\/en\/2026\/03\/sessao-da-rede-juvenil-crescer-juntos-rjcj\/#primaryimage"},"thumbnailUrl":"https:\/\/iacrianca.pt\/wp-content\/uploads\/rjcj2-1-scaled.jpg","datePublished":"2026-03-02T14:33:13+00:00","dateModified":"2026-03-09T13:22:58+00:00","breadcrumb":{"@id":"https:\/\/iacrianca.pt\/en\/2026\/03\/sessao-da-rede-juvenil-crescer-juntos-rjcj\/#breadcrumb"},"inLanguage":"en-US","potentialAction":[{"@type":"ReadAction","target":["https:\/\/iacrianca.pt\/en\/2026\/03\/sessao-da-rede-juvenil-crescer-juntos-rjcj\/"]}]},{"@type":"ImageObject","inLanguage":"en-US","@id":"https:\/\/iacrianca.pt\/en\/2026\/03\/sessao-da-rede-juvenil-crescer-juntos-rjcj\/#primaryimage","url":"https:\/\/iacrianca.pt\/wp-content\/uploads\/rjcj2-1-scaled.jpg","contentUrl":"https:\/\/iacrianca.pt\/wp-content\/uploads\/rjcj2-1-scaled.jpg","width":1920,"height":2560,"caption":"Oplus_131106"},{"@type":"BreadcrumbList","@id":"https:\/\/iacrianca.pt\/en\/2026\/03\/sessao-da-rede-juvenil-crescer-juntos-rjcj\/#breadcrumb","itemListElement":[{"@type":"ListItem","position":1,"name":"In\u00edcio","item":"https:\/\/iacrianca.pt\/en\/"},{"@type":"ListItem","position":2,"name":"Sess\u00e3o da Rede Juvenil Crescer Juntos (RJCJ)"}]},{"@type":"WebSite","@id":"https:\/\/iacrianca.pt\/en\/#website","url":"https:\/\/iacrianca.pt\/en\/","name":"Instituto de Apoio \u00e0 Crian\u00e7a","description":"Desde 1983 na defesa e promo\u00e7\u00e3o dos direitos da crian\u00e7a","publisher":{"@id":"https:\/\/iacrianca.pt\/en\/#organization"},"potentialAction":[{"@type":"SearchAction","target":{"@type":"EntryPoint","urlTemplate":"https:\/\/iacrianca.pt\/en\/?s={search_term_string}"},"query-input":{"@type":"PropertyValueSpecification","valueRequired":true,"valueName":"search_term_string"}}],"inLanguage":"en-US"},{"@type":"Organization","@id":"https:\/\/iacrianca.pt\/en\/#organization","name":"Instituto de Apoio \u00e0 Crian\u00e7a","url":"https:\/\/iacrianca.pt\/en\/","logo":{"@type":"ImageObject","inLanguage":"en-US","@id":"https:\/\/iacrianca.pt\/en\/#\/schema\/logo\/image\/","url":"https:\/\/iacrianca.pt\/wp-content\/uploads\/2020\/04\/logo-iac-SD.jpg","contentUrl":"https:\/\/iacrianca.pt\/wp-content\/uploads\/2020\/04\/logo-iac-SD.jpg","width":152,"height":73,"caption":"Instituto de Apoio \u00e0 Crian\u00e7a"},"image":{"@id":"https:\/\/iacrianca.pt\/en\/#\/schema\/logo\/image\/"},"sameAs":["https:\/\/www.facebook.com\/iacinstitutodeapoioacrianca","https:\/\/x.com\/iacapoiocrianca","https:\/\/www.youtube.com\/channel\/UC0jjfZ_xkN_59gJf_RQ-ZnQ","https:\/\/www.linkedin.com\/company\/instituto-de-apoio--criana\/","https:\/\/www.instagram.com\/iacinstitutodeapoioacrianca\/","https:\/\/criancasatortoeadireitos.wordpress.com\/"]},{"@type":"Person","@id":"https:\/\/iacrianca.pt\/en\/#\/schema\/person\/1c48c6e4b70d0dc7360e4b28ceaa5f6b","name":"Administra\u00e7\u00e3o IAC","image":{"@type":"ImageObject","inLanguage":"en-US","@id":"https:\/\/secure.gravatar.com\/avatar\/60b998c71de37dcc1398fc6d48c6b5ed7533e3ceec837c948055f072e3158ff1?s=96&d=mm&r=g","url":"https:\/\/secure.gravatar.com\/avatar\/60b998c71de37dcc1398fc6d48c6b5ed7533e3ceec837c948055f072e3158ff1?s=96&d=mm&r=g","contentUrl":"https:\/\/secure.gravatar.com\/avatar\/60b998c71de37dcc1398fc6d48c6b5ed7533e3ceec837c948055f072e3158ff1?s=96&d=mm&r=g","caption":"Administra\u00e7\u00e3o IAC"}}]}},"_links":{"self":[{"href":"https:\/\/iacrianca.pt\/en\/wp-json\/wp\/v2\/posts\/28048","targetHints":{"allow":["GET"]}}],"collection":[{"href":"https:\/\/iacrianca.pt\/en\/wp-json\/wp\/v2\/posts"}],"about":[{"href":"https:\/\/iacrianca.pt\/en\/wp-json\/wp\/v2\/types\/post"}],"author":[{"embeddable":true,"href":"https:\/\/iacrianca.pt\/en\/wp-json\/wp\/v2\/users\/2"}],"replies":[{"embeddable":true,"href":"https:\/\/iacrianca.pt\/en\/wp-json\/wp\/v2\/comments?post=28048"}],"version-history":[{"count":3,"href":"https:\/\/iacrianca.pt\/en\/wp-json\/wp\/v2\/posts\/28048\/revisions"}],"predecessor-version":[{"id":28145,"href":"https:\/\/iacrianca.pt\/en\/wp-json\/wp\/v2\/posts\/28048\/revisions\/28145"}],"wp:featuredmedia":[{"embeddable":true,"href":"https:\/\/iacrianca.pt\/en\/wp-json\/wp\/v2\/media\/28049"}],"wp:attachment":[{"href":"https:\/\/iacrianca.pt\/en\/wp-json\/wp\/v2\/media?parent=28048"}],"wp:term":[{"taxonomy":"category","embeddable":true,"href":"https:\/\/iacrianca.pt\/en\/wp-json\/wp\/v2\/categories?post=28048"},{"taxonomy":"post_tag","embeddable":true,"href":"https:\/\/iacrianca.pt\/en\/wp-json\/wp\/v2\/tags?post=28048"}],"curies":[{"name":"wp","href":"https:\/\/api.w.org\/{rel}","templated":true}]}}