{"id":28068,"date":"2026-03-03T11:00:31","date_gmt":"2026-03-03T11:00:31","guid":{"rendered":"https:\/\/iacrianca.pt\/?p=28068"},"modified":"2026-03-09T13:40:02","modified_gmt":"2026-03-09T13:40:02","slug":"participacao-do-iac-nos-xiii-ciclos-tematicos-de-intervencao-psicossocial-em-sintra","status":"publish","type":"post","link":"https:\/\/iacrianca.pt\/en\/2026\/03\/participacao-do-iac-nos-xiii-ciclos-tematicos-de-intervencao-psicossocial-em-sintra\/","title":{"rendered":"Participa\u00e7\u00e3o do IAC nos \u201cXIII Ciclos tem\u00e1ticos de interven\u00e7\u00e3o psicossocial&#8221; em Sintra"},"content":{"rendered":"<p>Como tem sido habitual ao longo dos \u00faltimos anos, o IAC foi convidado a participar nos \u201cXIII Ciclos tem\u00e1ticos de interven\u00e7\u00e3o Psicossocial\u201d organizados pelo Centro Social Sagrada Fam\u00edlia que se realizaram no dia 11 de fevereiro no Centro Cultural Olga Cadaval, em Sintra. Desta vez o tema \u201cultrapassar tramas e feridas emocionais \u201c foi dinamizado pela coordenadora do Setor da Medica\u00e7\u00e3o Escolar, Melanie Tavares. \u00c9 sempre um gosto podermos manter esta parceria de anos e juntos podermos sensibilizar professores e interventores sociais para temas que est\u00e3o na base de um desenvolvimento psicossocial mais saud\u00e1vel .<\/p>\n","protected":false},"excerpt":{"rendered":"<p>Como tem sido habitual ao longo dos \u00faltimos anos, o IAC foi convidado a participar nos \u201cXIII Ciclos tem\u00e1ticos de interven\u00e7\u00e3o Psicossocial\u201d organizados pelo Centro Social Sagrada Fam\u00edlia que se realizaram no dia 11 de fevereiro no Centro Cultural Olga Cadaval, em Sintra. Desta vez o tema \u201cultrapassar tramas e feridas emocionais \u201c foi dinamizado&hellip;<\/p>\n","protected":false},"author":2,"featured_media":28069,"comment_status":"closed","ping_status":"closed","sticky":false,"template":"","format":"standard","meta":{"_acf_changed":false,"footnotes":""},"categories":[63],"tags":[],"class_list":["post-28068","post","type-post","status-publish","format-standard","has-post-thumbnail","hentry","category-newsletter","category-63","description-off"],"acf":[],"yoast_head":"<!-- This site is optimized with the Yoast SEO plugin v27.5 - https:\/\/yoast.com\/product\/yoast-seo-wordpress\/ -->\n<title>Participa\u00e7\u00e3o do IAC nos \u201cXIII Ciclos tem\u00e1ticos de interven\u00e7\u00e3o psicossocial&quot; em Sintra | Instituto de Apoio \u00e0 Crian\u00e7a<\/title>\n<meta name=\"robots\" content=\"index, follow, max-snippet:-1, max-image-preview:large, max-video-preview:-1\" \/>\n<link rel=\"canonical\" href=\"https:\/\/iacrianca.pt\/en\/2026\/03\/participacao-do-iac-nos-xiii-ciclos-tematicos-de-intervencao-psicossocial-em-sintra\/\" \/>\n<meta property=\"og:locale\" content=\"en_US\" \/>\n<meta property=\"og:type\" content=\"article\" \/>\n<meta property=\"og:title\" content=\"Participa\u00e7\u00e3o do IAC nos \u201cXIII Ciclos tem\u00e1ticos de interven\u00e7\u00e3o psicossocial&quot; em Sintra | Instituto de Apoio \u00e0 Crian\u00e7a\" \/>\n<meta property=\"og:description\" content=\"Como tem sido habitual ao longo dos \u00faltimos anos, o IAC foi convidado a participar nos \u201cXIII Ciclos tem\u00e1ticos de interven\u00e7\u00e3o Psicossocial\u201d organizados pelo Centro Social Sagrada Fam\u00edlia que se realizaram no dia 11 de fevereiro no Centro Cultural Olga Cadaval, em Sintra. Desta vez o tema \u201cultrapassar tramas e feridas emocionais \u201c foi dinamizado&hellip;\" \/>\n<meta property=\"og:url\" content=\"https:\/\/iacrianca.pt\/en\/2026\/03\/participacao-do-iac-nos-xiii-ciclos-tematicos-de-intervencao-psicossocial-em-sintra\/\" \/>\n<meta property=\"og:site_name\" content=\"Instituto de Apoio \u00e0 Crian\u00e7a\" \/>\n<meta property=\"article:publisher\" content=\"https:\/\/www.facebook.com\/iacinstitutodeapoioacrianca\" \/>\n<meta property=\"article:published_time\" content=\"2026-03-03T11:00:31+00:00\" \/>\n<meta property=\"article:modified_time\" content=\"2026-03-09T13:40:02+00:00\" \/>\n<meta property=\"og:image\" content=\"https:\/\/iacrianca.pt\/wp-content\/uploads\/ciclos-xiii.jpeg\" \/>\n\t<meta property=\"og:image:width\" content=\"1600\" \/>\n\t<meta property=\"og:image:height\" content=\"1200\" \/>\n\t<meta property=\"og:image:type\" content=\"image\/jpeg\" \/>\n<meta name=\"author\" content=\"Administra\u00e7\u00e3o IAC\" \/>\n<meta name=\"twitter:card\" content=\"summary_large_image\" \/>\n<meta name=\"twitter:creator\" content=\"@iacapoiocrianca\" \/>\n<meta name=\"twitter:site\" content=\"@iacapoiocrianca\" \/>\n<meta name=\"twitter:label1\" content=\"Written by\" \/>\n\t<meta name=\"twitter:data1\" content=\"Administra\u00e7\u00e3o IAC\" \/>\n\t<meta name=\"twitter:label2\" content=\"Est. reading time\" \/>\n\t<meta name=\"twitter:data2\" content=\"1 minute\" \/>\n<script type=\"application\/ld+json\" class=\"yoast-schema-graph\">{\"@context\":\"https:\\\/\\\/schema.org\",\"@graph\":[{\"@type\":\"Article\",\"@id\":\"https:\\\/\\\/iacrianca.pt\\\/en\\\/2026\\\/03\\\/participacao-do-iac-nos-xiii-ciclos-tematicos-de-intervencao-psicossocial-em-sintra\\\/#article\",\"isPartOf\":{\"@id\":\"https:\\\/\\\/iacrianca.pt\\\/en\\\/2026\\\/03\\\/participacao-do-iac-nos-xiii-ciclos-tematicos-de-intervencao-psicossocial-em-sintra\\\/\"},\"author\":{\"name\":\"Administra\u00e7\u00e3o IAC\",\"@id\":\"https:\\\/\\\/iacrianca.pt\\\/en\\\/#\\\/schema\\\/person\\\/1c48c6e4b70d0dc7360e4b28ceaa5f6b\"},\"headline\":\"Participa\u00e7\u00e3o do IAC nos \u201cXIII Ciclos tem\u00e1ticos de interven\u00e7\u00e3o psicossocial&#8221; em Sintra\",\"datePublished\":\"2026-03-03T11:00:31+00:00\",\"dateModified\":\"2026-03-09T13:40:02+00:00\",\"mainEntityOfPage\":{\"@id\":\"https:\\\/\\\/iacrianca.pt\\\/en\\\/2026\\\/03\\\/participacao-do-iac-nos-xiii-ciclos-tematicos-de-intervencao-psicossocial-em-sintra\\\/\"},\"wordCount\":112,\"publisher\":{\"@id\":\"https:\\\/\\\/iacrianca.pt\\\/en\\\/#organization\"},\"image\":{\"@id\":\"https:\\\/\\\/iacrianca.pt\\\/en\\\/2026\\\/03\\\/participacao-do-iac-nos-xiii-ciclos-tematicos-de-intervencao-psicossocial-em-sintra\\\/#primaryimage\"},\"thumbnailUrl\":\"https:\\\/\\\/iacrianca.pt\\\/wp-content\\\/uploads\\\/ciclos-xiii.jpeg\",\"articleSection\":[\"Newsletter\"],\"inLanguage\":\"en-US\"},{\"@type\":\"WebPage\",\"@id\":\"https:\\\/\\\/iacrianca.pt\\\/en\\\/2026\\\/03\\\/participacao-do-iac-nos-xiii-ciclos-tematicos-de-intervencao-psicossocial-em-sintra\\\/\",\"url\":\"https:\\\/\\\/iacrianca.pt\\\/en\\\/2026\\\/03\\\/participacao-do-iac-nos-xiii-ciclos-tematicos-de-intervencao-psicossocial-em-sintra\\\/\",\"name\":\"Participa\u00e7\u00e3o do IAC nos \u201cXIII Ciclos tem\u00e1ticos de interven\u00e7\u00e3o psicossocial\\\" em Sintra | Instituto de Apoio \u00e0 Crian\u00e7a\",\"isPartOf\":{\"@id\":\"https:\\\/\\\/iacrianca.pt\\\/en\\\/#website\"},\"primaryImageOfPage\":{\"@id\":\"https:\\\/\\\/iacrianca.pt\\\/en\\\/2026\\\/03\\\/participacao-do-iac-nos-xiii-ciclos-tematicos-de-intervencao-psicossocial-em-sintra\\\/#primaryimage\"},\"image\":{\"@id\":\"https:\\\/\\\/iacrianca.pt\\\/en\\\/2026\\\/03\\\/participacao-do-iac-nos-xiii-ciclos-tematicos-de-intervencao-psicossocial-em-sintra\\\/#primaryimage\"},\"thumbnailUrl\":\"https:\\\/\\\/iacrianca.pt\\\/wp-content\\\/uploads\\\/ciclos-xiii.jpeg\",\"datePublished\":\"2026-03-03T11:00:31+00:00\",\"dateModified\":\"2026-03-09T13:40:02+00:00\",\"breadcrumb\":{\"@id\":\"https:\\\/\\\/iacrianca.pt\\\/en\\\/2026\\\/03\\\/participacao-do-iac-nos-xiii-ciclos-tematicos-de-intervencao-psicossocial-em-sintra\\\/#breadcrumb\"},\"inLanguage\":\"en-US\",\"potentialAction\":[{\"@type\":\"ReadAction\",\"target\":[\"https:\\\/\\\/iacrianca.pt\\\/en\\\/2026\\\/03\\\/participacao-do-iac-nos-xiii-ciclos-tematicos-de-intervencao-psicossocial-em-sintra\\\/\"]}]},{\"@type\":\"ImageObject\",\"inLanguage\":\"en-US\",\"@id\":\"https:\\\/\\\/iacrianca.pt\\\/en\\\/2026\\\/03\\\/participacao-do-iac-nos-xiii-ciclos-tematicos-de-intervencao-psicossocial-em-sintra\\\/#primaryimage\",\"url\":\"https:\\\/\\\/iacrianca.pt\\\/wp-content\\\/uploads\\\/ciclos-xiii.jpeg\",\"contentUrl\":\"https:\\\/\\\/iacrianca.pt\\\/wp-content\\\/uploads\\\/ciclos-xiii.jpeg\",\"width\":1600,\"height\":1200},{\"@type\":\"BreadcrumbList\",\"@id\":\"https:\\\/\\\/iacrianca.pt\\\/en\\\/2026\\\/03\\\/participacao-do-iac-nos-xiii-ciclos-tematicos-de-intervencao-psicossocial-em-sintra\\\/#breadcrumb\",\"itemListElement\":[{\"@type\":\"ListItem\",\"position\":1,\"name\":\"In\u00edcio\",\"item\":\"https:\\\/\\\/iacrianca.pt\\\/en\\\/\"},{\"@type\":\"ListItem\",\"position\":2,\"name\":\"Participa\u00e7\u00e3o do IAC nos \u201cXIII Ciclos tem\u00e1ticos de interven\u00e7\u00e3o psicossocial&#8221; em Sintra\"}]},{\"@type\":\"WebSite\",\"@id\":\"https:\\\/\\\/iacrianca.pt\\\/en\\\/#website\",\"url\":\"https:\\\/\\\/iacrianca.pt\\\/en\\\/\",\"name\":\"Instituto de Apoio \u00e0 Crian\u00e7a\",\"description\":\"Desde 1983 na defesa e promo\u00e7\u00e3o dos direitos da crian\u00e7a\",\"publisher\":{\"@id\":\"https:\\\/\\\/iacrianca.pt\\\/en\\\/#organization\"},\"potentialAction\":[{\"@type\":\"SearchAction\",\"target\":{\"@type\":\"EntryPoint\",\"urlTemplate\":\"https:\\\/\\\/iacrianca.pt\\\/en\\\/?s={search_term_string}\"},\"query-input\":{\"@type\":\"PropertyValueSpecification\",\"valueRequired\":true,\"valueName\":\"search_term_string\"}}],\"inLanguage\":\"en-US\"},{\"@type\":\"Organization\",\"@id\":\"https:\\\/\\\/iacrianca.pt\\\/en\\\/#organization\",\"name\":\"Instituto de Apoio \u00e0 Crian\u00e7a\",\"url\":\"https:\\\/\\\/iacrianca.pt\\\/en\\\/\",\"logo\":{\"@type\":\"ImageObject\",\"inLanguage\":\"en-US\",\"@id\":\"https:\\\/\\\/iacrianca.pt\\\/en\\\/#\\\/schema\\\/logo\\\/image\\\/\",\"url\":\"https:\\\/\\\/iacrianca.pt\\\/wp-content\\\/uploads\\\/2020\\\/04\\\/logo-iac-SD.jpg\",\"contentUrl\":\"https:\\\/\\\/iacrianca.pt\\\/wp-content\\\/uploads\\\/2020\\\/04\\\/logo-iac-SD.jpg\",\"width\":152,\"height\":73,\"caption\":\"Instituto de Apoio \u00e0 Crian\u00e7a\"},\"image\":{\"@id\":\"https:\\\/\\\/iacrianca.pt\\\/en\\\/#\\\/schema\\\/logo\\\/image\\\/\"},\"sameAs\":[\"https:\\\/\\\/www.facebook.com\\\/iacinstitutodeapoioacrianca\",\"https:\\\/\\\/x.com\\\/iacapoiocrianca\",\"https:\\\/\\\/www.youtube.com\\\/channel\\\/UC0jjfZ_xkN_59gJf_RQ-ZnQ\",\"https:\\\/\\\/www.linkedin.com\\\/company\\\/instituto-de-apoio--criana\\\/\",\"https:\\\/\\\/www.instagram.com\\\/iacinstitutodeapoioacrianca\\\/\",\"https:\\\/\\\/criancasatortoeadireitos.wordpress.com\\\/\"]},{\"@type\":\"Person\",\"@id\":\"https:\\\/\\\/iacrianca.pt\\\/en\\\/#\\\/schema\\\/person\\\/1c48c6e4b70d0dc7360e4b28ceaa5f6b\",\"name\":\"Administra\u00e7\u00e3o IAC\",\"image\":{\"@type\":\"ImageObject\",\"inLanguage\":\"en-US\",\"@id\":\"https:\\\/\\\/secure.gravatar.com\\\/avatar\\\/60b998c71de37dcc1398fc6d48c6b5ed7533e3ceec837c948055f072e3158ff1?s=96&d=mm&r=g\",\"url\":\"https:\\\/\\\/secure.gravatar.com\\\/avatar\\\/60b998c71de37dcc1398fc6d48c6b5ed7533e3ceec837c948055f072e3158ff1?s=96&d=mm&r=g\",\"contentUrl\":\"https:\\\/\\\/secure.gravatar.com\\\/avatar\\\/60b998c71de37dcc1398fc6d48c6b5ed7533e3ceec837c948055f072e3158ff1?s=96&d=mm&r=g\",\"caption\":\"Administra\u00e7\u00e3o IAC\"}}]}<\/script>\n<!-- \/ Yoast SEO plugin. -->","yoast_head_json":{"title":"Participa\u00e7\u00e3o do IAC nos \u201cXIII Ciclos tem\u00e1ticos de interven\u00e7\u00e3o psicossocial\" em Sintra | Instituto de Apoio \u00e0 Crian\u00e7a","robots":{"index":"index","follow":"follow","max-snippet":"max-snippet:-1","max-image-preview":"max-image-preview:large","max-video-preview":"max-video-preview:-1"},"canonical":"https:\/\/iacrianca.pt\/en\/2026\/03\/participacao-do-iac-nos-xiii-ciclos-tematicos-de-intervencao-psicossocial-em-sintra\/","og_locale":"en_US","og_type":"article","og_title":"Participa\u00e7\u00e3o do IAC nos \u201cXIII Ciclos tem\u00e1ticos de interven\u00e7\u00e3o psicossocial\" em Sintra | Instituto de Apoio \u00e0 Crian\u00e7a","og_description":"Como tem sido habitual ao longo dos \u00faltimos anos, o IAC foi convidado a participar nos \u201cXIII Ciclos tem\u00e1ticos de interven\u00e7\u00e3o Psicossocial\u201d organizados pelo Centro Social Sagrada Fam\u00edlia que se realizaram no dia 11 de fevereiro no Centro Cultural Olga Cadaval, em Sintra. Desta vez o tema \u201cultrapassar tramas e feridas emocionais \u201c foi dinamizado&hellip;","og_url":"https:\/\/iacrianca.pt\/en\/2026\/03\/participacao-do-iac-nos-xiii-ciclos-tematicos-de-intervencao-psicossocial-em-sintra\/","og_site_name":"Instituto de Apoio \u00e0 Crian\u00e7a","article_publisher":"https:\/\/www.facebook.com\/iacinstitutodeapoioacrianca","article_published_time":"2026-03-03T11:00:31+00:00","article_modified_time":"2026-03-09T13:40:02+00:00","og_image":[{"width":1600,"height":1200,"url":"https:\/\/iacrianca.pt\/wp-content\/uploads\/ciclos-xiii.jpeg","type":"image\/jpeg"}],"author":"Administra\u00e7\u00e3o IAC","twitter_card":"summary_large_image","twitter_creator":"@iacapoiocrianca","twitter_site":"@iacapoiocrianca","twitter_misc":{"Written by":"Administra\u00e7\u00e3o IAC","Est. reading time":"1 minute"},"schema":{"@context":"https:\/\/schema.org","@graph":[{"@type":"Article","@id":"https:\/\/iacrianca.pt\/en\/2026\/03\/participacao-do-iac-nos-xiii-ciclos-tematicos-de-intervencao-psicossocial-em-sintra\/#article","isPartOf":{"@id":"https:\/\/iacrianca.pt\/en\/2026\/03\/participacao-do-iac-nos-xiii-ciclos-tematicos-de-intervencao-psicossocial-em-sintra\/"},"author":{"name":"Administra\u00e7\u00e3o IAC","@id":"https:\/\/iacrianca.pt\/en\/#\/schema\/person\/1c48c6e4b70d0dc7360e4b28ceaa5f6b"},"headline":"Participa\u00e7\u00e3o do IAC nos \u201cXIII Ciclos tem\u00e1ticos de interven\u00e7\u00e3o psicossocial&#8221; em Sintra","datePublished":"2026-03-03T11:00:31+00:00","dateModified":"2026-03-09T13:40:02+00:00","mainEntityOfPage":{"@id":"https:\/\/iacrianca.pt\/en\/2026\/03\/participacao-do-iac-nos-xiii-ciclos-tematicos-de-intervencao-psicossocial-em-sintra\/"},"wordCount":112,"publisher":{"@id":"https:\/\/iacrianca.pt\/en\/#organization"},"image":{"@id":"https:\/\/iacrianca.pt\/en\/2026\/03\/participacao-do-iac-nos-xiii-ciclos-tematicos-de-intervencao-psicossocial-em-sintra\/#primaryimage"},"thumbnailUrl":"https:\/\/iacrianca.pt\/wp-content\/uploads\/ciclos-xiii.jpeg","articleSection":["Newsletter"],"inLanguage":"en-US"},{"@type":"WebPage","@id":"https:\/\/iacrianca.pt\/en\/2026\/03\/participacao-do-iac-nos-xiii-ciclos-tematicos-de-intervencao-psicossocial-em-sintra\/","url":"https:\/\/iacrianca.pt\/en\/2026\/03\/participacao-do-iac-nos-xiii-ciclos-tematicos-de-intervencao-psicossocial-em-sintra\/","name":"Participa\u00e7\u00e3o do IAC nos \u201cXIII Ciclos tem\u00e1ticos de interven\u00e7\u00e3o psicossocial\" em Sintra | Instituto de Apoio \u00e0 Crian\u00e7a","isPartOf":{"@id":"https:\/\/iacrianca.pt\/en\/#website"},"primaryImageOfPage":{"@id":"https:\/\/iacrianca.pt\/en\/2026\/03\/participacao-do-iac-nos-xiii-ciclos-tematicos-de-intervencao-psicossocial-em-sintra\/#primaryimage"},"image":{"@id":"https:\/\/iacrianca.pt\/en\/2026\/03\/participacao-do-iac-nos-xiii-ciclos-tematicos-de-intervencao-psicossocial-em-sintra\/#primaryimage"},"thumbnailUrl":"https:\/\/iacrianca.pt\/wp-content\/uploads\/ciclos-xiii.jpeg","datePublished":"2026-03-03T11:00:31+00:00","dateModified":"2026-03-09T13:40:02+00:00","breadcrumb":{"@id":"https:\/\/iacrianca.pt\/en\/2026\/03\/participacao-do-iac-nos-xiii-ciclos-tematicos-de-intervencao-psicossocial-em-sintra\/#breadcrumb"},"inLanguage":"en-US","potentialAction":[{"@type":"ReadAction","target":["https:\/\/iacrianca.pt\/en\/2026\/03\/participacao-do-iac-nos-xiii-ciclos-tematicos-de-intervencao-psicossocial-em-sintra\/"]}]},{"@type":"ImageObject","inLanguage":"en-US","@id":"https:\/\/iacrianca.pt\/en\/2026\/03\/participacao-do-iac-nos-xiii-ciclos-tematicos-de-intervencao-psicossocial-em-sintra\/#primaryimage","url":"https:\/\/iacrianca.pt\/wp-content\/uploads\/ciclos-xiii.jpeg","contentUrl":"https:\/\/iacrianca.pt\/wp-content\/uploads\/ciclos-xiii.jpeg","width":1600,"height":1200},{"@type":"BreadcrumbList","@id":"https:\/\/iacrianca.pt\/en\/2026\/03\/participacao-do-iac-nos-xiii-ciclos-tematicos-de-intervencao-psicossocial-em-sintra\/#breadcrumb","itemListElement":[{"@type":"ListItem","position":1,"name":"In\u00edcio","item":"https:\/\/iacrianca.pt\/en\/"},{"@type":"ListItem","position":2,"name":"Participa\u00e7\u00e3o do IAC nos \u201cXIII Ciclos tem\u00e1ticos de interven\u00e7\u00e3o psicossocial&#8221; em Sintra"}]},{"@type":"WebSite","@id":"https:\/\/iacrianca.pt\/en\/#website","url":"https:\/\/iacrianca.pt\/en\/","name":"Instituto de Apoio \u00e0 Crian\u00e7a","description":"Desde 1983 na defesa e promo\u00e7\u00e3o dos direitos da crian\u00e7a","publisher":{"@id":"https:\/\/iacrianca.pt\/en\/#organization"},"potentialAction":[{"@type":"SearchAction","target":{"@type":"EntryPoint","urlTemplate":"https:\/\/iacrianca.pt\/en\/?s={search_term_string}"},"query-input":{"@type":"PropertyValueSpecification","valueRequired":true,"valueName":"search_term_string"}}],"inLanguage":"en-US"},{"@type":"Organization","@id":"https:\/\/iacrianca.pt\/en\/#organization","name":"Instituto de Apoio \u00e0 Crian\u00e7a","url":"https:\/\/iacrianca.pt\/en\/","logo":{"@type":"ImageObject","inLanguage":"en-US","@id":"https:\/\/iacrianca.pt\/en\/#\/schema\/logo\/image\/","url":"https:\/\/iacrianca.pt\/wp-content\/uploads\/2020\/04\/logo-iac-SD.jpg","contentUrl":"https:\/\/iacrianca.pt\/wp-content\/uploads\/2020\/04\/logo-iac-SD.jpg","width":152,"height":73,"caption":"Instituto de Apoio \u00e0 Crian\u00e7a"},"image":{"@id":"https:\/\/iacrianca.pt\/en\/#\/schema\/logo\/image\/"},"sameAs":["https:\/\/www.facebook.com\/iacinstitutodeapoioacrianca","https:\/\/x.com\/iacapoiocrianca","https:\/\/www.youtube.com\/channel\/UC0jjfZ_xkN_59gJf_RQ-ZnQ","https:\/\/www.linkedin.com\/company\/instituto-de-apoio--criana\/","https:\/\/www.instagram.com\/iacinstitutodeapoioacrianca\/","https:\/\/criancasatortoeadireitos.wordpress.com\/"]},{"@type":"Person","@id":"https:\/\/iacrianca.pt\/en\/#\/schema\/person\/1c48c6e4b70d0dc7360e4b28ceaa5f6b","name":"Administra\u00e7\u00e3o IAC","image":{"@type":"ImageObject","inLanguage":"en-US","@id":"https:\/\/secure.gravatar.com\/avatar\/60b998c71de37dcc1398fc6d48c6b5ed7533e3ceec837c948055f072e3158ff1?s=96&d=mm&r=g","url":"https:\/\/secure.gravatar.com\/avatar\/60b998c71de37dcc1398fc6d48c6b5ed7533e3ceec837c948055f072e3158ff1?s=96&d=mm&r=g","contentUrl":"https:\/\/secure.gravatar.com\/avatar\/60b998c71de37dcc1398fc6d48c6b5ed7533e3ceec837c948055f072e3158ff1?s=96&d=mm&r=g","caption":"Administra\u00e7\u00e3o IAC"}}]}},"_links":{"self":[{"href":"https:\/\/iacrianca.pt\/en\/wp-json\/wp\/v2\/posts\/28068","targetHints":{"allow":["GET"]}}],"collection":[{"href":"https:\/\/iacrianca.pt\/en\/wp-json\/wp\/v2\/posts"}],"about":[{"href":"https:\/\/iacrianca.pt\/en\/wp-json\/wp\/v2\/types\/post"}],"author":[{"embeddable":true,"href":"https:\/\/iacrianca.pt\/en\/wp-json\/wp\/v2\/users\/2"}],"replies":[{"embeddable":true,"href":"https:\/\/iacrianca.pt\/en\/wp-json\/wp\/v2\/comments?post=28068"}],"version-history":[{"count":4,"href":"https:\/\/iacrianca.pt\/en\/wp-json\/wp\/v2\/posts\/28068\/revisions"}],"predecessor-version":[{"id":28154,"href":"https:\/\/iacrianca.pt\/en\/wp-json\/wp\/v2\/posts\/28068\/revisions\/28154"}],"wp:featuredmedia":[{"embeddable":true,"href":"https:\/\/iacrianca.pt\/en\/wp-json\/wp\/v2\/media\/28069"}],"wp:attachment":[{"href":"https:\/\/iacrianca.pt\/en\/wp-json\/wp\/v2\/media?parent=28068"}],"wp:term":[{"taxonomy":"category","embeddable":true,"href":"https:\/\/iacrianca.pt\/en\/wp-json\/wp\/v2\/categories?post=28068"},{"taxonomy":"post_tag","embeddable":true,"href":"https:\/\/iacrianca.pt\/en\/wp-json\/wp\/v2\/tags?post=28068"}],"curies":[{"name":"wp","href":"https:\/\/api.w.org\/{rel}","templated":true}]}}