{"id":28108,"date":"2026-03-04T11:28:46","date_gmt":"2026-03-04T11:28:46","guid":{"rendered":"https:\/\/iacrianca.pt\/?p=28108"},"modified":"2026-03-09T13:21:18","modified_gmt":"2026-03-09T13:21:18","slug":"ida-ao-teatro-embuscada-mas-ele-hoje-deu-me-flores","status":"publish","type":"post","link":"https:\/\/iacrianca.pt\/en\/2026\/03\/ida-ao-teatro-embuscada-mas-ele-hoje-deu-me-flores\/","title":{"rendered":"Ida ao Teatro\u202fEmbuscada\u202f\u201cMas ele hoje deu-me flores\u201d\u202f"},"content":{"rendered":"<p><span data-contrast=\"auto\">No dia 9 de fevereiro, os alunos da Escola de Segunda Oportunidade, Lumiar, Santa Clara e Marvila participaram numa visita de estudo dedicada \u00e0 preven\u00e7\u00e3o da viol\u00eancia no namoro, que incluiu a ida ao teatro para assistir \u00e0 pe\u00e7a, \u201cMas Ele Hoje Trouxe\u2011me Flores\u201d, criada pela Associa\u00e7\u00e3o Cultural\u00a0\u00a0Embuscada.<\/span><span data-ccp-props=\"{&quot;335551550&quot;:6,&quot;335551620&quot;:6}\">\u00a0<\/span><\/p>\n<p><span data-contrast=\"auto\">A pe\u00e7a, marcada por uma forte carga emocional, desconstr\u00f3i a ideia romantizada de gestos como \u201ctrazer flores\u201d, revelando como estes podem, por vezes, encobrir situa\u00e7\u00f5es de controlo, manipula\u00e7\u00e3o emocional e viol\u00eancia psicol\u00f3gica. <\/span><span data-ccp-props=\"{&quot;335551550&quot;:6,&quot;335551620&quot;:6}\">\u00a0<\/span><\/p>\n<p><span data-contrast=\"auto\">A atividade permitiu aos jovens reconhecer sinais de alerta e compreender que a viol\u00eancia no namoro pode assumir v\u00e1rias formas. A pe\u00e7a destacou, ainda, a import\u00e2ncia de procurar ajuda, falar sobre o tema e promover rela\u00e7\u00f5es baseadas no respeito, igualdade e liberdade individual. <\/span><span data-ccp-props=\"{&quot;335551550&quot;:6,&quot;335551620&quot;:6}\">\u00a0<\/span><\/p>\n<p><span data-contrast=\"auto\">Foi considerada enriquecedora,\u00a0contribuindo para refor\u00e7ar a consci\u00eancia social dos\u00a0jovens\u00a0e para a constru\u00e7\u00e3o de rela\u00e7\u00f5es mais saud\u00e1veis e seguras.<\/span><span data-ccp-props=\"{&quot;335551550&quot;:6,&quot;335551620&quot;:6}\">\u00a0<\/span><\/p>\n","protected":false},"excerpt":{"rendered":"<p>No dia 9 de fevereiro, os alunos da Escola de Segunda Oportunidade, Lumiar, Santa Clara e Marvila participaram numa visita de estudo dedicada \u00e0 preven\u00e7\u00e3o da viol\u00eancia no namoro, que incluiu a ida ao teatro para assistir \u00e0 pe\u00e7a, \u201cMas Ele Hoje Trouxe\u2011me Flores\u201d, criada pela Associa\u00e7\u00e3o Cultural\u00a0\u00a0Embuscada.\u00a0 A pe\u00e7a, marcada por uma forte carga&hellip;<\/p>\n","protected":false},"author":2,"featured_media":28109,"comment_status":"closed","ping_status":"closed","sticky":false,"template":"","format":"standard","meta":{"_acf_changed":false,"footnotes":""},"categories":[63],"tags":[],"class_list":["post-28108","post","type-post","status-publish","format-standard","has-post-thumbnail","hentry","category-newsletter","category-63","description-off"],"acf":[],"yoast_head":"<!-- This site is optimized with the Yoast SEO plugin v27.5 - https:\/\/yoast.com\/product\/yoast-seo-wordpress\/ -->\n<title>Ida ao Teatro\u202fEmbuscada\u202f\u201cMas ele hoje deu-me flores\u201d\u202f | Instituto de Apoio \u00e0 Crian\u00e7a<\/title>\n<meta name=\"robots\" content=\"index, follow, max-snippet:-1, max-image-preview:large, max-video-preview:-1\" \/>\n<link rel=\"canonical\" href=\"https:\/\/iacrianca.pt\/en\/2026\/03\/ida-ao-teatro-embuscada-mas-ele-hoje-deu-me-flores\/\" \/>\n<meta property=\"og:locale\" content=\"en_US\" \/>\n<meta property=\"og:type\" content=\"article\" \/>\n<meta property=\"og:title\" content=\"Ida ao Teatro\u202fEmbuscada\u202f\u201cMas ele hoje deu-me flores\u201d\u202f | Instituto de Apoio \u00e0 Crian\u00e7a\" \/>\n<meta property=\"og:description\" content=\"No dia 9 de fevereiro, os alunos da Escola de Segunda Oportunidade, Lumiar, Santa Clara e Marvila participaram numa visita de estudo dedicada \u00e0 preven\u00e7\u00e3o da viol\u00eancia no namoro, que incluiu a ida ao teatro para assistir \u00e0 pe\u00e7a, \u201cMas Ele Hoje Trouxe\u2011me Flores\u201d, criada pela Associa\u00e7\u00e3o Cultural\u00a0\u00a0Embuscada.\u00a0 A pe\u00e7a, marcada por uma forte carga&hellip;\" \/>\n<meta property=\"og:url\" content=\"https:\/\/iacrianca.pt\/en\/2026\/03\/ida-ao-teatro-embuscada-mas-ele-hoje-deu-me-flores\/\" \/>\n<meta property=\"og:site_name\" content=\"Instituto de Apoio \u00e0 Crian\u00e7a\" \/>\n<meta property=\"article:publisher\" content=\"https:\/\/www.facebook.com\/iacinstitutodeapoioacrianca\" \/>\n<meta property=\"article:published_time\" content=\"2026-03-04T11:28:46+00:00\" \/>\n<meta property=\"article:modified_time\" content=\"2026-03-09T13:21:18+00:00\" \/>\n<meta property=\"og:image\" content=\"https:\/\/iacrianca.pt\/wp-content\/uploads\/a4-cartaz-flores-724x1024.png\" \/>\n\t<meta property=\"og:image:width\" content=\"724\" \/>\n\t<meta property=\"og:image:height\" content=\"1024\" \/>\n\t<meta property=\"og:image:type\" content=\"image\/png\" \/>\n<meta name=\"author\" content=\"Administra\u00e7\u00e3o IAC\" \/>\n<meta name=\"twitter:card\" content=\"summary_large_image\" \/>\n<meta name=\"twitter:creator\" content=\"@iacapoiocrianca\" \/>\n<meta name=\"twitter:site\" content=\"@iacapoiocrianca\" \/>\n<meta name=\"twitter:label1\" content=\"Written by\" \/>\n\t<meta name=\"twitter:data1\" content=\"Administra\u00e7\u00e3o IAC\" \/>\n\t<meta name=\"twitter:label2\" content=\"Est. reading time\" \/>\n\t<meta name=\"twitter:data2\" content=\"2 minutes\" \/>\n<script type=\"application\/ld+json\" class=\"yoast-schema-graph\">{\"@context\":\"https:\\\/\\\/schema.org\",\"@graph\":[{\"@type\":\"Article\",\"@id\":\"https:\\\/\\\/iacrianca.pt\\\/en\\\/2026\\\/03\\\/ida-ao-teatro-embuscada-mas-ele-hoje-deu-me-flores\\\/#article\",\"isPartOf\":{\"@id\":\"https:\\\/\\\/iacrianca.pt\\\/en\\\/2026\\\/03\\\/ida-ao-teatro-embuscada-mas-ele-hoje-deu-me-flores\\\/\"},\"author\":{\"name\":\"Administra\u00e7\u00e3o IAC\",\"@id\":\"https:\\\/\\\/iacrianca.pt\\\/en\\\/#\\\/schema\\\/person\\\/1c48c6e4b70d0dc7360e4b28ceaa5f6b\"},\"headline\":\"Ida ao Teatro\u202fEmbuscada\u202f\u201cMas ele hoje deu-me flores\u201d\u202f\",\"datePublished\":\"2026-03-04T11:28:46+00:00\",\"dateModified\":\"2026-03-09T13:21:18+00:00\",\"mainEntityOfPage\":{\"@id\":\"https:\\\/\\\/iacrianca.pt\\\/en\\\/2026\\\/03\\\/ida-ao-teatro-embuscada-mas-ele-hoje-deu-me-flores\\\/\"},\"wordCount\":172,\"publisher\":{\"@id\":\"https:\\\/\\\/iacrianca.pt\\\/en\\\/#organization\"},\"image\":{\"@id\":\"https:\\\/\\\/iacrianca.pt\\\/en\\\/2026\\\/03\\\/ida-ao-teatro-embuscada-mas-ele-hoje-deu-me-flores\\\/#primaryimage\"},\"thumbnailUrl\":\"https:\\\/\\\/iacrianca.pt\\\/wp-content\\\/uploads\\\/a4-cartaz-flores.png\",\"articleSection\":[\"Newsletter\"],\"inLanguage\":\"en-US\"},{\"@type\":\"WebPage\",\"@id\":\"https:\\\/\\\/iacrianca.pt\\\/en\\\/2026\\\/03\\\/ida-ao-teatro-embuscada-mas-ele-hoje-deu-me-flores\\\/\",\"url\":\"https:\\\/\\\/iacrianca.pt\\\/en\\\/2026\\\/03\\\/ida-ao-teatro-embuscada-mas-ele-hoje-deu-me-flores\\\/\",\"name\":\"Ida ao Teatro\u202fEmbuscada\u202f\u201cMas ele hoje deu-me flores\u201d\u202f | Instituto de Apoio \u00e0 Crian\u00e7a\",\"isPartOf\":{\"@id\":\"https:\\\/\\\/iacrianca.pt\\\/en\\\/#website\"},\"primaryImageOfPage\":{\"@id\":\"https:\\\/\\\/iacrianca.pt\\\/en\\\/2026\\\/03\\\/ida-ao-teatro-embuscada-mas-ele-hoje-deu-me-flores\\\/#primaryimage\"},\"image\":{\"@id\":\"https:\\\/\\\/iacrianca.pt\\\/en\\\/2026\\\/03\\\/ida-ao-teatro-embuscada-mas-ele-hoje-deu-me-flores\\\/#primaryimage\"},\"thumbnailUrl\":\"https:\\\/\\\/iacrianca.pt\\\/wp-content\\\/uploads\\\/a4-cartaz-flores.png\",\"datePublished\":\"2026-03-04T11:28:46+00:00\",\"dateModified\":\"2026-03-09T13:21:18+00:00\",\"breadcrumb\":{\"@id\":\"https:\\\/\\\/iacrianca.pt\\\/en\\\/2026\\\/03\\\/ida-ao-teatro-embuscada-mas-ele-hoje-deu-me-flores\\\/#breadcrumb\"},\"inLanguage\":\"en-US\",\"potentialAction\":[{\"@type\":\"ReadAction\",\"target\":[\"https:\\\/\\\/iacrianca.pt\\\/en\\\/2026\\\/03\\\/ida-ao-teatro-embuscada-mas-ele-hoje-deu-me-flores\\\/\"]}]},{\"@type\":\"ImageObject\",\"inLanguage\":\"en-US\",\"@id\":\"https:\\\/\\\/iacrianca.pt\\\/en\\\/2026\\\/03\\\/ida-ao-teatro-embuscada-mas-ele-hoje-deu-me-flores\\\/#primaryimage\",\"url\":\"https:\\\/\\\/iacrianca.pt\\\/wp-content\\\/uploads\\\/a4-cartaz-flores.png\",\"contentUrl\":\"https:\\\/\\\/iacrianca.pt\\\/wp-content\\\/uploads\\\/a4-cartaz-flores.png\",\"width\":1067,\"height\":1509},{\"@type\":\"BreadcrumbList\",\"@id\":\"https:\\\/\\\/iacrianca.pt\\\/en\\\/2026\\\/03\\\/ida-ao-teatro-embuscada-mas-ele-hoje-deu-me-flores\\\/#breadcrumb\",\"itemListElement\":[{\"@type\":\"ListItem\",\"position\":1,\"name\":\"In\u00edcio\",\"item\":\"https:\\\/\\\/iacrianca.pt\\\/en\\\/\"},{\"@type\":\"ListItem\",\"position\":2,\"name\":\"Ida ao Teatro\u202fEmbuscada\u202f\u201cMas ele hoje deu-me flores\u201d\u202f\"}]},{\"@type\":\"WebSite\",\"@id\":\"https:\\\/\\\/iacrianca.pt\\\/en\\\/#website\",\"url\":\"https:\\\/\\\/iacrianca.pt\\\/en\\\/\",\"name\":\"Instituto de Apoio \u00e0 Crian\u00e7a\",\"description\":\"Desde 1983 na defesa e promo\u00e7\u00e3o dos direitos da crian\u00e7a\",\"publisher\":{\"@id\":\"https:\\\/\\\/iacrianca.pt\\\/en\\\/#organization\"},\"potentialAction\":[{\"@type\":\"SearchAction\",\"target\":{\"@type\":\"EntryPoint\",\"urlTemplate\":\"https:\\\/\\\/iacrianca.pt\\\/en\\\/?s={search_term_string}\"},\"query-input\":{\"@type\":\"PropertyValueSpecification\",\"valueRequired\":true,\"valueName\":\"search_term_string\"}}],\"inLanguage\":\"en-US\"},{\"@type\":\"Organization\",\"@id\":\"https:\\\/\\\/iacrianca.pt\\\/en\\\/#organization\",\"name\":\"Instituto de Apoio \u00e0 Crian\u00e7a\",\"url\":\"https:\\\/\\\/iacrianca.pt\\\/en\\\/\",\"logo\":{\"@type\":\"ImageObject\",\"inLanguage\":\"en-US\",\"@id\":\"https:\\\/\\\/iacrianca.pt\\\/en\\\/#\\\/schema\\\/logo\\\/image\\\/\",\"url\":\"https:\\\/\\\/iacrianca.pt\\\/wp-content\\\/uploads\\\/2020\\\/04\\\/logo-iac-SD.jpg\",\"contentUrl\":\"https:\\\/\\\/iacrianca.pt\\\/wp-content\\\/uploads\\\/2020\\\/04\\\/logo-iac-SD.jpg\",\"width\":152,\"height\":73,\"caption\":\"Instituto de Apoio \u00e0 Crian\u00e7a\"},\"image\":{\"@id\":\"https:\\\/\\\/iacrianca.pt\\\/en\\\/#\\\/schema\\\/logo\\\/image\\\/\"},\"sameAs\":[\"https:\\\/\\\/www.facebook.com\\\/iacinstitutodeapoioacrianca\",\"https:\\\/\\\/x.com\\\/iacapoiocrianca\",\"https:\\\/\\\/www.youtube.com\\\/channel\\\/UC0jjfZ_xkN_59gJf_RQ-ZnQ\",\"https:\\\/\\\/www.linkedin.com\\\/company\\\/instituto-de-apoio--criana\\\/\",\"https:\\\/\\\/www.instagram.com\\\/iacinstitutodeapoioacrianca\\\/\",\"https:\\\/\\\/criancasatortoeadireitos.wordpress.com\\\/\"]},{\"@type\":\"Person\",\"@id\":\"https:\\\/\\\/iacrianca.pt\\\/en\\\/#\\\/schema\\\/person\\\/1c48c6e4b70d0dc7360e4b28ceaa5f6b\",\"name\":\"Administra\u00e7\u00e3o IAC\",\"image\":{\"@type\":\"ImageObject\",\"inLanguage\":\"en-US\",\"@id\":\"https:\\\/\\\/secure.gravatar.com\\\/avatar\\\/60b998c71de37dcc1398fc6d48c6b5ed7533e3ceec837c948055f072e3158ff1?s=96&d=mm&r=g\",\"url\":\"https:\\\/\\\/secure.gravatar.com\\\/avatar\\\/60b998c71de37dcc1398fc6d48c6b5ed7533e3ceec837c948055f072e3158ff1?s=96&d=mm&r=g\",\"contentUrl\":\"https:\\\/\\\/secure.gravatar.com\\\/avatar\\\/60b998c71de37dcc1398fc6d48c6b5ed7533e3ceec837c948055f072e3158ff1?s=96&d=mm&r=g\",\"caption\":\"Administra\u00e7\u00e3o IAC\"}}]}<\/script>\n<!-- \/ Yoast SEO plugin. -->","yoast_head_json":{"title":"Ida ao Teatro\u202fEmbuscada\u202f\u201cMas ele hoje deu-me flores\u201d\u202f | Instituto de Apoio \u00e0 Crian\u00e7a","robots":{"index":"index","follow":"follow","max-snippet":"max-snippet:-1","max-image-preview":"max-image-preview:large","max-video-preview":"max-video-preview:-1"},"canonical":"https:\/\/iacrianca.pt\/en\/2026\/03\/ida-ao-teatro-embuscada-mas-ele-hoje-deu-me-flores\/","og_locale":"en_US","og_type":"article","og_title":"Ida ao Teatro\u202fEmbuscada\u202f\u201cMas ele hoje deu-me flores\u201d\u202f | Instituto de Apoio \u00e0 Crian\u00e7a","og_description":"No dia 9 de fevereiro, os alunos da Escola de Segunda Oportunidade, Lumiar, Santa Clara e Marvila participaram numa visita de estudo dedicada \u00e0 preven\u00e7\u00e3o da viol\u00eancia no namoro, que incluiu a ida ao teatro para assistir \u00e0 pe\u00e7a, \u201cMas Ele Hoje Trouxe\u2011me Flores\u201d, criada pela Associa\u00e7\u00e3o Cultural\u00a0\u00a0Embuscada.\u00a0 A pe\u00e7a, marcada por uma forte carga&hellip;","og_url":"https:\/\/iacrianca.pt\/en\/2026\/03\/ida-ao-teatro-embuscada-mas-ele-hoje-deu-me-flores\/","og_site_name":"Instituto de Apoio \u00e0 Crian\u00e7a","article_publisher":"https:\/\/www.facebook.com\/iacinstitutodeapoioacrianca","article_published_time":"2026-03-04T11:28:46+00:00","article_modified_time":"2026-03-09T13:21:18+00:00","og_image":[{"width":724,"height":1024,"url":"https:\/\/iacrianca.pt\/wp-content\/uploads\/a4-cartaz-flores-724x1024.png","type":"image\/png"}],"author":"Administra\u00e7\u00e3o IAC","twitter_card":"summary_large_image","twitter_creator":"@iacapoiocrianca","twitter_site":"@iacapoiocrianca","twitter_misc":{"Written by":"Administra\u00e7\u00e3o IAC","Est. reading time":"2 minutes"},"schema":{"@context":"https:\/\/schema.org","@graph":[{"@type":"Article","@id":"https:\/\/iacrianca.pt\/en\/2026\/03\/ida-ao-teatro-embuscada-mas-ele-hoje-deu-me-flores\/#article","isPartOf":{"@id":"https:\/\/iacrianca.pt\/en\/2026\/03\/ida-ao-teatro-embuscada-mas-ele-hoje-deu-me-flores\/"},"author":{"name":"Administra\u00e7\u00e3o IAC","@id":"https:\/\/iacrianca.pt\/en\/#\/schema\/person\/1c48c6e4b70d0dc7360e4b28ceaa5f6b"},"headline":"Ida ao Teatro\u202fEmbuscada\u202f\u201cMas ele hoje deu-me flores\u201d\u202f","datePublished":"2026-03-04T11:28:46+00:00","dateModified":"2026-03-09T13:21:18+00:00","mainEntityOfPage":{"@id":"https:\/\/iacrianca.pt\/en\/2026\/03\/ida-ao-teatro-embuscada-mas-ele-hoje-deu-me-flores\/"},"wordCount":172,"publisher":{"@id":"https:\/\/iacrianca.pt\/en\/#organization"},"image":{"@id":"https:\/\/iacrianca.pt\/en\/2026\/03\/ida-ao-teatro-embuscada-mas-ele-hoje-deu-me-flores\/#primaryimage"},"thumbnailUrl":"https:\/\/iacrianca.pt\/wp-content\/uploads\/a4-cartaz-flores.png","articleSection":["Newsletter"],"inLanguage":"en-US"},{"@type":"WebPage","@id":"https:\/\/iacrianca.pt\/en\/2026\/03\/ida-ao-teatro-embuscada-mas-ele-hoje-deu-me-flores\/","url":"https:\/\/iacrianca.pt\/en\/2026\/03\/ida-ao-teatro-embuscada-mas-ele-hoje-deu-me-flores\/","name":"Ida ao Teatro\u202fEmbuscada\u202f\u201cMas ele hoje deu-me flores\u201d\u202f | Instituto de Apoio \u00e0 Crian\u00e7a","isPartOf":{"@id":"https:\/\/iacrianca.pt\/en\/#website"},"primaryImageOfPage":{"@id":"https:\/\/iacrianca.pt\/en\/2026\/03\/ida-ao-teatro-embuscada-mas-ele-hoje-deu-me-flores\/#primaryimage"},"image":{"@id":"https:\/\/iacrianca.pt\/en\/2026\/03\/ida-ao-teatro-embuscada-mas-ele-hoje-deu-me-flores\/#primaryimage"},"thumbnailUrl":"https:\/\/iacrianca.pt\/wp-content\/uploads\/a4-cartaz-flores.png","datePublished":"2026-03-04T11:28:46+00:00","dateModified":"2026-03-09T13:21:18+00:00","breadcrumb":{"@id":"https:\/\/iacrianca.pt\/en\/2026\/03\/ida-ao-teatro-embuscada-mas-ele-hoje-deu-me-flores\/#breadcrumb"},"inLanguage":"en-US","potentialAction":[{"@type":"ReadAction","target":["https:\/\/iacrianca.pt\/en\/2026\/03\/ida-ao-teatro-embuscada-mas-ele-hoje-deu-me-flores\/"]}]},{"@type":"ImageObject","inLanguage":"en-US","@id":"https:\/\/iacrianca.pt\/en\/2026\/03\/ida-ao-teatro-embuscada-mas-ele-hoje-deu-me-flores\/#primaryimage","url":"https:\/\/iacrianca.pt\/wp-content\/uploads\/a4-cartaz-flores.png","contentUrl":"https:\/\/iacrianca.pt\/wp-content\/uploads\/a4-cartaz-flores.png","width":1067,"height":1509},{"@type":"BreadcrumbList","@id":"https:\/\/iacrianca.pt\/en\/2026\/03\/ida-ao-teatro-embuscada-mas-ele-hoje-deu-me-flores\/#breadcrumb","itemListElement":[{"@type":"ListItem","position":1,"name":"In\u00edcio","item":"https:\/\/iacrianca.pt\/en\/"},{"@type":"ListItem","position":2,"name":"Ida ao Teatro\u202fEmbuscada\u202f\u201cMas ele hoje deu-me flores\u201d\u202f"}]},{"@type":"WebSite","@id":"https:\/\/iacrianca.pt\/en\/#website","url":"https:\/\/iacrianca.pt\/en\/","name":"Instituto de Apoio \u00e0 Crian\u00e7a","description":"Desde 1983 na defesa e promo\u00e7\u00e3o dos direitos da crian\u00e7a","publisher":{"@id":"https:\/\/iacrianca.pt\/en\/#organization"},"potentialAction":[{"@type":"SearchAction","target":{"@type":"EntryPoint","urlTemplate":"https:\/\/iacrianca.pt\/en\/?s={search_term_string}"},"query-input":{"@type":"PropertyValueSpecification","valueRequired":true,"valueName":"search_term_string"}}],"inLanguage":"en-US"},{"@type":"Organization","@id":"https:\/\/iacrianca.pt\/en\/#organization","name":"Instituto de Apoio \u00e0 Crian\u00e7a","url":"https:\/\/iacrianca.pt\/en\/","logo":{"@type":"ImageObject","inLanguage":"en-US","@id":"https:\/\/iacrianca.pt\/en\/#\/schema\/logo\/image\/","url":"https:\/\/iacrianca.pt\/wp-content\/uploads\/2020\/04\/logo-iac-SD.jpg","contentUrl":"https:\/\/iacrianca.pt\/wp-content\/uploads\/2020\/04\/logo-iac-SD.jpg","width":152,"height":73,"caption":"Instituto de Apoio \u00e0 Crian\u00e7a"},"image":{"@id":"https:\/\/iacrianca.pt\/en\/#\/schema\/logo\/image\/"},"sameAs":["https:\/\/www.facebook.com\/iacinstitutodeapoioacrianca","https:\/\/x.com\/iacapoiocrianca","https:\/\/www.youtube.com\/channel\/UC0jjfZ_xkN_59gJf_RQ-ZnQ","https:\/\/www.linkedin.com\/company\/instituto-de-apoio--criana\/","https:\/\/www.instagram.com\/iacinstitutodeapoioacrianca\/","https:\/\/criancasatortoeadireitos.wordpress.com\/"]},{"@type":"Person","@id":"https:\/\/iacrianca.pt\/en\/#\/schema\/person\/1c48c6e4b70d0dc7360e4b28ceaa5f6b","name":"Administra\u00e7\u00e3o IAC","image":{"@type":"ImageObject","inLanguage":"en-US","@id":"https:\/\/secure.gravatar.com\/avatar\/60b998c71de37dcc1398fc6d48c6b5ed7533e3ceec837c948055f072e3158ff1?s=96&d=mm&r=g","url":"https:\/\/secure.gravatar.com\/avatar\/60b998c71de37dcc1398fc6d48c6b5ed7533e3ceec837c948055f072e3158ff1?s=96&d=mm&r=g","contentUrl":"https:\/\/secure.gravatar.com\/avatar\/60b998c71de37dcc1398fc6d48c6b5ed7533e3ceec837c948055f072e3158ff1?s=96&d=mm&r=g","caption":"Administra\u00e7\u00e3o IAC"}}]}},"_links":{"self":[{"href":"https:\/\/iacrianca.pt\/en\/wp-json\/wp\/v2\/posts\/28108","targetHints":{"allow":["GET"]}}],"collection":[{"href":"https:\/\/iacrianca.pt\/en\/wp-json\/wp\/v2\/posts"}],"about":[{"href":"https:\/\/iacrianca.pt\/en\/wp-json\/wp\/v2\/types\/post"}],"author":[{"embeddable":true,"href":"https:\/\/iacrianca.pt\/en\/wp-json\/wp\/v2\/users\/2"}],"replies":[{"embeddable":true,"href":"https:\/\/iacrianca.pt\/en\/wp-json\/wp\/v2\/comments?post=28108"}],"version-history":[{"count":3,"href":"https:\/\/iacrianca.pt\/en\/wp-json\/wp\/v2\/posts\/28108\/revisions"}],"predecessor-version":[{"id":28143,"href":"https:\/\/iacrianca.pt\/en\/wp-json\/wp\/v2\/posts\/28108\/revisions\/28143"}],"wp:featuredmedia":[{"embeddable":true,"href":"https:\/\/iacrianca.pt\/en\/wp-json\/wp\/v2\/media\/28109"}],"wp:attachment":[{"href":"https:\/\/iacrianca.pt\/en\/wp-json\/wp\/v2\/media?parent=28108"}],"wp:term":[{"taxonomy":"category","embeddable":true,"href":"https:\/\/iacrianca.pt\/en\/wp-json\/wp\/v2\/categories?post=28108"},{"taxonomy":"post_tag","embeddable":true,"href":"https:\/\/iacrianca.pt\/en\/wp-json\/wp\/v2\/tags?post=28108"}],"curies":[{"name":"wp","href":"https:\/\/api.w.org\/{rel}","templated":true}]}}