{"id":3966,"date":"2019-10-29T09:00:33","date_gmt":"2019-10-29T09:00:33","guid":{"rendered":"https:\/\/iacrianca.pt\/?p=3966"},"modified":"2021-01-08T11:40:26","modified_gmt":"2021-01-08T11:40:26","slug":"30-anos-da-convencao-sobre-os-direitos-da-crianca","status":"publish","type":"post","link":"https:\/\/iacrianca.pt\/en\/2019\/10\/30-anos-da-convencao-sobre-os-direitos-da-crianca\/","title":{"rendered":"30 Anos da Conven\u00e7\u00e3o Sobre os Direitos da Crian\u00e7a"},"content":{"rendered":"<p>O Instituto de Apoio \u00e0 Crian\u00e7a, por ocasi\u00e3o da comemora\u00e7\u00e3o do 30\u00ba anivers\u00e1rio da Conven\u00e7\u00e3o sobre os Direitos da Crian\u00e7a, decidiu organizar um Encontro Comemorativo para assinalar a data em que os Pa\u00edses deliberaram entender-se na consagra\u00e7\u00e3o de um texto memor\u00e1vel em nome da prote\u00e7\u00e3o de Crian\u00e7a e da promo\u00e7\u00e3o dos direitos que expressamente decidiram reconhecer-lhes.<\/p>\n<p>Na parte da manh\u00e3 ser\u00e1 apresentada uma exposi\u00e7\u00e3o pela Embaixada Polaca que em 1979, Ano Internacional da Crian\u00e7a, prop\u00f4s \u00e0 Assembleia Geral da Organiza\u00e7\u00e3o das Na\u00e7\u00f5es Unidas a prepara\u00e7\u00e3o de uma Conven\u00e7\u00e3o sobre os Direitos da Crian\u00e7a. A exposi\u00e7\u00e3o poder\u00e1 ser visitada durante o dia na Funda\u00e7\u00e3o.<\/p>\n<p>Decorrer\u00e1 durante a manh\u00e3 uma cerim\u00f3nia de apresenta\u00e7\u00e3o p\u00fablica do Conselho Consultivo do IAC que re\u00fane um conjunto de ilustres personalidades com um percurso ligado \u00e0 promo\u00e7\u00e3o dos Direitos da Crian\u00e7a.<\/p>\n<p>Na parte da tarde, antes da Sess\u00e3o de Encerramento presidida pela Senhora Provedora da Justi\u00e7a, haver\u00e1 um momento de reflex\u00e3o das pr\u00e1ticas desenvolvidas em torno dos Direitos da Crian\u00e7a, com especial incid\u00eancia numa das prioridades deste s\u00e9culo \u2013 o Direito \u00e0 Participa\u00e7\u00e3o, pela voz das pr\u00f3prias crian\u00e7as.<\/p>\n\n\t\t\t<style type='text\/css'>\n\t\t\t\t#gallery-1 {\n\t\t\t\t\tmargin: auto;\n\t\t\t\t}\n\t\t\t\t#gallery-1 .gallery-item {\n\t\t\t\t\tfloat: left;\n\t\t\t\t\tmargin-top: 10px;\n\t\t\t\t\ttext-align: center;\n\t\t\t\t\twidth: 100%;\n\t\t\t\t}\n\t\t\t\t#gallery-1 img {\n\t\t\t\t\tborder: 2px solid #cfcfcf;\n\t\t\t\t}\n\t\t\t\t#gallery-1 .gallery-caption {\n\t\t\t\t\tmargin-left: 0;\n\t\t\t\t}\n\t\t\t\t\/* see gallery_shortcode() in wp-includes\/media.php *\/\n\t\t\t<\/style>\n\t\t<div id='gallery-1' class='dt-gallery-container gallery galleryid-3966 gallery-columns-1 gallery-size-full'><dl class='gallery-item'>\n\t\t\t\t<dt class='gallery-icon landscape'>\n\t\t\t\t\t<a class=\"rollover rollover-zoom dt-pswp-item\" title=\"30-anos-conferencia-direitos-crianca-1\" data-dt-img-description=\"\" data-large_image_width=\"960\" data-large_image_height=\"960\"href='https:\/\/iacrianca.pt\/wp-content\/uploads\/2019\/10\/30-anos-conferencia-direitos-crianca-1.jpg'><img fetchpriority=\"high\" decoding=\"async\" width=\"960\" height=\"960\" src=\"https:\/\/iacrianca.pt\/wp-content\/uploads\/2019\/10\/30-anos-conferencia-direitos-crianca-1.jpg\" class=\"attachment-full size-full\" alt=\"\" srcset=\"https:\/\/iacrianca.pt\/wp-content\/uploads\/2019\/10\/30-anos-conferencia-direitos-crianca-1.jpg 960w, https:\/\/iacrianca.pt\/wp-content\/uploads\/2019\/10\/30-anos-conferencia-direitos-crianca-1-300x300.jpg 300w, https:\/\/iacrianca.pt\/wp-content\/uploads\/2019\/10\/30-anos-conferencia-direitos-crianca-1-150x150.jpg 150w, https:\/\/iacrianca.pt\/wp-content\/uploads\/2019\/10\/30-anos-conferencia-direitos-crianca-1-768x768.jpg 768w\" sizes=\"(max-width: 960px) 100vw, 960px\" \/><\/a>\n\t\t\t\t<\/dt><\/dl><br style=\"clear: both\" \/><dl class='gallery-item'>\n\t\t\t\t<dt class='gallery-icon landscape'>\n\t\t\t\t\t<a class=\"rollover rollover-zoom dt-pswp-item\" title=\"30-anos-conferencia-direitos-crianca-2\" data-dt-img-description=\"\" data-large_image_width=\"960\" data-large_image_height=\"540\"href='https:\/\/iacrianca.pt\/wp-content\/uploads\/2019\/10\/30-anos-conferencia-direitos-crianca-2.jpg'><img decoding=\"async\" width=\"960\" height=\"540\" src=\"https:\/\/iacrianca.pt\/wp-content\/uploads\/2019\/10\/30-anos-conferencia-direitos-crianca-2.jpg\" class=\"attachment-full size-full\" alt=\"\" srcset=\"https:\/\/iacrianca.pt\/wp-content\/uploads\/2019\/10\/30-anos-conferencia-direitos-crianca-2.jpg 960w, https:\/\/iacrianca.pt\/wp-content\/uploads\/2019\/10\/30-anos-conferencia-direitos-crianca-2-300x169.jpg 300w, https:\/\/iacrianca.pt\/wp-content\/uploads\/2019\/10\/30-anos-conferencia-direitos-crianca-2-768x432.jpg 768w\" sizes=\"(max-width: 960px) 100vw, 960px\" \/><\/a>\n\t\t\t\t<\/dt><\/dl><br style=\"clear: both\" \/><dl class='gallery-item'>\n\t\t\t\t<dt class='gallery-icon landscape'>\n\t\t\t\t\t<a class=\"rollover rollover-zoom dt-pswp-item\" title=\"30-anos-conferencia-direitos-crianca-3\" data-dt-img-description=\"\" data-large_image_width=\"960\" data-large_image_height=\"540\"href='https:\/\/iacrianca.pt\/wp-content\/uploads\/2019\/10\/30-anos-conferencia-direitos-crianca-3.jpg'><img decoding=\"async\" width=\"960\" height=\"540\" src=\"https:\/\/iacrianca.pt\/wp-content\/uploads\/2019\/10\/30-anos-conferencia-direitos-crianca-3.jpg\" class=\"attachment-full size-full\" alt=\"\" srcset=\"https:\/\/iacrianca.pt\/wp-content\/uploads\/2019\/10\/30-anos-conferencia-direitos-crianca-3.jpg 960w, https:\/\/iacrianca.pt\/wp-content\/uploads\/2019\/10\/30-anos-conferencia-direitos-crianca-3-300x169.jpg 300w, https:\/\/iacrianca.pt\/wp-content\/uploads\/2019\/10\/30-anos-conferencia-direitos-crianca-3-768x432.jpg 768w\" sizes=\"(max-width: 960px) 100vw, 960px\" \/><\/a>\n\t\t\t\t<\/dt><\/dl><br style=\"clear: both\" \/><dl class='gallery-item'>\n\t\t\t\t<dt class='gallery-icon landscape'>\n\t\t\t\t\t<a class=\"rollover rollover-zoom dt-pswp-item\" title=\"30-anos-conferencia-direitos-crianca-4\" data-dt-img-description=\"\" data-large_image_width=\"960\" data-large_image_height=\"311\"href='https:\/\/iacrianca.pt\/wp-content\/uploads\/2019\/10\/30-anos-conferencia-direitos-crianca-4.jpg'><img loading=\"lazy\" decoding=\"async\" width=\"960\" height=\"311\" src=\"https:\/\/iacrianca.pt\/wp-content\/uploads\/2019\/10\/30-anos-conferencia-direitos-crianca-4.jpg\" class=\"attachment-full size-full\" alt=\"\" srcset=\"https:\/\/iacrianca.pt\/wp-content\/uploads\/2019\/10\/30-anos-conferencia-direitos-crianca-4.jpg 960w, https:\/\/iacrianca.pt\/wp-content\/uploads\/2019\/10\/30-anos-conferencia-direitos-crianca-4-300x97.jpg 300w, https:\/\/iacrianca.pt\/wp-content\/uploads\/2019\/10\/30-anos-conferencia-direitos-crianca-4-768x249.jpg 768w\" sizes=\"(max-width: 960px) 100vw, 960px\" \/><\/a>\n\t\t\t\t<\/dt><\/dl><br style=\"clear: both\" \/><dl class='gallery-item'>\n\t\t\t\t<dt class='gallery-icon landscape'>\n\t\t\t\t\t<a class=\"rollover rollover-zoom dt-pswp-item\" title=\"30-anos-conferencia-direitos-crianca-5\" data-dt-img-description=\"\" data-large_image_width=\"767\" data-large_image_height=\"766\"href='https:\/\/iacrianca.pt\/wp-content\/uploads\/2019\/10\/30-anos-conferencia-direitos-crianca-5.jpg'><img loading=\"lazy\" decoding=\"async\" width=\"767\" height=\"766\" src=\"https:\/\/iacrianca.pt\/wp-content\/uploads\/2019\/10\/30-anos-conferencia-direitos-crianca-5.jpg\" class=\"attachment-full size-full\" alt=\"\" srcset=\"https:\/\/iacrianca.pt\/wp-content\/uploads\/2019\/10\/30-anos-conferencia-direitos-crianca-5.jpg 767w, https:\/\/iacrianca.pt\/wp-content\/uploads\/2019\/10\/30-anos-conferencia-direitos-crianca-5-300x300.jpg 300w, https:\/\/iacrianca.pt\/wp-content\/uploads\/2019\/10\/30-anos-conferencia-direitos-crianca-5-150x150.jpg 150w\" sizes=\"(max-width: 767px) 100vw, 767px\" \/><\/a>\n\t\t\t\t<\/dt><\/dl><br style=\"clear: both\" \/><dl class='gallery-item'>\n\t\t\t\t<dt class='gallery-icon portrait'>\n\t\t\t\t\t<a class=\"rollover rollover-zoom dt-pswp-item\" title=\"30-anos-conferencia-direitos-crianca-6\" data-dt-img-description=\"\" data-large_image_width=\"766\" data-large_image_height=\"767\"href='https:\/\/iacrianca.pt\/wp-content\/uploads\/2019\/10\/30-anos-conferencia-direitos-crianca-6.jpg'><img loading=\"lazy\" decoding=\"async\" width=\"766\" height=\"767\" src=\"https:\/\/iacrianca.pt\/wp-content\/uploads\/2019\/10\/30-anos-conferencia-direitos-crianca-6.jpg\" class=\"attachment-full size-full\" alt=\"\" srcset=\"https:\/\/iacrianca.pt\/wp-content\/uploads\/2019\/10\/30-anos-conferencia-direitos-crianca-6.jpg 766w, https:\/\/iacrianca.pt\/wp-content\/uploads\/2019\/10\/30-anos-conferencia-direitos-crianca-6-300x300.jpg 300w, https:\/\/iacrianca.pt\/wp-content\/uploads\/2019\/10\/30-anos-conferencia-direitos-crianca-6-150x150.jpg 150w\" sizes=\"(max-width: 766px) 100vw, 766px\" \/><\/a>\n\t\t\t\t<\/dt><\/dl><br style=\"clear: both\" \/><dl class='gallery-item'>\n\t\t\t\t<dt class='gallery-icon landscape'>\n\t\t\t\t\t<a class=\"rollover rollover-zoom dt-pswp-item\" title=\"30-anos-conferencia-direitos-crianca-7\" data-dt-img-description=\"\" data-large_image_width=\"960\" data-large_image_height=\"960\"href='https:\/\/iacrianca.pt\/wp-content\/uploads\/2019\/10\/30-anos-conferencia-direitos-crianca-7.jpg'><img loading=\"lazy\" decoding=\"async\" width=\"960\" height=\"960\" src=\"https:\/\/iacrianca.pt\/wp-content\/uploads\/2019\/10\/30-anos-conferencia-direitos-crianca-7.jpg\" class=\"attachment-full size-full\" alt=\"\" srcset=\"https:\/\/iacrianca.pt\/wp-content\/uploads\/2019\/10\/30-anos-conferencia-direitos-crianca-7.jpg 960w, https:\/\/iacrianca.pt\/wp-content\/uploads\/2019\/10\/30-anos-conferencia-direitos-crianca-7-300x300.jpg 300w, https:\/\/iacrianca.pt\/wp-content\/uploads\/2019\/10\/30-anos-conferencia-direitos-crianca-7-150x150.jpg 150w, https:\/\/iacrianca.pt\/wp-content\/uploads\/2019\/10\/30-anos-conferencia-direitos-crianca-7-768x768.jpg 768w\" sizes=\"(max-width: 960px) 100vw, 960px\" \/><\/a>\n\t\t\t\t<\/dt><\/dl><br style=\"clear: both\" \/><dl class='gallery-item'>\n\t\t\t\t<dt class='gallery-icon landscape'>\n\t\t\t\t\t<a class=\"rollover rollover-zoom dt-pswp-item\" title=\"30-anos-conferencia-direitos-crianca-8\" data-dt-img-description=\"\" data-large_image_width=\"960\" data-large_image_height=\"540\"href='https:\/\/iacrianca.pt\/wp-content\/uploads\/2019\/10\/30-anos-conferencia-direitos-crianca-8.jpg'><img loading=\"lazy\" decoding=\"async\" width=\"960\" height=\"540\" src=\"https:\/\/iacrianca.pt\/wp-content\/uploads\/2019\/10\/30-anos-conferencia-direitos-crianca-8.jpg\" class=\"attachment-full size-full\" alt=\"\" srcset=\"https:\/\/iacrianca.pt\/wp-content\/uploads\/2019\/10\/30-anos-conferencia-direitos-crianca-8.jpg 960w, https:\/\/iacrianca.pt\/wp-content\/uploads\/2019\/10\/30-anos-conferencia-direitos-crianca-8-300x169.jpg 300w, https:\/\/iacrianca.pt\/wp-content\/uploads\/2019\/10\/30-anos-conferencia-direitos-crianca-8-768x432.jpg 768w\" sizes=\"(max-width: 960px) 100vw, 960px\" \/><\/a>\n\t\t\t\t<\/dt><\/dl><br style=\"clear: both\" \/><dl class='gallery-item'>\n\t\t\t\t<dt class='gallery-icon landscape'>\n\t\t\t\t\t<a class=\"rollover rollover-zoom dt-pswp-item\" title=\"30-anos-conferencia-direitos-crianca-9\" data-dt-img-description=\"\" data-large_image_width=\"960\" data-large_image_height=\"960\"href='https:\/\/iacrianca.pt\/wp-content\/uploads\/2019\/10\/30-anos-conferencia-direitos-crianca-9.jpg'><img loading=\"lazy\" decoding=\"async\" width=\"960\" height=\"960\" src=\"https:\/\/iacrianca.pt\/wp-content\/uploads\/2019\/10\/30-anos-conferencia-direitos-crianca-9.jpg\" class=\"attachment-full size-full\" alt=\"\" srcset=\"https:\/\/iacrianca.pt\/wp-content\/uploads\/2019\/10\/30-anos-conferencia-direitos-crianca-9.jpg 960w, https:\/\/iacrianca.pt\/wp-content\/uploads\/2019\/10\/30-anos-conferencia-direitos-crianca-9-300x300.jpg 300w, https:\/\/iacrianca.pt\/wp-content\/uploads\/2019\/10\/30-anos-conferencia-direitos-crianca-9-150x150.jpg 150w, https:\/\/iacrianca.pt\/wp-content\/uploads\/2019\/10\/30-anos-conferencia-direitos-crianca-9-768x768.jpg 768w\" sizes=\"(max-width: 960px) 100vw, 960px\" \/><\/a>\n\t\t\t\t<\/dt><\/dl><br style=\"clear: both\" \/><dl class='gallery-item'>\n\t\t\t\t<dt class='gallery-icon landscape'>\n\t\t\t\t\t<a class=\"rollover rollover-zoom dt-pswp-item\" title=\"30-anos-conferencia-direitos-crianca-10\" data-dt-img-description=\"\" data-large_image_width=\"960\" data-large_image_height=\"540\"href='https:\/\/iacrianca.pt\/wp-content\/uploads\/2019\/10\/30-anos-conferencia-direitos-crianca-10.jpg'><img loading=\"lazy\" decoding=\"async\" width=\"960\" height=\"540\" src=\"https:\/\/iacrianca.pt\/wp-content\/uploads\/2019\/10\/30-anos-conferencia-direitos-crianca-10.jpg\" class=\"attachment-full size-full\" alt=\"\" srcset=\"https:\/\/iacrianca.pt\/wp-content\/uploads\/2019\/10\/30-anos-conferencia-direitos-crianca-10.jpg 960w, https:\/\/iacrianca.pt\/wp-content\/uploads\/2019\/10\/30-anos-conferencia-direitos-crianca-10-300x169.jpg 300w, https:\/\/iacrianca.pt\/wp-content\/uploads\/2019\/10\/30-anos-conferencia-direitos-crianca-10-768x432.jpg 768w\" sizes=\"(max-width: 960px) 100vw, 960px\" \/><\/a>\n\t\t\t\t<\/dt><\/dl><br style=\"clear: both\" \/><dl class='gallery-item'>\n\t\t\t\t<dt class='gallery-icon landscape'>\n\t\t\t\t\t<a class=\"rollover rollover-zoom dt-pswp-item\" title=\"30-anos-conferencia-direitos-crianca-11\" data-dt-img-description=\"\" data-large_image_width=\"959\" data-large_image_height=\"540\"href='https:\/\/iacrianca.pt\/wp-content\/uploads\/2019\/10\/30-anos-conferencia-direitos-crianca-11.jpg'><img loading=\"lazy\" decoding=\"async\" width=\"959\" height=\"540\" src=\"https:\/\/iacrianca.pt\/wp-content\/uploads\/2019\/10\/30-anos-conferencia-direitos-crianca-11.jpg\" class=\"attachment-full size-full\" alt=\"\" srcset=\"https:\/\/iacrianca.pt\/wp-content\/uploads\/2019\/10\/30-anos-conferencia-direitos-crianca-11.jpg 959w, https:\/\/iacrianca.pt\/wp-content\/uploads\/2019\/10\/30-anos-conferencia-direitos-crianca-11-300x169.jpg 300w, https:\/\/iacrianca.pt\/wp-content\/uploads\/2019\/10\/30-anos-conferencia-direitos-crianca-11-768x432.jpg 768w\" sizes=\"(max-width: 959px) 100vw, 959px\" \/><\/a>\n\t\t\t\t<\/dt><\/dl><br style=\"clear: both\" \/><dl class='gallery-item'>\n\t\t\t\t<dt class='gallery-icon landscape'>\n\t\t\t\t\t<a class=\"rollover rollover-zoom dt-pswp-item\" title=\"30-anos-conferencia-direitos-crianca-12\" data-dt-img-description=\"\" data-large_image_width=\"1000\" data-large_image_height=\"667\"href='https:\/\/iacrianca.pt\/wp-content\/uploads\/2019\/10\/30-anos-conferencia-direitos-crianca-12.jpg'><img loading=\"lazy\" decoding=\"async\" width=\"1000\" height=\"667\" src=\"https:\/\/iacrianca.pt\/wp-content\/uploads\/2019\/10\/30-anos-conferencia-direitos-crianca-12.jpg\" class=\"attachment-full size-full\" alt=\"\" srcset=\"https:\/\/iacrianca.pt\/wp-content\/uploads\/2019\/10\/30-anos-conferencia-direitos-crianca-12.jpg 1000w, https:\/\/iacrianca.pt\/wp-content\/uploads\/2019\/10\/30-anos-conferencia-direitos-crianca-12-300x200.jpg 300w, https:\/\/iacrianca.pt\/wp-content\/uploads\/2019\/10\/30-anos-conferencia-direitos-crianca-12-768x512.jpg 768w\" sizes=\"(max-width: 1000px) 100vw, 1000px\" \/><\/a>\n\t\t\t\t<\/dt><\/dl><br style=\"clear: both\" \/><dl class='gallery-item'>\n\t\t\t\t<dt class='gallery-icon landscape'>\n\t\t\t\t\t<a class=\"rollover rollover-zoom dt-pswp-item\" title=\"30-anos-conferencia-direitos-crianca-13\" data-dt-img-description=\"\" data-large_image_width=\"1000\" data-large_image_height=\"667\"href='https:\/\/iacrianca.pt\/wp-content\/uploads\/2019\/10\/30-anos-conferencia-direitos-crianca-13.jpg'><img loading=\"lazy\" decoding=\"async\" width=\"1000\" height=\"667\" src=\"https:\/\/iacrianca.pt\/wp-content\/uploads\/2019\/10\/30-anos-conferencia-direitos-crianca-13.jpg\" class=\"attachment-full size-full\" alt=\"\" srcset=\"https:\/\/iacrianca.pt\/wp-content\/uploads\/2019\/10\/30-anos-conferencia-direitos-crianca-13.jpg 1000w, https:\/\/iacrianca.pt\/wp-content\/uploads\/2019\/10\/30-anos-conferencia-direitos-crianca-13-300x200.jpg 300w, https:\/\/iacrianca.pt\/wp-content\/uploads\/2019\/10\/30-anos-conferencia-direitos-crianca-13-768x512.jpg 768w\" sizes=\"(max-width: 1000px) 100vw, 1000px\" \/><\/a>\n\t\t\t\t<\/dt><\/dl><br style=\"clear: both\" \/><dl class='gallery-item'>\n\t\t\t\t<dt class='gallery-icon landscape'>\n\t\t\t\t\t<a class=\"rollover rollover-zoom dt-pswp-item\" title=\"30-anos-conferencia-direitos-crianca-14\" data-dt-img-description=\"\" data-large_image_width=\"1000\" data-large_image_height=\"667\"href='https:\/\/iacrianca.pt\/wp-content\/uploads\/2019\/10\/30-anos-conferencia-direitos-crianca-14.jpg'><img loading=\"lazy\" decoding=\"async\" width=\"1000\" height=\"667\" src=\"https:\/\/iacrianca.pt\/wp-content\/uploads\/2019\/10\/30-anos-conferencia-direitos-crianca-14.jpg\" class=\"attachment-full size-full\" alt=\"\" srcset=\"https:\/\/iacrianca.pt\/wp-content\/uploads\/2019\/10\/30-anos-conferencia-direitos-crianca-14.jpg 1000w, https:\/\/iacrianca.pt\/wp-content\/uploads\/2019\/10\/30-anos-conferencia-direitos-crianca-14-300x200.jpg 300w, https:\/\/iacrianca.pt\/wp-content\/uploads\/2019\/10\/30-anos-conferencia-direitos-crianca-14-768x512.jpg 768w\" sizes=\"(max-width: 1000px) 100vw, 1000px\" \/><\/a>\n\t\t\t\t<\/dt><\/dl><br style=\"clear: both\" \/><dl class='gallery-item'>\n\t\t\t\t<dt class='gallery-icon landscape'>\n\t\t\t\t\t<a class=\"rollover rollover-zoom dt-pswp-item\" title=\"30-anos-conferencia-direitos-crianca-15\" data-dt-img-description=\"\" data-large_image_width=\"1000\" data-large_image_height=\"667\"href='https:\/\/iacrianca.pt\/wp-content\/uploads\/2019\/10\/30-anos-conferencia-direitos-crianca-15.jpg'><img loading=\"lazy\" decoding=\"async\" width=\"1000\" height=\"667\" src=\"https:\/\/iacrianca.pt\/wp-content\/uploads\/2019\/10\/30-anos-conferencia-direitos-crianca-15.jpg\" class=\"attachment-full size-full\" alt=\"\" srcset=\"https:\/\/iacrianca.pt\/wp-content\/uploads\/2019\/10\/30-anos-conferencia-direitos-crianca-15.jpg 1000w, https:\/\/iacrianca.pt\/wp-content\/uploads\/2019\/10\/30-anos-conferencia-direitos-crianca-15-300x200.jpg 300w, https:\/\/iacrianca.pt\/wp-content\/uploads\/2019\/10\/30-anos-conferencia-direitos-crianca-15-768x512.jpg 768w\" sizes=\"(max-width: 1000px) 100vw, 1000px\" \/><\/a>\n\t\t\t\t<\/dt><\/dl><br style=\"clear: both\" \/><dl class='gallery-item'>\n\t\t\t\t<dt class='gallery-icon landscape'>\n\t\t\t\t\t<a class=\"rollover rollover-zoom dt-pswp-item\" title=\"30-anos-conferencia-direitos-crianca-16\" data-dt-img-description=\"\" data-large_image_width=\"1000\" data-large_image_height=\"667\"href='https:\/\/iacrianca.pt\/wp-content\/uploads\/2019\/10\/30-anos-conferencia-direitos-crianca-16.jpg'><img loading=\"lazy\" decoding=\"async\" width=\"1000\" height=\"667\" src=\"https:\/\/iacrianca.pt\/wp-content\/uploads\/2019\/10\/30-anos-conferencia-direitos-crianca-16.jpg\" class=\"attachment-full size-full\" alt=\"\" srcset=\"https:\/\/iacrianca.pt\/wp-content\/uploads\/2019\/10\/30-anos-conferencia-direitos-crianca-16.jpg 1000w, https:\/\/iacrianca.pt\/wp-content\/uploads\/2019\/10\/30-anos-conferencia-direitos-crianca-16-300x200.jpg 300w, https:\/\/iacrianca.pt\/wp-content\/uploads\/2019\/10\/30-anos-conferencia-direitos-crianca-16-768x512.jpg 768w\" sizes=\"(max-width: 1000px) 100vw, 1000px\" \/><\/a>\n\t\t\t\t<\/dt><\/dl><br style=\"clear: both\" \/><dl class='gallery-item'>\n\t\t\t\t<dt class='gallery-icon portrait'>\n\t\t\t\t\t<a class=\"rollover rollover-zoom dt-pswp-item\" title=\"30-anos-conferencia-direitos-crianca-17\" data-dt-img-description=\"\" data-large_image_width=\"733\" data-large_image_height=\"1100\"href='https:\/\/iacrianca.pt\/wp-content\/uploads\/2019\/10\/30-anos-conferencia-direitos-crianca-17.jpg'><img loading=\"lazy\" decoding=\"async\" width=\"733\" height=\"1100\" src=\"https:\/\/iacrianca.pt\/wp-content\/uploads\/2019\/10\/30-anos-conferencia-direitos-crianca-17.jpg\" class=\"attachment-full size-full\" alt=\"\" srcset=\"https:\/\/iacrianca.pt\/wp-content\/uploads\/2019\/10\/30-anos-conferencia-direitos-crianca-17.jpg 733w, https:\/\/iacrianca.pt\/wp-content\/uploads\/2019\/10\/30-anos-conferencia-direitos-crianca-17-200x300.jpg 200w, https:\/\/iacrianca.pt\/wp-content\/uploads\/2019\/10\/30-anos-conferencia-direitos-crianca-17-682x1024.jpg 682w\" sizes=\"(max-width: 733px) 100vw, 733px\" \/><\/a>\n\t\t\t\t<\/dt><\/dl><br style=\"clear: both\" \/><dl class='gallery-item'>\n\t\t\t\t<dt class='gallery-icon landscape'>\n\t\t\t\t\t<a class=\"rollover rollover-zoom dt-pswp-item\" title=\"30-anos-conferencia-direitos-crianca-18\" data-dt-img-description=\"\" data-large_image_width=\"1000\" data-large_image_height=\"667\"href='https:\/\/iacrianca.pt\/wp-content\/uploads\/2019\/10\/30-anos-conferencia-direitos-crianca-18.jpg'><img loading=\"lazy\" decoding=\"async\" width=\"1000\" height=\"667\" src=\"https:\/\/iacrianca.pt\/wp-content\/uploads\/2019\/10\/30-anos-conferencia-direitos-crianca-18.jpg\" class=\"attachment-full size-full\" alt=\"\" srcset=\"https:\/\/iacrianca.pt\/wp-content\/uploads\/2019\/10\/30-anos-conferencia-direitos-crianca-18.jpg 1000w, https:\/\/iacrianca.pt\/wp-content\/uploads\/2019\/10\/30-anos-conferencia-direitos-crianca-18-300x200.jpg 300w, https:\/\/iacrianca.pt\/wp-content\/uploads\/2019\/10\/30-anos-conferencia-direitos-crianca-18-768x512.jpg 768w\" sizes=\"(max-width: 1000px) 100vw, 1000px\" \/><\/a>\n\t\t\t\t<\/dt><\/dl><br style=\"clear: both\" \/><dl class='gallery-item'>\n\t\t\t\t<dt class='gallery-icon landscape'>\n\t\t\t\t\t<a class=\"rollover rollover-zoom dt-pswp-item\" title=\"30-anos-conferencia-direitos-crianca-19\" data-dt-img-description=\"\" data-large_image_width=\"1000\" data-large_image_height=\"667\"href='https:\/\/iacrianca.pt\/wp-content\/uploads\/2019\/10\/30-anos-conferencia-direitos-crianca-19.jpg'><img loading=\"lazy\" decoding=\"async\" width=\"1000\" height=\"667\" src=\"https:\/\/iacrianca.pt\/wp-content\/uploads\/2019\/10\/30-anos-conferencia-direitos-crianca-19.jpg\" class=\"attachment-full size-full\" alt=\"\" srcset=\"https:\/\/iacrianca.pt\/wp-content\/uploads\/2019\/10\/30-anos-conferencia-direitos-crianca-19.jpg 1000w, https:\/\/iacrianca.pt\/wp-content\/uploads\/2019\/10\/30-anos-conferencia-direitos-crianca-19-300x200.jpg 300w, https:\/\/iacrianca.pt\/wp-content\/uploads\/2019\/10\/30-anos-conferencia-direitos-crianca-19-768x512.jpg 768w\" sizes=\"(max-width: 1000px) 100vw, 1000px\" \/><\/a>\n\t\t\t\t<\/dt><\/dl><br style=\"clear: both\" \/>\n\t\t\t<\/div>\n\n<p><iframe src=\"https:\/\/www.youtube.com\/embed\/ZMjAf5V-g0A\" width=\"560\" height=\"400\" frameborder=\"0\" allowfullscreen=\"allowfullscreen\"><\/iframe><\/p>\n<p><iframe src=\"https:\/\/www.youtube.com\/embed\/-Fyw9KhIIf8\" width=\"560\" height=\"400\" frameborder=\"0\" allowfullscreen=\"allowfullscreen\"><\/iframe><\/p>\n<p><iframe src=\"https:\/\/www.youtube.com\/embed\/9gyhI8sy9qE\" width=\"560\" height=\"400\" frameborder=\"0\" allowfullscreen=\"allowfullscreen\"><span style=\"display: inline-block; width: 0px; overflow: hidden; line-height: 0;\" data-mce-type=\"bookmark\" class=\"mce_SELRES_start\">\ufeff<\/span><\/iframe><\/p>\n","protected":false},"excerpt":{"rendered":"<p>O Instituto de Apoio \u00e0 Crian\u00e7a decidiu organizar um Encontro Comemorativo para assinalar a data em que os Pa\u00edses deliberaram entender-se na consagra\u00e7\u00e3o de um texto memor\u00e1vel em nome da prote\u00e7\u00e3o de Crian\u00e7a.<\/p>\n","protected":false},"author":2,"featured_media":3967,"comment_status":"open","ping_status":"open","sticky":false,"template":"","format":"standard","meta":{"_acf_changed":false,"footnotes":""},"categories":[46],"tags":[],"class_list":["post-3966","post","type-post","status-publish","format-standard","has-post-thumbnail","hentry","category-eventos","category-46","description-off"],"acf":[],"yoast_head":"<!-- This site is optimized with the Yoast SEO plugin v27.5 - https:\/\/yoast.com\/product\/yoast-seo-wordpress\/ -->\n<title>30 Anos da Conven\u00e7\u00e3o Direitos da Crian\u00e7a | Evento IAC<\/title>\n<meta name=\"description\" content=\"30 Anos da Conven\u00e7\u00e3o para assinalar a data em que os Pa\u00edses deliberaram a consagra\u00e7\u00e3o de um texto em nome da prote\u00e7\u00e3o de Crian\u00e7a\" \/>\n<meta name=\"robots\" content=\"index, follow, max-snippet:-1, max-image-preview:large, max-video-preview:-1\" \/>\n<link rel=\"canonical\" href=\"https:\/\/iacrianca.pt\/en\/2019\/10\/30-anos-da-convencao-sobre-os-direitos-da-crianca\/\" \/>\n<meta property=\"og:locale\" content=\"en_US\" \/>\n<meta property=\"og:type\" content=\"article\" \/>\n<meta property=\"og:title\" content=\"30 Anos da Conven\u00e7\u00e3o Direitos da Crian\u00e7a | Evento IAC\" \/>\n<meta property=\"og:description\" content=\"30 Anos da Conven\u00e7\u00e3o para assinalar a data em que os Pa\u00edses deliberaram a consagra\u00e7\u00e3o de um texto em nome da prote\u00e7\u00e3o de Crian\u00e7a\" \/>\n<meta property=\"og:url\" content=\"https:\/\/iacrianca.pt\/en\/2019\/10\/30-anos-da-convencao-sobre-os-direitos-da-crianca\/\" \/>\n<meta property=\"og:site_name\" content=\"Instituto de Apoio \u00e0 Crian\u00e7a\" \/>\n<meta property=\"article:publisher\" content=\"https:\/\/www.facebook.com\/iacinstitutodeapoioacrianca\" \/>\n<meta property=\"article:published_time\" content=\"2019-10-29T09:00:33+00:00\" \/>\n<meta property=\"article:modified_time\" content=\"2021-01-08T11:40:26+00:00\" \/>\n<meta property=\"og:image\" content=\"https:\/\/iacrianca.pt\/wp-content\/uploads\/2020\/07\/cartazconferencia_2019_0.jpg\" \/>\n\t<meta property=\"og:image:width\" content=\"1000\" \/>\n\t<meta property=\"og:image:height\" content=\"1409\" \/>\n\t<meta property=\"og:image:type\" content=\"image\/jpeg\" \/>\n<meta name=\"author\" content=\"Administra\u00e7\u00e3o IAC\" \/>\n<meta name=\"twitter:card\" content=\"summary_large_image\" \/>\n<meta name=\"twitter:creator\" content=\"@iacapoiocrianca\" \/>\n<meta name=\"twitter:site\" content=\"@iacapoiocrianca\" \/>\n<meta name=\"twitter:label1\" content=\"Written by\" \/>\n\t<meta name=\"twitter:data1\" content=\"Administra\u00e7\u00e3o IAC\" \/>\n\t<meta name=\"twitter:label2\" content=\"Est. reading time\" \/>\n\t<meta name=\"twitter:data2\" content=\"1 minute\" \/>\n<script type=\"application\/ld+json\" class=\"yoast-schema-graph\">{\"@context\":\"https:\\\/\\\/schema.org\",\"@graph\":[{\"@type\":\"Article\",\"@id\":\"https:\\\/\\\/iacrianca.pt\\\/en\\\/2019\\\/10\\\/30-anos-da-convencao-sobre-os-direitos-da-crianca\\\/#article\",\"isPartOf\":{\"@id\":\"https:\\\/\\\/iacrianca.pt\\\/en\\\/2019\\\/10\\\/30-anos-da-convencao-sobre-os-direitos-da-crianca\\\/\"},\"author\":{\"name\":\"Administra\u00e7\u00e3o IAC\",\"@id\":\"https:\\\/\\\/iacrianca.pt\\\/en\\\/#\\\/schema\\\/person\\\/1c48c6e4b70d0dc7360e4b28ceaa5f6b\"},\"headline\":\"30 Anos da Conven\u00e7\u00e3o Sobre os Direitos da Crian\u00e7a\",\"datePublished\":\"2019-10-29T09:00:33+00:00\",\"dateModified\":\"2021-01-08T11:40:26+00:00\",\"mainEntityOfPage\":{\"@id\":\"https:\\\/\\\/iacrianca.pt\\\/en\\\/2019\\\/10\\\/30-anos-da-convencao-sobre-os-direitos-da-crianca\\\/\"},\"wordCount\":229,\"commentCount\":0,\"publisher\":{\"@id\":\"https:\\\/\\\/iacrianca.pt\\\/en\\\/#organization\"},\"image\":{\"@id\":\"https:\\\/\\\/iacrianca.pt\\\/en\\\/2019\\\/10\\\/30-anos-da-convencao-sobre-os-direitos-da-crianca\\\/#primaryimage\"},\"thumbnailUrl\":\"https:\\\/\\\/iacrianca.pt\\\/wp-content\\\/uploads\\\/2020\\\/07\\\/cartazconferencia_2019_0.jpg\",\"articleSection\":[\"Eventos\"],\"inLanguage\":\"en-US\",\"potentialAction\":[{\"@type\":\"CommentAction\",\"name\":\"Comment\",\"target\":[\"https:\\\/\\\/iacrianca.pt\\\/en\\\/2019\\\/10\\\/30-anos-da-convencao-sobre-os-direitos-da-crianca\\\/#respond\"]}]},{\"@type\":\"WebPage\",\"@id\":\"https:\\\/\\\/iacrianca.pt\\\/en\\\/2019\\\/10\\\/30-anos-da-convencao-sobre-os-direitos-da-crianca\\\/\",\"url\":\"https:\\\/\\\/iacrianca.pt\\\/en\\\/2019\\\/10\\\/30-anos-da-convencao-sobre-os-direitos-da-crianca\\\/\",\"name\":\"30 Anos da Conven\u00e7\u00e3o Direitos da Crian\u00e7a | Evento IAC\",\"isPartOf\":{\"@id\":\"https:\\\/\\\/iacrianca.pt\\\/en\\\/#website\"},\"primaryImageOfPage\":{\"@id\":\"https:\\\/\\\/iacrianca.pt\\\/en\\\/2019\\\/10\\\/30-anos-da-convencao-sobre-os-direitos-da-crianca\\\/#primaryimage\"},\"image\":{\"@id\":\"https:\\\/\\\/iacrianca.pt\\\/en\\\/2019\\\/10\\\/30-anos-da-convencao-sobre-os-direitos-da-crianca\\\/#primaryimage\"},\"thumbnailUrl\":\"https:\\\/\\\/iacrianca.pt\\\/wp-content\\\/uploads\\\/2020\\\/07\\\/cartazconferencia_2019_0.jpg\",\"datePublished\":\"2019-10-29T09:00:33+00:00\",\"dateModified\":\"2021-01-08T11:40:26+00:00\",\"description\":\"30 Anos da Conven\u00e7\u00e3o para assinalar a data em que os Pa\u00edses deliberaram a consagra\u00e7\u00e3o de um texto em nome da prote\u00e7\u00e3o de Crian\u00e7a\",\"breadcrumb\":{\"@id\":\"https:\\\/\\\/iacrianca.pt\\\/en\\\/2019\\\/10\\\/30-anos-da-convencao-sobre-os-direitos-da-crianca\\\/#breadcrumb\"},\"inLanguage\":\"en-US\",\"potentialAction\":[{\"@type\":\"ReadAction\",\"target\":[\"https:\\\/\\\/iacrianca.pt\\\/en\\\/2019\\\/10\\\/30-anos-da-convencao-sobre-os-direitos-da-crianca\\\/\"]}]},{\"@type\":\"ImageObject\",\"inLanguage\":\"en-US\",\"@id\":\"https:\\\/\\\/iacrianca.pt\\\/en\\\/2019\\\/10\\\/30-anos-da-convencao-sobre-os-direitos-da-crianca\\\/#primaryimage\",\"url\":\"https:\\\/\\\/iacrianca.pt\\\/wp-content\\\/uploads\\\/2020\\\/07\\\/cartazconferencia_2019_0.jpg\",\"contentUrl\":\"https:\\\/\\\/iacrianca.pt\\\/wp-content\\\/uploads\\\/2020\\\/07\\\/cartazconferencia_2019_0.jpg\",\"width\":1000,\"height\":1409,\"caption\":\"30 Anos da Conven\u00e7\u00e3o Sobre os Direitos da Crian\u00e7a\"},{\"@type\":\"BreadcrumbList\",\"@id\":\"https:\\\/\\\/iacrianca.pt\\\/en\\\/2019\\\/10\\\/30-anos-da-convencao-sobre-os-direitos-da-crianca\\\/#breadcrumb\",\"itemListElement\":[{\"@type\":\"ListItem\",\"position\":1,\"name\":\"In\u00edcio\",\"item\":\"https:\\\/\\\/iacrianca.pt\\\/en\\\/\"},{\"@type\":\"ListItem\",\"position\":2,\"name\":\"30 Anos da Conven\u00e7\u00e3o Sobre os Direitos da Crian\u00e7a\"}]},{\"@type\":\"WebSite\",\"@id\":\"https:\\\/\\\/iacrianca.pt\\\/en\\\/#website\",\"url\":\"https:\\\/\\\/iacrianca.pt\\\/en\\\/\",\"name\":\"Instituto de Apoio \u00e0 Crian\u00e7a\",\"description\":\"Desde 1983 na defesa e promo\u00e7\u00e3o dos direitos da crian\u00e7a\",\"publisher\":{\"@id\":\"https:\\\/\\\/iacrianca.pt\\\/en\\\/#organization\"},\"potentialAction\":[{\"@type\":\"SearchAction\",\"target\":{\"@type\":\"EntryPoint\",\"urlTemplate\":\"https:\\\/\\\/iacrianca.pt\\\/en\\\/?s={search_term_string}\"},\"query-input\":{\"@type\":\"PropertyValueSpecification\",\"valueRequired\":true,\"valueName\":\"search_term_string\"}}],\"inLanguage\":\"en-US\"},{\"@type\":\"Organization\",\"@id\":\"https:\\\/\\\/iacrianca.pt\\\/en\\\/#organization\",\"name\":\"Instituto de Apoio \u00e0 Crian\u00e7a\",\"url\":\"https:\\\/\\\/iacrianca.pt\\\/en\\\/\",\"logo\":{\"@type\":\"ImageObject\",\"inLanguage\":\"en-US\",\"@id\":\"https:\\\/\\\/iacrianca.pt\\\/en\\\/#\\\/schema\\\/logo\\\/image\\\/\",\"url\":\"https:\\\/\\\/iacrianca.pt\\\/wp-content\\\/uploads\\\/2020\\\/04\\\/logo-iac-SD.jpg\",\"contentUrl\":\"https:\\\/\\\/iacrianca.pt\\\/wp-content\\\/uploads\\\/2020\\\/04\\\/logo-iac-SD.jpg\",\"width\":152,\"height\":73,\"caption\":\"Instituto de Apoio \u00e0 Crian\u00e7a\"},\"image\":{\"@id\":\"https:\\\/\\\/iacrianca.pt\\\/en\\\/#\\\/schema\\\/logo\\\/image\\\/\"},\"sameAs\":[\"https:\\\/\\\/www.facebook.com\\\/iacinstitutodeapoioacrianca\",\"https:\\\/\\\/x.com\\\/iacapoiocrianca\",\"https:\\\/\\\/www.youtube.com\\\/channel\\\/UC0jjfZ_xkN_59gJf_RQ-ZnQ\",\"https:\\\/\\\/www.linkedin.com\\\/company\\\/instituto-de-apoio--criana\\\/\",\"https:\\\/\\\/www.instagram.com\\\/iacinstitutodeapoioacrianca\\\/\",\"https:\\\/\\\/criancasatortoeadireitos.wordpress.com\\\/\"]},{\"@type\":\"Person\",\"@id\":\"https:\\\/\\\/iacrianca.pt\\\/en\\\/#\\\/schema\\\/person\\\/1c48c6e4b70d0dc7360e4b28ceaa5f6b\",\"name\":\"Administra\u00e7\u00e3o IAC\",\"image\":{\"@type\":\"ImageObject\",\"inLanguage\":\"en-US\",\"@id\":\"https:\\\/\\\/secure.gravatar.com\\\/avatar\\\/60b998c71de37dcc1398fc6d48c6b5ed7533e3ceec837c948055f072e3158ff1?s=96&d=mm&r=g\",\"url\":\"https:\\\/\\\/secure.gravatar.com\\\/avatar\\\/60b998c71de37dcc1398fc6d48c6b5ed7533e3ceec837c948055f072e3158ff1?s=96&d=mm&r=g\",\"contentUrl\":\"https:\\\/\\\/secure.gravatar.com\\\/avatar\\\/60b998c71de37dcc1398fc6d48c6b5ed7533e3ceec837c948055f072e3158ff1?s=96&d=mm&r=g\",\"caption\":\"Administra\u00e7\u00e3o IAC\"}}]}<\/script>\n<!-- \/ Yoast SEO plugin. -->","yoast_head_json":{"title":"30 Anos da Conven\u00e7\u00e3o Direitos da Crian\u00e7a | Evento IAC","description":"30 Anos da Conven\u00e7\u00e3o para assinalar a data em que os Pa\u00edses deliberaram a consagra\u00e7\u00e3o de um texto em nome da prote\u00e7\u00e3o de Crian\u00e7a","robots":{"index":"index","follow":"follow","max-snippet":"max-snippet:-1","max-image-preview":"max-image-preview:large","max-video-preview":"max-video-preview:-1"},"canonical":"https:\/\/iacrianca.pt\/en\/2019\/10\/30-anos-da-convencao-sobre-os-direitos-da-crianca\/","og_locale":"en_US","og_type":"article","og_title":"30 Anos da Conven\u00e7\u00e3o Direitos da Crian\u00e7a | Evento IAC","og_description":"30 Anos da Conven\u00e7\u00e3o para assinalar a data em que os Pa\u00edses deliberaram a consagra\u00e7\u00e3o de um texto em nome da prote\u00e7\u00e3o de Crian\u00e7a","og_url":"https:\/\/iacrianca.pt\/en\/2019\/10\/30-anos-da-convencao-sobre-os-direitos-da-crianca\/","og_site_name":"Instituto de Apoio \u00e0 Crian\u00e7a","article_publisher":"https:\/\/www.facebook.com\/iacinstitutodeapoioacrianca","article_published_time":"2019-10-29T09:00:33+00:00","article_modified_time":"2021-01-08T11:40:26+00:00","og_image":[{"width":1000,"height":1409,"url":"https:\/\/iacrianca.pt\/wp-content\/uploads\/2020\/07\/cartazconferencia_2019_0.jpg","type":"image\/jpeg"}],"author":"Administra\u00e7\u00e3o IAC","twitter_card":"summary_large_image","twitter_creator":"@iacapoiocrianca","twitter_site":"@iacapoiocrianca","twitter_misc":{"Written by":"Administra\u00e7\u00e3o IAC","Est. reading time":"1 minute"},"schema":{"@context":"https:\/\/schema.org","@graph":[{"@type":"Article","@id":"https:\/\/iacrianca.pt\/en\/2019\/10\/30-anos-da-convencao-sobre-os-direitos-da-crianca\/#article","isPartOf":{"@id":"https:\/\/iacrianca.pt\/en\/2019\/10\/30-anos-da-convencao-sobre-os-direitos-da-crianca\/"},"author":{"name":"Administra\u00e7\u00e3o IAC","@id":"https:\/\/iacrianca.pt\/en\/#\/schema\/person\/1c48c6e4b70d0dc7360e4b28ceaa5f6b"},"headline":"30 Anos da Conven\u00e7\u00e3o Sobre os Direitos da Crian\u00e7a","datePublished":"2019-10-29T09:00:33+00:00","dateModified":"2021-01-08T11:40:26+00:00","mainEntityOfPage":{"@id":"https:\/\/iacrianca.pt\/en\/2019\/10\/30-anos-da-convencao-sobre-os-direitos-da-crianca\/"},"wordCount":229,"commentCount":0,"publisher":{"@id":"https:\/\/iacrianca.pt\/en\/#organization"},"image":{"@id":"https:\/\/iacrianca.pt\/en\/2019\/10\/30-anos-da-convencao-sobre-os-direitos-da-crianca\/#primaryimage"},"thumbnailUrl":"https:\/\/iacrianca.pt\/wp-content\/uploads\/2020\/07\/cartazconferencia_2019_0.jpg","articleSection":["Eventos"],"inLanguage":"en-US","potentialAction":[{"@type":"CommentAction","name":"Comment","target":["https:\/\/iacrianca.pt\/en\/2019\/10\/30-anos-da-convencao-sobre-os-direitos-da-crianca\/#respond"]}]},{"@type":"WebPage","@id":"https:\/\/iacrianca.pt\/en\/2019\/10\/30-anos-da-convencao-sobre-os-direitos-da-crianca\/","url":"https:\/\/iacrianca.pt\/en\/2019\/10\/30-anos-da-convencao-sobre-os-direitos-da-crianca\/","name":"30 Anos da Conven\u00e7\u00e3o Direitos da Crian\u00e7a | Evento IAC","isPartOf":{"@id":"https:\/\/iacrianca.pt\/en\/#website"},"primaryImageOfPage":{"@id":"https:\/\/iacrianca.pt\/en\/2019\/10\/30-anos-da-convencao-sobre-os-direitos-da-crianca\/#primaryimage"},"image":{"@id":"https:\/\/iacrianca.pt\/en\/2019\/10\/30-anos-da-convencao-sobre-os-direitos-da-crianca\/#primaryimage"},"thumbnailUrl":"https:\/\/iacrianca.pt\/wp-content\/uploads\/2020\/07\/cartazconferencia_2019_0.jpg","datePublished":"2019-10-29T09:00:33+00:00","dateModified":"2021-01-08T11:40:26+00:00","description":"30 Anos da Conven\u00e7\u00e3o para assinalar a data em que os Pa\u00edses deliberaram a consagra\u00e7\u00e3o de um texto em nome da prote\u00e7\u00e3o de Crian\u00e7a","breadcrumb":{"@id":"https:\/\/iacrianca.pt\/en\/2019\/10\/30-anos-da-convencao-sobre-os-direitos-da-crianca\/#breadcrumb"},"inLanguage":"en-US","potentialAction":[{"@type":"ReadAction","target":["https:\/\/iacrianca.pt\/en\/2019\/10\/30-anos-da-convencao-sobre-os-direitos-da-crianca\/"]}]},{"@type":"ImageObject","inLanguage":"en-US","@id":"https:\/\/iacrianca.pt\/en\/2019\/10\/30-anos-da-convencao-sobre-os-direitos-da-crianca\/#primaryimage","url":"https:\/\/iacrianca.pt\/wp-content\/uploads\/2020\/07\/cartazconferencia_2019_0.jpg","contentUrl":"https:\/\/iacrianca.pt\/wp-content\/uploads\/2020\/07\/cartazconferencia_2019_0.jpg","width":1000,"height":1409,"caption":"30 Anos da Conven\u00e7\u00e3o Sobre os Direitos da Crian\u00e7a"},{"@type":"BreadcrumbList","@id":"https:\/\/iacrianca.pt\/en\/2019\/10\/30-anos-da-convencao-sobre-os-direitos-da-crianca\/#breadcrumb","itemListElement":[{"@type":"ListItem","position":1,"name":"In\u00edcio","item":"https:\/\/iacrianca.pt\/en\/"},{"@type":"ListItem","position":2,"name":"30 Anos da Conven\u00e7\u00e3o Sobre os Direitos da Crian\u00e7a"}]},{"@type":"WebSite","@id":"https:\/\/iacrianca.pt\/en\/#website","url":"https:\/\/iacrianca.pt\/en\/","name":"Instituto de Apoio \u00e0 Crian\u00e7a","description":"Desde 1983 na defesa e promo\u00e7\u00e3o dos direitos da crian\u00e7a","publisher":{"@id":"https:\/\/iacrianca.pt\/en\/#organization"},"potentialAction":[{"@type":"SearchAction","target":{"@type":"EntryPoint","urlTemplate":"https:\/\/iacrianca.pt\/en\/?s={search_term_string}"},"query-input":{"@type":"PropertyValueSpecification","valueRequired":true,"valueName":"search_term_string"}}],"inLanguage":"en-US"},{"@type":"Organization","@id":"https:\/\/iacrianca.pt\/en\/#organization","name":"Instituto de Apoio \u00e0 Crian\u00e7a","url":"https:\/\/iacrianca.pt\/en\/","logo":{"@type":"ImageObject","inLanguage":"en-US","@id":"https:\/\/iacrianca.pt\/en\/#\/schema\/logo\/image\/","url":"https:\/\/iacrianca.pt\/wp-content\/uploads\/2020\/04\/logo-iac-SD.jpg","contentUrl":"https:\/\/iacrianca.pt\/wp-content\/uploads\/2020\/04\/logo-iac-SD.jpg","width":152,"height":73,"caption":"Instituto de Apoio \u00e0 Crian\u00e7a"},"image":{"@id":"https:\/\/iacrianca.pt\/en\/#\/schema\/logo\/image\/"},"sameAs":["https:\/\/www.facebook.com\/iacinstitutodeapoioacrianca","https:\/\/x.com\/iacapoiocrianca","https:\/\/www.youtube.com\/channel\/UC0jjfZ_xkN_59gJf_RQ-ZnQ","https:\/\/www.linkedin.com\/company\/instituto-de-apoio--criana\/","https:\/\/www.instagram.com\/iacinstitutodeapoioacrianca\/","https:\/\/criancasatortoeadireitos.wordpress.com\/"]},{"@type":"Person","@id":"https:\/\/iacrianca.pt\/en\/#\/schema\/person\/1c48c6e4b70d0dc7360e4b28ceaa5f6b","name":"Administra\u00e7\u00e3o IAC","image":{"@type":"ImageObject","inLanguage":"en-US","@id":"https:\/\/secure.gravatar.com\/avatar\/60b998c71de37dcc1398fc6d48c6b5ed7533e3ceec837c948055f072e3158ff1?s=96&d=mm&r=g","url":"https:\/\/secure.gravatar.com\/avatar\/60b998c71de37dcc1398fc6d48c6b5ed7533e3ceec837c948055f072e3158ff1?s=96&d=mm&r=g","contentUrl":"https:\/\/secure.gravatar.com\/avatar\/60b998c71de37dcc1398fc6d48c6b5ed7533e3ceec837c948055f072e3158ff1?s=96&d=mm&r=g","caption":"Administra\u00e7\u00e3o IAC"}}]}},"_links":{"self":[{"href":"https:\/\/iacrianca.pt\/en\/wp-json\/wp\/v2\/posts\/3966","targetHints":{"allow":["GET"]}}],"collection":[{"href":"https:\/\/iacrianca.pt\/en\/wp-json\/wp\/v2\/posts"}],"about":[{"href":"https:\/\/iacrianca.pt\/en\/wp-json\/wp\/v2\/types\/post"}],"author":[{"embeddable":true,"href":"https:\/\/iacrianca.pt\/en\/wp-json\/wp\/v2\/users\/2"}],"replies":[{"embeddable":true,"href":"https:\/\/iacrianca.pt\/en\/wp-json\/wp\/v2\/comments?post=3966"}],"version-history":[{"count":0,"href":"https:\/\/iacrianca.pt\/en\/wp-json\/wp\/v2\/posts\/3966\/revisions"}],"wp:featuredmedia":[{"embeddable":true,"href":"https:\/\/iacrianca.pt\/en\/wp-json\/wp\/v2\/media\/3967"}],"wp:attachment":[{"href":"https:\/\/iacrianca.pt\/en\/wp-json\/wp\/v2\/media?parent=3966"}],"wp:term":[{"taxonomy":"category","embeddable":true,"href":"https:\/\/iacrianca.pt\/en\/wp-json\/wp\/v2\/categories?post=3966"},{"taxonomy":"post_tag","embeddable":true,"href":"https:\/\/iacrianca.pt\/en\/wp-json\/wp\/v2\/tags?post=3966"}],"curies":[{"name":"wp","href":"https:\/\/api.w.org\/{rel}","templated":true}]}}