{"id":4506,"date":"2020-06-12T23:57:18","date_gmt":"2020-06-12T23:57:18","guid":{"rendered":"https:\/\/iacrianca.pt\/?p=4506"},"modified":"2020-11-16T20:41:07","modified_gmt":"2020-11-16T20:41:07","slug":"covid-19-o-empobrecimento-vai-refletir-se-em-pobreza-infantil","status":"publish","type":"post","link":"https:\/\/iacrianca.pt\/en\/2020\/06\/covid-19-o-empobrecimento-vai-refletir-se-em-pobreza-infantil\/","title":{"rendered":"Covid 19 &#8211; &#8220;O empobrecimento vai refletir-se em pobreza infantil&#8221;, alerta Presidente do Instituto de Apoio \u00e0\u00a0Crian\u00e7a"},"content":{"rendered":"\t\t<div data-elementor-type=\"wp-post\" data-elementor-id=\"4506\" class=\"elementor elementor-4506\" data-elementor-post-type=\"post\">\n\t\t\t\t\t\t<section class=\"elementor-section elementor-top-section elementor-element elementor-element-57eaba59 elementor-section-boxed elementor-section-height-default elementor-section-height-default\" data-id=\"57eaba59\" data-element_type=\"section\" data-e-type=\"section\">\n\t\t\t\t\t\t<div class=\"elementor-container elementor-column-gap-default\">\n\t\t\t\t\t<div class=\"elementor-column elementor-col-100 elementor-top-column elementor-element elementor-element-591f5931\" data-id=\"591f5931\" data-element_type=\"column\" data-e-type=\"column\">\n\t\t\t<div class=\"elementor-widget-wrap elementor-element-populated\">\n\t\t\t\t\t\t<div class=\"elementor-element elementor-element-7770baf9 elementor-widget elementor-widget-text-editor\" data-id=\"7770baf9\" data-element_type=\"widget\" data-e-type=\"widget\" data-widget_type=\"text-editor.default\">\n\t\t\t\t<div class=\"elementor-widget-container\">\n\t\t\t\t\t\t\t\t\tProin ultricies orci vel dui varius fringilla. Cras placerat commodo libero. Pellentesque odio velit, egestas vitae congue sed, iaculis ac nulla. Proin vehicula pretium consequat. Fusce sit amet volutpat lorem. Phasellus metus urna, accumsan eget auctor a, scelerisque eu ex.\r\n<h3>Lorem ipsum dolor &#8211; sit amet consectetur adipiscing elit<\/h3>\r\nPellentesque cursus nibh ac feugiat lacinia. Sed ultrices, arcu nec ullamcorper lacinia, nisl nulla faucibus elit, non elementum sem arcu nec nulla. Quisque sed urna et diam rhoncus tristique in sed eros. Praesent feugiat justo velit, in tempus velit euismod nec. Donec rhoncus ipsum in erat vehicula fermentum. Suspendisse potenti. Quisque nec nunc sed enim tristique malesuada at quis lacus.\r\n\r\nDuis dolor ex, ultricies et ligula et, cursus cursus odio. Suspendisse potenti. Cras venenatis ultricies nulla, et vestibulum nisl aliquet dictum. Maecenas volutpat nisl ut malesuada consectetur. Phasellus sodales ante in nisi luctus, eget placerat magna interdum.\t\t\t\t\t\t\t\t<\/div>\n\t\t\t\t<\/div>\n\t\t\t\t\t<\/div>\n\t\t<\/div>\n\t\t\t\t\t<\/div>\n\t\t<\/section>\n\t\t\t\t<\/div>\n\t\t","protected":false},"excerpt":{"rendered":"<p>N\u00famero de crian\u00e7as que contactaram sozinhas o servi\u00e7o tamb\u00e9m duplicou: ligam para relatar problemas.<\/p>\n","protected":false},"author":2,"featured_media":4507,"comment_status":"open","ping_status":"open","sticky":false,"template":"","format":"standard","meta":{"_acf_changed":false,"footnotes":""},"categories":[1],"tags":[],"class_list":["post-4506","post","type-post","status-publish","format-standard","has-post-thumbnail","hentry","category-noticias"],"acf":[],"yoast_head":"<!-- This site is optimized with the Yoast SEO plugin v27.5 - https:\/\/yoast.com\/product\/yoast-seo-wordpress\/ -->\n<title>Covid 19 e a Pobreza Infantil | Instituto de Apoio \u00e0 Crian\u00e7a<\/title>\n<meta name=\"description\" content=\"Covid 19 - &quot;O empobrecimento vai refletir-se em pobreza infantil&quot;, alerta Presidente do Instituto de Apoio \u00e0\u00a0Crian\u00e7a.\" \/>\n<meta name=\"robots\" content=\"index, follow, max-snippet:-1, max-image-preview:large, max-video-preview:-1\" \/>\n<link rel=\"canonical\" href=\"https:\/\/iacrianca.pt\/en\/2020\/06\/covid-19-o-empobrecimento-vai-refletir-se-em-pobreza-infantil\/\" \/>\n<meta property=\"og:locale\" content=\"en_US\" \/>\n<meta property=\"og:type\" content=\"article\" \/>\n<meta property=\"og:title\" content=\"Covid 19 e a Pobreza Infantil | Instituto de Apoio \u00e0 Crian\u00e7a\" \/>\n<meta property=\"og:description\" content=\"Covid 19 - &quot;O empobrecimento vai refletir-se em pobreza infantil&quot;, alerta Presidente do Instituto de Apoio \u00e0\u00a0Crian\u00e7a.\" \/>\n<meta property=\"og:url\" content=\"https:\/\/iacrianca.pt\/en\/2020\/06\/covid-19-o-empobrecimento-vai-refletir-se-em-pobreza-infantil\/\" \/>\n<meta property=\"og:site_name\" content=\"Instituto de Apoio \u00e0 Crian\u00e7a\" \/>\n<meta property=\"article:publisher\" content=\"https:\/\/www.facebook.com\/iacinstitutodeapoioacrianca\" \/>\n<meta property=\"article:published_time\" content=\"2020-06-12T23:57:18+00:00\" \/>\n<meta property=\"article:modified_time\" content=\"2020-11-16T20:41:07+00:00\" \/>\n<meta property=\"og:image\" content=\"https:\/\/iacrianca.pt\/wp-content\/uploads\/2020\/07\/o-empobrecimento-vai-refletir-se-em-probreza-infantil.png\" \/>\n\t<meta property=\"og:image:width\" content=\"545\" \/>\n\t<meta property=\"og:image:height\" content=\"305\" \/>\n\t<meta property=\"og:image:type\" content=\"image\/png\" \/>\n<meta name=\"author\" content=\"Administra\u00e7\u00e3o IAC\" \/>\n<meta name=\"twitter:card\" content=\"summary_large_image\" \/>\n<meta name=\"twitter:creator\" content=\"@iacapoiocrianca\" \/>\n<meta name=\"twitter:site\" content=\"@iacapoiocrianca\" \/>\n<meta name=\"twitter:label1\" content=\"Written by\" \/>\n\t<meta name=\"twitter:data1\" content=\"Administra\u00e7\u00e3o IAC\" \/>\n<script type=\"application\/ld+json\" class=\"yoast-schema-graph\">{\"@context\":\"https:\\\/\\\/schema.org\",\"@graph\":[{\"@type\":\"Article\",\"@id\":\"https:\\\/\\\/iacrianca.pt\\\/en\\\/2020\\\/06\\\/covid-19-o-empobrecimento-vai-refletir-se-em-pobreza-infantil\\\/#article\",\"isPartOf\":{\"@id\":\"https:\\\/\\\/iacrianca.pt\\\/en\\\/2020\\\/06\\\/covid-19-o-empobrecimento-vai-refletir-se-em-pobreza-infantil\\\/\"},\"author\":{\"name\":\"Administra\u00e7\u00e3o IAC\",\"@id\":\"https:\\\/\\\/iacrianca.pt\\\/en\\\/#\\\/schema\\\/person\\\/1c48c6e4b70d0dc7360e4b28ceaa5f6b\"},\"headline\":\"Covid 19 &#8211; &#8220;O empobrecimento vai refletir-se em pobreza infantil&#8221;, alerta Presidente do Instituto de Apoio \u00e0\u00a0Crian\u00e7a\",\"datePublished\":\"2020-06-12T23:57:18+00:00\",\"dateModified\":\"2020-11-16T20:41:07+00:00\",\"mainEntityOfPage\":{\"@id\":\"https:\\\/\\\/iacrianca.pt\\\/en\\\/2020\\\/06\\\/covid-19-o-empobrecimento-vai-refletir-se-em-pobreza-infantil\\\/\"},\"wordCount\":27,\"commentCount\":0,\"publisher\":{\"@id\":\"https:\\\/\\\/iacrianca.pt\\\/en\\\/#organization\"},\"image\":{\"@id\":\"https:\\\/\\\/iacrianca.pt\\\/en\\\/2020\\\/06\\\/covid-19-o-empobrecimento-vai-refletir-se-em-pobreza-infantil\\\/#primaryimage\"},\"thumbnailUrl\":\"https:\\\/\\\/iacrianca.pt\\\/wp-content\\\/uploads\\\/2020\\\/07\\\/o-empobrecimento-vai-refletir-se-em-probreza-infantil.png\",\"articleSection\":[\"Not\u00edcias\"],\"inLanguage\":\"en-US\",\"potentialAction\":[{\"@type\":\"CommentAction\",\"name\":\"Comment\",\"target\":[\"https:\\\/\\\/iacrianca.pt\\\/en\\\/2020\\\/06\\\/covid-19-o-empobrecimento-vai-refletir-se-em-pobreza-infantil\\\/#respond\"]}]},{\"@type\":\"WebPage\",\"@id\":\"https:\\\/\\\/iacrianca.pt\\\/en\\\/2020\\\/06\\\/covid-19-o-empobrecimento-vai-refletir-se-em-pobreza-infantil\\\/\",\"url\":\"https:\\\/\\\/iacrianca.pt\\\/en\\\/2020\\\/06\\\/covid-19-o-empobrecimento-vai-refletir-se-em-pobreza-infantil\\\/\",\"name\":\"Covid 19 e a Pobreza Infantil | Instituto de Apoio \u00e0 Crian\u00e7a\",\"isPartOf\":{\"@id\":\"https:\\\/\\\/iacrianca.pt\\\/en\\\/#website\"},\"primaryImageOfPage\":{\"@id\":\"https:\\\/\\\/iacrianca.pt\\\/en\\\/2020\\\/06\\\/covid-19-o-empobrecimento-vai-refletir-se-em-pobreza-infantil\\\/#primaryimage\"},\"image\":{\"@id\":\"https:\\\/\\\/iacrianca.pt\\\/en\\\/2020\\\/06\\\/covid-19-o-empobrecimento-vai-refletir-se-em-pobreza-infantil\\\/#primaryimage\"},\"thumbnailUrl\":\"https:\\\/\\\/iacrianca.pt\\\/wp-content\\\/uploads\\\/2020\\\/07\\\/o-empobrecimento-vai-refletir-se-em-probreza-infantil.png\",\"datePublished\":\"2020-06-12T23:57:18+00:00\",\"dateModified\":\"2020-11-16T20:41:07+00:00\",\"description\":\"Covid 19 - \\\"O empobrecimento vai refletir-se em pobreza infantil\\\", alerta Presidente do Instituto de Apoio \u00e0\u00a0Crian\u00e7a.\",\"breadcrumb\":{\"@id\":\"https:\\\/\\\/iacrianca.pt\\\/en\\\/2020\\\/06\\\/covid-19-o-empobrecimento-vai-refletir-se-em-pobreza-infantil\\\/#breadcrumb\"},\"inLanguage\":\"en-US\",\"potentialAction\":[{\"@type\":\"ReadAction\",\"target\":[\"https:\\\/\\\/iacrianca.pt\\\/en\\\/2020\\\/06\\\/covid-19-o-empobrecimento-vai-refletir-se-em-pobreza-infantil\\\/\"]}]},{\"@type\":\"ImageObject\",\"inLanguage\":\"en-US\",\"@id\":\"https:\\\/\\\/iacrianca.pt\\\/en\\\/2020\\\/06\\\/covid-19-o-empobrecimento-vai-refletir-se-em-pobreza-infantil\\\/#primaryimage\",\"url\":\"https:\\\/\\\/iacrianca.pt\\\/wp-content\\\/uploads\\\/2020\\\/07\\\/o-empobrecimento-vai-refletir-se-em-probreza-infantil.png\",\"contentUrl\":\"https:\\\/\\\/iacrianca.pt\\\/wp-content\\\/uploads\\\/2020\\\/07\\\/o-empobrecimento-vai-refletir-se-em-probreza-infantil.png\",\"width\":545,\"height\":305,\"caption\":\"Covid 19 - \\\"O empobrecimento vai refletir-se em pobreza infantil\\\", alerta Presidente do Instituto de Apoio \u00e0 Crian\u00e7a\"},{\"@type\":\"BreadcrumbList\",\"@id\":\"https:\\\/\\\/iacrianca.pt\\\/en\\\/2020\\\/06\\\/covid-19-o-empobrecimento-vai-refletir-se-em-pobreza-infantil\\\/#breadcrumb\",\"itemListElement\":[{\"@type\":\"ListItem\",\"position\":1,\"name\":\"In\u00edcio\",\"item\":\"https:\\\/\\\/iacrianca.pt\\\/en\\\/\"},{\"@type\":\"ListItem\",\"position\":2,\"name\":\"Covid 19 &#8211; &#8220;O empobrecimento vai refletir-se em pobreza infantil&#8221;, alerta Presidente do Instituto de Apoio \u00e0\u00a0Crian\u00e7a\"}]},{\"@type\":\"WebSite\",\"@id\":\"https:\\\/\\\/iacrianca.pt\\\/en\\\/#website\",\"url\":\"https:\\\/\\\/iacrianca.pt\\\/en\\\/\",\"name\":\"Instituto de Apoio \u00e0 Crian\u00e7a\",\"description\":\"Desde 1983 na defesa e promo\u00e7\u00e3o dos direitos da crian\u00e7a\",\"publisher\":{\"@id\":\"https:\\\/\\\/iacrianca.pt\\\/en\\\/#organization\"},\"potentialAction\":[{\"@type\":\"SearchAction\",\"target\":{\"@type\":\"EntryPoint\",\"urlTemplate\":\"https:\\\/\\\/iacrianca.pt\\\/en\\\/?s={search_term_string}\"},\"query-input\":{\"@type\":\"PropertyValueSpecification\",\"valueRequired\":true,\"valueName\":\"search_term_string\"}}],\"inLanguage\":\"en-US\"},{\"@type\":\"Organization\",\"@id\":\"https:\\\/\\\/iacrianca.pt\\\/en\\\/#organization\",\"name\":\"Instituto de Apoio \u00e0 Crian\u00e7a\",\"url\":\"https:\\\/\\\/iacrianca.pt\\\/en\\\/\",\"logo\":{\"@type\":\"ImageObject\",\"inLanguage\":\"en-US\",\"@id\":\"https:\\\/\\\/iacrianca.pt\\\/en\\\/#\\\/schema\\\/logo\\\/image\\\/\",\"url\":\"https:\\\/\\\/iacrianca.pt\\\/wp-content\\\/uploads\\\/2020\\\/04\\\/logo-iac-SD.jpg\",\"contentUrl\":\"https:\\\/\\\/iacrianca.pt\\\/wp-content\\\/uploads\\\/2020\\\/04\\\/logo-iac-SD.jpg\",\"width\":152,\"height\":73,\"caption\":\"Instituto de Apoio \u00e0 Crian\u00e7a\"},\"image\":{\"@id\":\"https:\\\/\\\/iacrianca.pt\\\/en\\\/#\\\/schema\\\/logo\\\/image\\\/\"},\"sameAs\":[\"https:\\\/\\\/www.facebook.com\\\/iacinstitutodeapoioacrianca\",\"https:\\\/\\\/x.com\\\/iacapoiocrianca\",\"https:\\\/\\\/www.youtube.com\\\/channel\\\/UC0jjfZ_xkN_59gJf_RQ-ZnQ\",\"https:\\\/\\\/www.linkedin.com\\\/company\\\/instituto-de-apoio--criana\\\/\",\"https:\\\/\\\/www.instagram.com\\\/iacinstitutodeapoioacrianca\\\/\",\"https:\\\/\\\/criancasatortoeadireitos.wordpress.com\\\/\"]},{\"@type\":\"Person\",\"@id\":\"https:\\\/\\\/iacrianca.pt\\\/en\\\/#\\\/schema\\\/person\\\/1c48c6e4b70d0dc7360e4b28ceaa5f6b\",\"name\":\"Administra\u00e7\u00e3o IAC\",\"image\":{\"@type\":\"ImageObject\",\"inLanguage\":\"en-US\",\"@id\":\"https:\\\/\\\/secure.gravatar.com\\\/avatar\\\/60b998c71de37dcc1398fc6d48c6b5ed7533e3ceec837c948055f072e3158ff1?s=96&d=mm&r=g\",\"url\":\"https:\\\/\\\/secure.gravatar.com\\\/avatar\\\/60b998c71de37dcc1398fc6d48c6b5ed7533e3ceec837c948055f072e3158ff1?s=96&d=mm&r=g\",\"contentUrl\":\"https:\\\/\\\/secure.gravatar.com\\\/avatar\\\/60b998c71de37dcc1398fc6d48c6b5ed7533e3ceec837c948055f072e3158ff1?s=96&d=mm&r=g\",\"caption\":\"Administra\u00e7\u00e3o IAC\"}}]}<\/script>\n<!-- \/ Yoast SEO plugin. -->","yoast_head_json":{"title":"Covid 19 e a Pobreza Infantil | Instituto de Apoio \u00e0 Crian\u00e7a","description":"Covid 19 - \"O empobrecimento vai refletir-se em pobreza infantil\", alerta Presidente do Instituto de Apoio \u00e0\u00a0Crian\u00e7a.","robots":{"index":"index","follow":"follow","max-snippet":"max-snippet:-1","max-image-preview":"max-image-preview:large","max-video-preview":"max-video-preview:-1"},"canonical":"https:\/\/iacrianca.pt\/en\/2020\/06\/covid-19-o-empobrecimento-vai-refletir-se-em-pobreza-infantil\/","og_locale":"en_US","og_type":"article","og_title":"Covid 19 e a Pobreza Infantil | Instituto de Apoio \u00e0 Crian\u00e7a","og_description":"Covid 19 - \"O empobrecimento vai refletir-se em pobreza infantil\", alerta Presidente do Instituto de Apoio \u00e0\u00a0Crian\u00e7a.","og_url":"https:\/\/iacrianca.pt\/en\/2020\/06\/covid-19-o-empobrecimento-vai-refletir-se-em-pobreza-infantil\/","og_site_name":"Instituto de Apoio \u00e0 Crian\u00e7a","article_publisher":"https:\/\/www.facebook.com\/iacinstitutodeapoioacrianca","article_published_time":"2020-06-12T23:57:18+00:00","article_modified_time":"2020-11-16T20:41:07+00:00","og_image":[{"width":545,"height":305,"url":"https:\/\/iacrianca.pt\/wp-content\/uploads\/2020\/07\/o-empobrecimento-vai-refletir-se-em-probreza-infantil.png","type":"image\/png"}],"author":"Administra\u00e7\u00e3o IAC","twitter_card":"summary_large_image","twitter_creator":"@iacapoiocrianca","twitter_site":"@iacapoiocrianca","twitter_misc":{"Written by":"Administra\u00e7\u00e3o IAC"},"schema":{"@context":"https:\/\/schema.org","@graph":[{"@type":"Article","@id":"https:\/\/iacrianca.pt\/en\/2020\/06\/covid-19-o-empobrecimento-vai-refletir-se-em-pobreza-infantil\/#article","isPartOf":{"@id":"https:\/\/iacrianca.pt\/en\/2020\/06\/covid-19-o-empobrecimento-vai-refletir-se-em-pobreza-infantil\/"},"author":{"name":"Administra\u00e7\u00e3o IAC","@id":"https:\/\/iacrianca.pt\/en\/#\/schema\/person\/1c48c6e4b70d0dc7360e4b28ceaa5f6b"},"headline":"Covid 19 &#8211; &#8220;O empobrecimento vai refletir-se em pobreza infantil&#8221;, alerta Presidente do Instituto de Apoio \u00e0\u00a0Crian\u00e7a","datePublished":"2020-06-12T23:57:18+00:00","dateModified":"2020-11-16T20:41:07+00:00","mainEntityOfPage":{"@id":"https:\/\/iacrianca.pt\/en\/2020\/06\/covid-19-o-empobrecimento-vai-refletir-se-em-pobreza-infantil\/"},"wordCount":27,"commentCount":0,"publisher":{"@id":"https:\/\/iacrianca.pt\/en\/#organization"},"image":{"@id":"https:\/\/iacrianca.pt\/en\/2020\/06\/covid-19-o-empobrecimento-vai-refletir-se-em-pobreza-infantil\/#primaryimage"},"thumbnailUrl":"https:\/\/iacrianca.pt\/wp-content\/uploads\/2020\/07\/o-empobrecimento-vai-refletir-se-em-probreza-infantil.png","articleSection":["Not\u00edcias"],"inLanguage":"en-US","potentialAction":[{"@type":"CommentAction","name":"Comment","target":["https:\/\/iacrianca.pt\/en\/2020\/06\/covid-19-o-empobrecimento-vai-refletir-se-em-pobreza-infantil\/#respond"]}]},{"@type":"WebPage","@id":"https:\/\/iacrianca.pt\/en\/2020\/06\/covid-19-o-empobrecimento-vai-refletir-se-em-pobreza-infantil\/","url":"https:\/\/iacrianca.pt\/en\/2020\/06\/covid-19-o-empobrecimento-vai-refletir-se-em-pobreza-infantil\/","name":"Covid 19 e a Pobreza Infantil | Instituto de Apoio \u00e0 Crian\u00e7a","isPartOf":{"@id":"https:\/\/iacrianca.pt\/en\/#website"},"primaryImageOfPage":{"@id":"https:\/\/iacrianca.pt\/en\/2020\/06\/covid-19-o-empobrecimento-vai-refletir-se-em-pobreza-infantil\/#primaryimage"},"image":{"@id":"https:\/\/iacrianca.pt\/en\/2020\/06\/covid-19-o-empobrecimento-vai-refletir-se-em-pobreza-infantil\/#primaryimage"},"thumbnailUrl":"https:\/\/iacrianca.pt\/wp-content\/uploads\/2020\/07\/o-empobrecimento-vai-refletir-se-em-probreza-infantil.png","datePublished":"2020-06-12T23:57:18+00:00","dateModified":"2020-11-16T20:41:07+00:00","description":"Covid 19 - \"O empobrecimento vai refletir-se em pobreza infantil\", alerta Presidente do Instituto de Apoio \u00e0\u00a0Crian\u00e7a.","breadcrumb":{"@id":"https:\/\/iacrianca.pt\/en\/2020\/06\/covid-19-o-empobrecimento-vai-refletir-se-em-pobreza-infantil\/#breadcrumb"},"inLanguage":"en-US","potentialAction":[{"@type":"ReadAction","target":["https:\/\/iacrianca.pt\/en\/2020\/06\/covid-19-o-empobrecimento-vai-refletir-se-em-pobreza-infantil\/"]}]},{"@type":"ImageObject","inLanguage":"en-US","@id":"https:\/\/iacrianca.pt\/en\/2020\/06\/covid-19-o-empobrecimento-vai-refletir-se-em-pobreza-infantil\/#primaryimage","url":"https:\/\/iacrianca.pt\/wp-content\/uploads\/2020\/07\/o-empobrecimento-vai-refletir-se-em-probreza-infantil.png","contentUrl":"https:\/\/iacrianca.pt\/wp-content\/uploads\/2020\/07\/o-empobrecimento-vai-refletir-se-em-probreza-infantil.png","width":545,"height":305,"caption":"Covid 19 - \"O empobrecimento vai refletir-se em pobreza infantil\", alerta Presidente do Instituto de Apoio \u00e0 Crian\u00e7a"},{"@type":"BreadcrumbList","@id":"https:\/\/iacrianca.pt\/en\/2020\/06\/covid-19-o-empobrecimento-vai-refletir-se-em-pobreza-infantil\/#breadcrumb","itemListElement":[{"@type":"ListItem","position":1,"name":"In\u00edcio","item":"https:\/\/iacrianca.pt\/en\/"},{"@type":"ListItem","position":2,"name":"Covid 19 &#8211; &#8220;O empobrecimento vai refletir-se em pobreza infantil&#8221;, alerta Presidente do Instituto de Apoio \u00e0\u00a0Crian\u00e7a"}]},{"@type":"WebSite","@id":"https:\/\/iacrianca.pt\/en\/#website","url":"https:\/\/iacrianca.pt\/en\/","name":"Instituto de Apoio \u00e0 Crian\u00e7a","description":"Desde 1983 na defesa e promo\u00e7\u00e3o dos direitos da crian\u00e7a","publisher":{"@id":"https:\/\/iacrianca.pt\/en\/#organization"},"potentialAction":[{"@type":"SearchAction","target":{"@type":"EntryPoint","urlTemplate":"https:\/\/iacrianca.pt\/en\/?s={search_term_string}"},"query-input":{"@type":"PropertyValueSpecification","valueRequired":true,"valueName":"search_term_string"}}],"inLanguage":"en-US"},{"@type":"Organization","@id":"https:\/\/iacrianca.pt\/en\/#organization","name":"Instituto de Apoio \u00e0 Crian\u00e7a","url":"https:\/\/iacrianca.pt\/en\/","logo":{"@type":"ImageObject","inLanguage":"en-US","@id":"https:\/\/iacrianca.pt\/en\/#\/schema\/logo\/image\/","url":"https:\/\/iacrianca.pt\/wp-content\/uploads\/2020\/04\/logo-iac-SD.jpg","contentUrl":"https:\/\/iacrianca.pt\/wp-content\/uploads\/2020\/04\/logo-iac-SD.jpg","width":152,"height":73,"caption":"Instituto de Apoio \u00e0 Crian\u00e7a"},"image":{"@id":"https:\/\/iacrianca.pt\/en\/#\/schema\/logo\/image\/"},"sameAs":["https:\/\/www.facebook.com\/iacinstitutodeapoioacrianca","https:\/\/x.com\/iacapoiocrianca","https:\/\/www.youtube.com\/channel\/UC0jjfZ_xkN_59gJf_RQ-ZnQ","https:\/\/www.linkedin.com\/company\/instituto-de-apoio--criana\/","https:\/\/www.instagram.com\/iacinstitutodeapoioacrianca\/","https:\/\/criancasatortoeadireitos.wordpress.com\/"]},{"@type":"Person","@id":"https:\/\/iacrianca.pt\/en\/#\/schema\/person\/1c48c6e4b70d0dc7360e4b28ceaa5f6b","name":"Administra\u00e7\u00e3o IAC","image":{"@type":"ImageObject","inLanguage":"en-US","@id":"https:\/\/secure.gravatar.com\/avatar\/60b998c71de37dcc1398fc6d48c6b5ed7533e3ceec837c948055f072e3158ff1?s=96&d=mm&r=g","url":"https:\/\/secure.gravatar.com\/avatar\/60b998c71de37dcc1398fc6d48c6b5ed7533e3ceec837c948055f072e3158ff1?s=96&d=mm&r=g","contentUrl":"https:\/\/secure.gravatar.com\/avatar\/60b998c71de37dcc1398fc6d48c6b5ed7533e3ceec837c948055f072e3158ff1?s=96&d=mm&r=g","caption":"Administra\u00e7\u00e3o IAC"}}]}},"_links":{"self":[{"href":"https:\/\/iacrianca.pt\/en\/wp-json\/wp\/v2\/posts\/4506","targetHints":{"allow":["GET"]}}],"collection":[{"href":"https:\/\/iacrianca.pt\/en\/wp-json\/wp\/v2\/posts"}],"about":[{"href":"https:\/\/iacrianca.pt\/en\/wp-json\/wp\/v2\/types\/post"}],"author":[{"embeddable":true,"href":"https:\/\/iacrianca.pt\/en\/wp-json\/wp\/v2\/users\/2"}],"replies":[{"embeddable":true,"href":"https:\/\/iacrianca.pt\/en\/wp-json\/wp\/v2\/comments?post=4506"}],"version-history":[{"count":0,"href":"https:\/\/iacrianca.pt\/en\/wp-json\/wp\/v2\/posts\/4506\/revisions"}],"wp:featuredmedia":[{"embeddable":true,"href":"https:\/\/iacrianca.pt\/en\/wp-json\/wp\/v2\/media\/4507"}],"wp:attachment":[{"href":"https:\/\/iacrianca.pt\/en\/wp-json\/wp\/v2\/media?parent=4506"}],"wp:term":[{"taxonomy":"category","embeddable":true,"href":"https:\/\/iacrianca.pt\/en\/wp-json\/wp\/v2\/categories?post=4506"},{"taxonomy":"post_tag","embeddable":true,"href":"https:\/\/iacrianca.pt\/en\/wp-json\/wp\/v2\/tags?post=4506"}],"curies":[{"name":"wp","href":"https:\/\/api.w.org\/{rel}","templated":true}]}}