{"id":5868,"date":"2020-10-14T10:38:40","date_gmt":"2020-10-14T10:38:40","guid":{"rendered":"https:\/\/iacrianca.pt\/?p=5868"},"modified":"2022-02-15T11:55:20","modified_gmt":"2022-02-15T11:55:20","slug":"webinar-pobreza-e-desigualdades-na-infancia","status":"publish","type":"post","link":"https:\/\/iacrianca.pt\/en\/2020\/10\/webinar-pobreza-e-desigualdades-na-infancia\/","title":{"rendered":"Webinar: Pobreza e Desigualdades na Inf\u00e2ncia &#8211; Garantir um Futuro Melhor para as Crian\u00e7as na Uni\u00e3o Europeia"},"content":{"rendered":"<p>No m\u00eas em que se celebra o Dia Internacional para a Erradica\u00e7\u00e3o da Pobreza, o Instituto de Apoio \u00e0 Crian\u00e7a organizou, no dia 21 de outubro de 2020, o Webinar &#8220;Pobreza e Desigualdades na Inf\u00e2ncia&#8221; com a presen\u00e7a de Ana Mendes Godinho &#8211; Ministra do Trabalho, Solidariedade e Seguran\u00e7a Social, Marie-Louise Coleiro Preca &#8211; Presidente da Eurochild, Dulce Rocha &#8211; Presidente do Instituto de Apoio \u00e0 Crian\u00e7a, Carlos Farinha Rodrigues &#8211; Professor Associado do ISEG, David Ant\u00f3nio Rodrigues &#8211; Professor Catedr\u00e1tico e Maria Lopes &#8211; Rede Juvenil Crescer Juntos.<br \/>\nA pobreza infantil constitui um problema que nos deve preocupar a todos, uma vez que pode conduzir \u00e0 pobreza na idade adulta. Consideramos que o combate \u00e0 pobreza infantil e exclus\u00e3o social, n\u00e3o se deve centrar apenas em medidas monet\u00e1rias, mas sim apostar tamb\u00e9m em respostas comunit\u00e1rias de proximidade que promovam o acompanhamento nas diversas \u00e1reas (e.g., educa\u00e7\u00e3o, sa\u00fade, etc.).<br \/>\nNas v\u00e9speras de Portugal assumir, no 1.\u00ba semestre de 2021, a terceira Presid\u00eancia do Conselho da Uni\u00e3o Europeia, e da implementa\u00e7\u00e3o da Garantia Europeia para a Inf\u00e2ncia, este \u00e9, sem d\u00favida, um tema-chave no que tange a dignidade e cumprimento dos Direitos da Crian\u00e7a, e de particular import\u00e2ncia pol\u00edtico-social, para o qual urge mobilizar todos os esfor\u00e7os e for\u00e7as intervenientes neste dom\u00ednio.<\/p>\n<p>Reveja o webinar no nosso canal de Youtube, neste\u00a0<a href=\"https:\/\/youtu.be\/CWjzjUXweYE\" target=\"_blank\" rel=\"noopener noreferrer\">link<\/a>.<\/p>\n","protected":false},"excerpt":{"rendered":"<p>No m\u00eas em que se celebra o Dia Internacional para a Erradica\u00e7\u00e3o da Pobreza, o Instituto de Apoio \u00e0 Crian\u00e7a organizou, no dia 21 de outubro de 2020, o Webinar &#8220;Pobreza e Desigualdades na Inf\u00e2ncia&#8221; com a presen\u00e7a de Ana Mendes Godinho &#8211; Ministra do Trabalho, Solidariedade e Seguran\u00e7a Social, Marie-Louise Coleiro Preca &#8211; Presidente da Eurochild, Dulce Rocha &#8211; Presidente do Instituto de Apoio \u00e0 Crian\u00e7a,  Carlos Farinha Rodrigues &#8211; Professor Associado do ISEG, David Ant\u00f3nio Rodrigues &#8211; Professor Catedr\u00e1tico e Maria Lopes &#8211; Rede Juvenil Crescer Juntos.<\/p>\n","protected":false},"author":2,"featured_media":5869,"comment_status":"open","ping_status":"open","sticky":false,"template":"","format":"standard","meta":{"_acf_changed":false,"footnotes":""},"categories":[46],"tags":[],"class_list":["post-5868","post","type-post","status-publish","format-standard","has-post-thumbnail","hentry","category-eventos","category-46","description-off"],"acf":[],"yoast_head":"<!-- This site is optimized with the Yoast SEO plugin v27.5 - https:\/\/yoast.com\/product\/yoast-seo-wordpress\/ -->\n<title>Webinar: Pobreza e Desigualdades na Inf\u00e2ncia | IAC<\/title>\n<meta name=\"description\" content=\"Leia o nosso artigo - Webinar: Pobreza e Desigualdades na Inf\u00e2ncia. Garantir um Futuro Melhor para as Crian\u00e7as na Uni\u00e3o Europeia.\" \/>\n<meta name=\"robots\" content=\"index, follow, max-snippet:-1, max-image-preview:large, max-video-preview:-1\" \/>\n<link rel=\"canonical\" href=\"https:\/\/iacrianca.pt\/en\/2020\/10\/webinar-pobreza-e-desigualdades-na-infancia\/\" \/>\n<meta property=\"og:locale\" content=\"en_US\" \/>\n<meta property=\"og:type\" content=\"article\" \/>\n<meta property=\"og:title\" content=\"Webinar: Pobreza e Desigualdades na Inf\u00e2ncia | IAC\" \/>\n<meta property=\"og:description\" content=\"Leia o nosso artigo - Webinar: Pobreza e Desigualdades na Inf\u00e2ncia. Garantir um Futuro Melhor para as Crian\u00e7as na Uni\u00e3o Europeia.\" \/>\n<meta property=\"og:url\" content=\"https:\/\/iacrianca.pt\/en\/2020\/10\/webinar-pobreza-e-desigualdades-na-infancia\/\" \/>\n<meta property=\"og:site_name\" content=\"Instituto de Apoio \u00e0 Crian\u00e7a\" \/>\n<meta property=\"article:publisher\" content=\"https:\/\/www.facebook.com\/iacinstitutodeapoioacrianca\" \/>\n<meta property=\"article:published_time\" content=\"2020-10-14T10:38:40+00:00\" \/>\n<meta property=\"article:modified_time\" content=\"2022-02-15T11:55:20+00:00\" \/>\n<meta property=\"og:image\" content=\"https:\/\/iacrianca.pt\/wp-content\/uploads\/2020\/10\/Webinar_21-10_Agenda_PT35462.jpg\" \/>\n\t<meta property=\"og:image:width\" content=\"2363\" \/>\n\t<meta property=\"og:image:height\" content=\"2363\" \/>\n\t<meta property=\"og:image:type\" content=\"image\/jpeg\" \/>\n<meta name=\"author\" content=\"Administra\u00e7\u00e3o IAC\" \/>\n<meta name=\"twitter:card\" content=\"summary_large_image\" \/>\n<meta name=\"twitter:creator\" content=\"@iacapoiocrianca\" \/>\n<meta name=\"twitter:site\" content=\"@iacapoiocrianca\" \/>\n<meta name=\"twitter:label1\" content=\"Written by\" \/>\n\t<meta name=\"twitter:data1\" content=\"Administra\u00e7\u00e3o IAC\" \/>\n\t<meta name=\"twitter:label2\" content=\"Est. reading time\" \/>\n\t<meta name=\"twitter:data2\" content=\"2 minutes\" \/>\n<script type=\"application\/ld+json\" class=\"yoast-schema-graph\">{\"@context\":\"https:\\\/\\\/schema.org\",\"@graph\":[{\"@type\":\"Article\",\"@id\":\"https:\\\/\\\/iacrianca.pt\\\/en\\\/2020\\\/10\\\/webinar-pobreza-e-desigualdades-na-infancia\\\/#article\",\"isPartOf\":{\"@id\":\"https:\\\/\\\/iacrianca.pt\\\/en\\\/2020\\\/10\\\/webinar-pobreza-e-desigualdades-na-infancia\\\/\"},\"author\":{\"name\":\"Administra\u00e7\u00e3o IAC\",\"@id\":\"https:\\\/\\\/iacrianca.pt\\\/en\\\/#\\\/schema\\\/person\\\/1c48c6e4b70d0dc7360e4b28ceaa5f6b\"},\"headline\":\"Webinar: Pobreza e Desigualdades na Inf\u00e2ncia &#8211; Garantir um Futuro Melhor para as Crian\u00e7as na Uni\u00e3o Europeia\",\"datePublished\":\"2020-10-14T10:38:40+00:00\",\"dateModified\":\"2022-02-15T11:55:20+00:00\",\"mainEntityOfPage\":{\"@id\":\"https:\\\/\\\/iacrianca.pt\\\/en\\\/2020\\\/10\\\/webinar-pobreza-e-desigualdades-na-infancia\\\/\"},\"wordCount\":261,\"commentCount\":0,\"publisher\":{\"@id\":\"https:\\\/\\\/iacrianca.pt\\\/en\\\/#organization\"},\"image\":{\"@id\":\"https:\\\/\\\/iacrianca.pt\\\/en\\\/2020\\\/10\\\/webinar-pobreza-e-desigualdades-na-infancia\\\/#primaryimage\"},\"thumbnailUrl\":\"https:\\\/\\\/iacrianca.pt\\\/wp-content\\\/uploads\\\/2020\\\/10\\\/Webinar_21-10_Agenda_PT35462.jpg\",\"articleSection\":[\"Eventos\"],\"inLanguage\":\"en-US\",\"potentialAction\":[{\"@type\":\"CommentAction\",\"name\":\"Comment\",\"target\":[\"https:\\\/\\\/iacrianca.pt\\\/en\\\/2020\\\/10\\\/webinar-pobreza-e-desigualdades-na-infancia\\\/#respond\"]}]},{\"@type\":\"WebPage\",\"@id\":\"https:\\\/\\\/iacrianca.pt\\\/en\\\/2020\\\/10\\\/webinar-pobreza-e-desigualdades-na-infancia\\\/\",\"url\":\"https:\\\/\\\/iacrianca.pt\\\/en\\\/2020\\\/10\\\/webinar-pobreza-e-desigualdades-na-infancia\\\/\",\"name\":\"Webinar: Pobreza e Desigualdades na Inf\u00e2ncia | IAC\",\"isPartOf\":{\"@id\":\"https:\\\/\\\/iacrianca.pt\\\/en\\\/#website\"},\"primaryImageOfPage\":{\"@id\":\"https:\\\/\\\/iacrianca.pt\\\/en\\\/2020\\\/10\\\/webinar-pobreza-e-desigualdades-na-infancia\\\/#primaryimage\"},\"image\":{\"@id\":\"https:\\\/\\\/iacrianca.pt\\\/en\\\/2020\\\/10\\\/webinar-pobreza-e-desigualdades-na-infancia\\\/#primaryimage\"},\"thumbnailUrl\":\"https:\\\/\\\/iacrianca.pt\\\/wp-content\\\/uploads\\\/2020\\\/10\\\/Webinar_21-10_Agenda_PT35462.jpg\",\"datePublished\":\"2020-10-14T10:38:40+00:00\",\"dateModified\":\"2022-02-15T11:55:20+00:00\",\"description\":\"Leia o nosso artigo - Webinar: Pobreza e Desigualdades na Inf\u00e2ncia. Garantir um Futuro Melhor para as Crian\u00e7as na Uni\u00e3o Europeia.\",\"breadcrumb\":{\"@id\":\"https:\\\/\\\/iacrianca.pt\\\/en\\\/2020\\\/10\\\/webinar-pobreza-e-desigualdades-na-infancia\\\/#breadcrumb\"},\"inLanguage\":\"en-US\",\"potentialAction\":[{\"@type\":\"ReadAction\",\"target\":[\"https:\\\/\\\/iacrianca.pt\\\/en\\\/2020\\\/10\\\/webinar-pobreza-e-desigualdades-na-infancia\\\/\"]}]},{\"@type\":\"ImageObject\",\"inLanguage\":\"en-US\",\"@id\":\"https:\\\/\\\/iacrianca.pt\\\/en\\\/2020\\\/10\\\/webinar-pobreza-e-desigualdades-na-infancia\\\/#primaryimage\",\"url\":\"https:\\\/\\\/iacrianca.pt\\\/wp-content\\\/uploads\\\/2020\\\/10\\\/Webinar_21-10_Agenda_PT35462.jpg\",\"contentUrl\":\"https:\\\/\\\/iacrianca.pt\\\/wp-content\\\/uploads\\\/2020\\\/10\\\/Webinar_21-10_Agenda_PT35462.jpg\",\"width\":2363,\"height\":2363},{\"@type\":\"BreadcrumbList\",\"@id\":\"https:\\\/\\\/iacrianca.pt\\\/en\\\/2020\\\/10\\\/webinar-pobreza-e-desigualdades-na-infancia\\\/#breadcrumb\",\"itemListElement\":[{\"@type\":\"ListItem\",\"position\":1,\"name\":\"In\u00edcio\",\"item\":\"https:\\\/\\\/iacrianca.pt\\\/en\\\/\"},{\"@type\":\"ListItem\",\"position\":2,\"name\":\"Webinar: Pobreza e Desigualdades na Inf\u00e2ncia &#8211; Garantir um Futuro Melhor para as Crian\u00e7as na Uni\u00e3o Europeia\"}]},{\"@type\":\"WebSite\",\"@id\":\"https:\\\/\\\/iacrianca.pt\\\/en\\\/#website\",\"url\":\"https:\\\/\\\/iacrianca.pt\\\/en\\\/\",\"name\":\"Instituto de Apoio \u00e0 Crian\u00e7a\",\"description\":\"Desde 1983 na defesa e promo\u00e7\u00e3o dos direitos da crian\u00e7a\",\"publisher\":{\"@id\":\"https:\\\/\\\/iacrianca.pt\\\/en\\\/#organization\"},\"potentialAction\":[{\"@type\":\"SearchAction\",\"target\":{\"@type\":\"EntryPoint\",\"urlTemplate\":\"https:\\\/\\\/iacrianca.pt\\\/en\\\/?s={search_term_string}\"},\"query-input\":{\"@type\":\"PropertyValueSpecification\",\"valueRequired\":true,\"valueName\":\"search_term_string\"}}],\"inLanguage\":\"en-US\"},{\"@type\":\"Organization\",\"@id\":\"https:\\\/\\\/iacrianca.pt\\\/en\\\/#organization\",\"name\":\"Instituto de Apoio \u00e0 Crian\u00e7a\",\"url\":\"https:\\\/\\\/iacrianca.pt\\\/en\\\/\",\"logo\":{\"@type\":\"ImageObject\",\"inLanguage\":\"en-US\",\"@id\":\"https:\\\/\\\/iacrianca.pt\\\/en\\\/#\\\/schema\\\/logo\\\/image\\\/\",\"url\":\"https:\\\/\\\/iacrianca.pt\\\/wp-content\\\/uploads\\\/2020\\\/04\\\/logo-iac-SD.jpg\",\"contentUrl\":\"https:\\\/\\\/iacrianca.pt\\\/wp-content\\\/uploads\\\/2020\\\/04\\\/logo-iac-SD.jpg\",\"width\":152,\"height\":73,\"caption\":\"Instituto de Apoio \u00e0 Crian\u00e7a\"},\"image\":{\"@id\":\"https:\\\/\\\/iacrianca.pt\\\/en\\\/#\\\/schema\\\/logo\\\/image\\\/\"},\"sameAs\":[\"https:\\\/\\\/www.facebook.com\\\/iacinstitutodeapoioacrianca\",\"https:\\\/\\\/x.com\\\/iacapoiocrianca\",\"https:\\\/\\\/www.youtube.com\\\/channel\\\/UC0jjfZ_xkN_59gJf_RQ-ZnQ\",\"https:\\\/\\\/www.linkedin.com\\\/company\\\/instituto-de-apoio--criana\\\/\",\"https:\\\/\\\/www.instagram.com\\\/iacinstitutodeapoioacrianca\\\/\",\"https:\\\/\\\/criancasatortoeadireitos.wordpress.com\\\/\"]},{\"@type\":\"Person\",\"@id\":\"https:\\\/\\\/iacrianca.pt\\\/en\\\/#\\\/schema\\\/person\\\/1c48c6e4b70d0dc7360e4b28ceaa5f6b\",\"name\":\"Administra\u00e7\u00e3o IAC\",\"image\":{\"@type\":\"ImageObject\",\"inLanguage\":\"en-US\",\"@id\":\"https:\\\/\\\/secure.gravatar.com\\\/avatar\\\/60b998c71de37dcc1398fc6d48c6b5ed7533e3ceec837c948055f072e3158ff1?s=96&d=mm&r=g\",\"url\":\"https:\\\/\\\/secure.gravatar.com\\\/avatar\\\/60b998c71de37dcc1398fc6d48c6b5ed7533e3ceec837c948055f072e3158ff1?s=96&d=mm&r=g\",\"contentUrl\":\"https:\\\/\\\/secure.gravatar.com\\\/avatar\\\/60b998c71de37dcc1398fc6d48c6b5ed7533e3ceec837c948055f072e3158ff1?s=96&d=mm&r=g\",\"caption\":\"Administra\u00e7\u00e3o IAC\"}}]}<\/script>\n<!-- \/ Yoast SEO plugin. -->","yoast_head_json":{"title":"Webinar: Pobreza e Desigualdades na Inf\u00e2ncia | IAC","description":"Leia o nosso artigo - Webinar: Pobreza e Desigualdades na Inf\u00e2ncia. Garantir um Futuro Melhor para as Crian\u00e7as na Uni\u00e3o Europeia.","robots":{"index":"index","follow":"follow","max-snippet":"max-snippet:-1","max-image-preview":"max-image-preview:large","max-video-preview":"max-video-preview:-1"},"canonical":"https:\/\/iacrianca.pt\/en\/2020\/10\/webinar-pobreza-e-desigualdades-na-infancia\/","og_locale":"en_US","og_type":"article","og_title":"Webinar: Pobreza e Desigualdades na Inf\u00e2ncia | IAC","og_description":"Leia o nosso artigo - Webinar: Pobreza e Desigualdades na Inf\u00e2ncia. Garantir um Futuro Melhor para as Crian\u00e7as na Uni\u00e3o Europeia.","og_url":"https:\/\/iacrianca.pt\/en\/2020\/10\/webinar-pobreza-e-desigualdades-na-infancia\/","og_site_name":"Instituto de Apoio \u00e0 Crian\u00e7a","article_publisher":"https:\/\/www.facebook.com\/iacinstitutodeapoioacrianca","article_published_time":"2020-10-14T10:38:40+00:00","article_modified_time":"2022-02-15T11:55:20+00:00","og_image":[{"width":2363,"height":2363,"url":"https:\/\/iacrianca.pt\/wp-content\/uploads\/2020\/10\/Webinar_21-10_Agenda_PT35462.jpg","type":"image\/jpeg"}],"author":"Administra\u00e7\u00e3o IAC","twitter_card":"summary_large_image","twitter_creator":"@iacapoiocrianca","twitter_site":"@iacapoiocrianca","twitter_misc":{"Written by":"Administra\u00e7\u00e3o IAC","Est. reading time":"2 minutes"},"schema":{"@context":"https:\/\/schema.org","@graph":[{"@type":"Article","@id":"https:\/\/iacrianca.pt\/en\/2020\/10\/webinar-pobreza-e-desigualdades-na-infancia\/#article","isPartOf":{"@id":"https:\/\/iacrianca.pt\/en\/2020\/10\/webinar-pobreza-e-desigualdades-na-infancia\/"},"author":{"name":"Administra\u00e7\u00e3o IAC","@id":"https:\/\/iacrianca.pt\/en\/#\/schema\/person\/1c48c6e4b70d0dc7360e4b28ceaa5f6b"},"headline":"Webinar: Pobreza e Desigualdades na Inf\u00e2ncia &#8211; Garantir um Futuro Melhor para as Crian\u00e7as na Uni\u00e3o Europeia","datePublished":"2020-10-14T10:38:40+00:00","dateModified":"2022-02-15T11:55:20+00:00","mainEntityOfPage":{"@id":"https:\/\/iacrianca.pt\/en\/2020\/10\/webinar-pobreza-e-desigualdades-na-infancia\/"},"wordCount":261,"commentCount":0,"publisher":{"@id":"https:\/\/iacrianca.pt\/en\/#organization"},"image":{"@id":"https:\/\/iacrianca.pt\/en\/2020\/10\/webinar-pobreza-e-desigualdades-na-infancia\/#primaryimage"},"thumbnailUrl":"https:\/\/iacrianca.pt\/wp-content\/uploads\/2020\/10\/Webinar_21-10_Agenda_PT35462.jpg","articleSection":["Eventos"],"inLanguage":"en-US","potentialAction":[{"@type":"CommentAction","name":"Comment","target":["https:\/\/iacrianca.pt\/en\/2020\/10\/webinar-pobreza-e-desigualdades-na-infancia\/#respond"]}]},{"@type":"WebPage","@id":"https:\/\/iacrianca.pt\/en\/2020\/10\/webinar-pobreza-e-desigualdades-na-infancia\/","url":"https:\/\/iacrianca.pt\/en\/2020\/10\/webinar-pobreza-e-desigualdades-na-infancia\/","name":"Webinar: Pobreza e Desigualdades na Inf\u00e2ncia | IAC","isPartOf":{"@id":"https:\/\/iacrianca.pt\/en\/#website"},"primaryImageOfPage":{"@id":"https:\/\/iacrianca.pt\/en\/2020\/10\/webinar-pobreza-e-desigualdades-na-infancia\/#primaryimage"},"image":{"@id":"https:\/\/iacrianca.pt\/en\/2020\/10\/webinar-pobreza-e-desigualdades-na-infancia\/#primaryimage"},"thumbnailUrl":"https:\/\/iacrianca.pt\/wp-content\/uploads\/2020\/10\/Webinar_21-10_Agenda_PT35462.jpg","datePublished":"2020-10-14T10:38:40+00:00","dateModified":"2022-02-15T11:55:20+00:00","description":"Leia o nosso artigo - Webinar: Pobreza e Desigualdades na Inf\u00e2ncia. Garantir um Futuro Melhor para as Crian\u00e7as na Uni\u00e3o Europeia.","breadcrumb":{"@id":"https:\/\/iacrianca.pt\/en\/2020\/10\/webinar-pobreza-e-desigualdades-na-infancia\/#breadcrumb"},"inLanguage":"en-US","potentialAction":[{"@type":"ReadAction","target":["https:\/\/iacrianca.pt\/en\/2020\/10\/webinar-pobreza-e-desigualdades-na-infancia\/"]}]},{"@type":"ImageObject","inLanguage":"en-US","@id":"https:\/\/iacrianca.pt\/en\/2020\/10\/webinar-pobreza-e-desigualdades-na-infancia\/#primaryimage","url":"https:\/\/iacrianca.pt\/wp-content\/uploads\/2020\/10\/Webinar_21-10_Agenda_PT35462.jpg","contentUrl":"https:\/\/iacrianca.pt\/wp-content\/uploads\/2020\/10\/Webinar_21-10_Agenda_PT35462.jpg","width":2363,"height":2363},{"@type":"BreadcrumbList","@id":"https:\/\/iacrianca.pt\/en\/2020\/10\/webinar-pobreza-e-desigualdades-na-infancia\/#breadcrumb","itemListElement":[{"@type":"ListItem","position":1,"name":"In\u00edcio","item":"https:\/\/iacrianca.pt\/en\/"},{"@type":"ListItem","position":2,"name":"Webinar: Pobreza e Desigualdades na Inf\u00e2ncia &#8211; Garantir um Futuro Melhor para as Crian\u00e7as na Uni\u00e3o Europeia"}]},{"@type":"WebSite","@id":"https:\/\/iacrianca.pt\/en\/#website","url":"https:\/\/iacrianca.pt\/en\/","name":"Instituto de Apoio \u00e0 Crian\u00e7a","description":"Desde 1983 na defesa e promo\u00e7\u00e3o dos direitos da crian\u00e7a","publisher":{"@id":"https:\/\/iacrianca.pt\/en\/#organization"},"potentialAction":[{"@type":"SearchAction","target":{"@type":"EntryPoint","urlTemplate":"https:\/\/iacrianca.pt\/en\/?s={search_term_string}"},"query-input":{"@type":"PropertyValueSpecification","valueRequired":true,"valueName":"search_term_string"}}],"inLanguage":"en-US"},{"@type":"Organization","@id":"https:\/\/iacrianca.pt\/en\/#organization","name":"Instituto de Apoio \u00e0 Crian\u00e7a","url":"https:\/\/iacrianca.pt\/en\/","logo":{"@type":"ImageObject","inLanguage":"en-US","@id":"https:\/\/iacrianca.pt\/en\/#\/schema\/logo\/image\/","url":"https:\/\/iacrianca.pt\/wp-content\/uploads\/2020\/04\/logo-iac-SD.jpg","contentUrl":"https:\/\/iacrianca.pt\/wp-content\/uploads\/2020\/04\/logo-iac-SD.jpg","width":152,"height":73,"caption":"Instituto de Apoio \u00e0 Crian\u00e7a"},"image":{"@id":"https:\/\/iacrianca.pt\/en\/#\/schema\/logo\/image\/"},"sameAs":["https:\/\/www.facebook.com\/iacinstitutodeapoioacrianca","https:\/\/x.com\/iacapoiocrianca","https:\/\/www.youtube.com\/channel\/UC0jjfZ_xkN_59gJf_RQ-ZnQ","https:\/\/www.linkedin.com\/company\/instituto-de-apoio--criana\/","https:\/\/www.instagram.com\/iacinstitutodeapoioacrianca\/","https:\/\/criancasatortoeadireitos.wordpress.com\/"]},{"@type":"Person","@id":"https:\/\/iacrianca.pt\/en\/#\/schema\/person\/1c48c6e4b70d0dc7360e4b28ceaa5f6b","name":"Administra\u00e7\u00e3o IAC","image":{"@type":"ImageObject","inLanguage":"en-US","@id":"https:\/\/secure.gravatar.com\/avatar\/60b998c71de37dcc1398fc6d48c6b5ed7533e3ceec837c948055f072e3158ff1?s=96&d=mm&r=g","url":"https:\/\/secure.gravatar.com\/avatar\/60b998c71de37dcc1398fc6d48c6b5ed7533e3ceec837c948055f072e3158ff1?s=96&d=mm&r=g","contentUrl":"https:\/\/secure.gravatar.com\/avatar\/60b998c71de37dcc1398fc6d48c6b5ed7533e3ceec837c948055f072e3158ff1?s=96&d=mm&r=g","caption":"Administra\u00e7\u00e3o IAC"}}]}},"_links":{"self":[{"href":"https:\/\/iacrianca.pt\/en\/wp-json\/wp\/v2\/posts\/5868","targetHints":{"allow":["GET"]}}],"collection":[{"href":"https:\/\/iacrianca.pt\/en\/wp-json\/wp\/v2\/posts"}],"about":[{"href":"https:\/\/iacrianca.pt\/en\/wp-json\/wp\/v2\/types\/post"}],"author":[{"embeddable":true,"href":"https:\/\/iacrianca.pt\/en\/wp-json\/wp\/v2\/users\/2"}],"replies":[{"embeddable":true,"href":"https:\/\/iacrianca.pt\/en\/wp-json\/wp\/v2\/comments?post=5868"}],"version-history":[{"count":0,"href":"https:\/\/iacrianca.pt\/en\/wp-json\/wp\/v2\/posts\/5868\/revisions"}],"wp:featuredmedia":[{"embeddable":true,"href":"https:\/\/iacrianca.pt\/en\/wp-json\/wp\/v2\/media\/5869"}],"wp:attachment":[{"href":"https:\/\/iacrianca.pt\/en\/wp-json\/wp\/v2\/media?parent=5868"}],"wp:term":[{"taxonomy":"category","embeddable":true,"href":"https:\/\/iacrianca.pt\/en\/wp-json\/wp\/v2\/categories?post=5868"},{"taxonomy":"post_tag","embeddable":true,"href":"https:\/\/iacrianca.pt\/en\/wp-json\/wp\/v2\/tags?post=5868"}],"curies":[{"name":"wp","href":"https:\/\/api.w.org\/{rel}","templated":true}]}}