{"id":6674,"date":"2020-12-16T11:17:26","date_gmt":"2020-12-16T11:17:26","guid":{"rendered":"https:\/\/iacrianca.pt\/?p=6674"},"modified":"2021-10-12T11:13:49","modified_gmt":"2021-10-12T11:13:49","slug":"familias-e-filhos-adoptivos-vao-ter-uma-linha-de-apoio-gratuita-e-confidencial-linha-lancada-pelo-instituto-de-apoio-a-crianca","status":"publish","type":"post","link":"https:\/\/iacrianca.pt\/en\/2020\/12\/familias-e-filhos-adoptivos-vao-ter-uma-linha-de-apoio-gratuita-e-confidencial-linha-lancada-pelo-instituto-de-apoio-a-crianca\/","title":{"rendered":"Fam\u00edlias e filhos adoptivos v\u00e3o ter uma linha de apoio gratuita e confidencial \u2013 Linha lan\u00e7ada pelo Instituto de Apoio \u00e0 Crian\u00e7a"},"content":{"rendered":"<p>Fam\u00edlias e filhos adoptivos v\u00e3o ter uma linha de apoio gratuita e confidencial \u2013 Linha lan\u00e7ada pelo Instituto de Apoio \u00e0\u00a0Crian\u00e7a<\/p>\n<p>Linha SOS Fam\u00edlia-Ado\u00e7\u00e3o N\u00famero gratuito 800 210 555 Dispon\u00edvel \u00e0s ter\u00e7as-feiras entre as 9h e as 13h e \u00e0s quintas-feiras entre as 14h e as 17h.<\/p>\n<p>Not\u00edcia do <a href=\"https:\/\/criancasatortoeadireitos.wordpress.com\/2020\/12\/16\/familias-e-filhos-adoptivos-vao-ter-uma-linha-de-apoio-gratuita-e-confidencial-linha-lancada-pelo-instituto-de-apoio-a-crianca\/\">P\u00fablico<\/a> de 16 de dezembro de 2020.<\/p>\n<p>Assista \u00e0 entrevista de Fernanda Salvaterra no Jornal da Uma da TVI:<\/p>\n<p><iframe title=\"Linha Fam\u00edlia-Ado\u00e7\u00e3o - Fernanda Salvaterra\" width=\"1200\" height=\"675\" src=\"https:\/\/www.youtube.com\/embed\/YQ8qxeS-hMw?feature=oembed&#038;enablejsapi=1&#038;origin=https:\/\/iacrianca.pt\" frameborder=\"0\" allow=\"accelerometer; autoplay; clipboard-write; encrypted-media; gyroscope; picture-in-picture\" allowfullscreen><\/iframe><\/p>\n","protected":false},"excerpt":{"rendered":"<p>Fam\u00edlias e filhos adoptivos v\u00e3o ter uma linha de apoio gratuita e confidencial \u2013 Linha lan\u00e7ada pelo Instituto de Apoio \u00e0\u00a0Crian\u00e7a<\/p>\n","protected":false},"author":2,"featured_media":8591,"comment_status":"open","ping_status":"open","sticky":false,"template":"","format":"standard","meta":{"_acf_changed":false,"footnotes":""},"categories":[1],"tags":[],"class_list":["post-6674","post","type-post","status-publish","format-standard","has-post-thumbnail","hentry","category-noticias","category-1","description-off"],"acf":[],"yoast_head":"<!-- This site is optimized with the Yoast SEO plugin v27.5 - https:\/\/yoast.com\/product\/yoast-seo-wordpress\/ -->\n<title>Linha de Apoio Fam\u00edlia-Ado\u00e7\u00e3o | IAC | Contacte-nos!<\/title>\n<meta name=\"description\" content=\"Linha Fam\u00edlia-Ado\u00e7\u00e3o: Linha de apoio, gratuita, an\u00f3nima e confidencial que pretende Promover o bem-estar da crian\u00e7a e a sua integra\u00e7\u00e3o familiar; Dar suporte emocional e aconselhamento especializado \u00e0s fam\u00edlias adotivas; Escutar as d\u00favidas e receios da crian\u00e7a e do jovem sobre quest\u00f5es relacionadas com a ado\u00e7\u00e3o; Dar aconselhamento especializado e consultoria independente a todos os profissionais implicados numa situa\u00e7\u00e3o de ado\u00e7\u00e3o. N\u00famero gratuito 800 202 651Dispon\u00edvel \u00e0s ter\u00e7as-feiras entre as 9h e as 13h e \u00e0s quintas-feiras entre as 14h e as 17h.\" \/>\n<meta name=\"robots\" content=\"index, follow, max-snippet:-1, max-image-preview:large, max-video-preview:-1\" \/>\n<link rel=\"canonical\" href=\"https:\/\/iacrianca.pt\/en\/2020\/12\/familias-e-filhos-adoptivos-vao-ter-uma-linha-de-apoio-gratuita-e-confidencial-linha-lancada-pelo-instituto-de-apoio-a-crianca\/\" \/>\n<meta property=\"og:locale\" content=\"en_US\" \/>\n<meta property=\"og:type\" content=\"article\" \/>\n<meta property=\"og:title\" content=\"Linha de Apoio Fam\u00edlia-Ado\u00e7\u00e3o | IAC | Contacte-nos!\" \/>\n<meta property=\"og:description\" content=\"Linha Fam\u00edlia-Ado\u00e7\u00e3o: Linha de apoio, gratuita, an\u00f3nima e confidencial que pretende Promover o bem-estar da crian\u00e7a e a sua integra\u00e7\u00e3o familiar; Dar suporte emocional e aconselhamento especializado \u00e0s fam\u00edlias adotivas; Escutar as d\u00favidas e receios da crian\u00e7a e do jovem sobre quest\u00f5es relacionadas com a ado\u00e7\u00e3o; Dar aconselhamento especializado e consultoria independente a todos os profissionais implicados numa situa\u00e7\u00e3o de ado\u00e7\u00e3o. N\u00famero gratuito 800 202 651Dispon\u00edvel \u00e0s ter\u00e7as-feiras entre as 9h e as 13h e \u00e0s quintas-feiras entre as 14h e as 17h.\" \/>\n<meta property=\"og:url\" content=\"https:\/\/iacrianca.pt\/en\/2020\/12\/familias-e-filhos-adoptivos-vao-ter-uma-linha-de-apoio-gratuita-e-confidencial-linha-lancada-pelo-instituto-de-apoio-a-crianca\/\" \/>\n<meta property=\"og:site_name\" content=\"Instituto de Apoio \u00e0 Crian\u00e7a\" \/>\n<meta property=\"article:publisher\" content=\"https:\/\/www.facebook.com\/iacinstitutodeapoioacrianca\" \/>\n<meta property=\"article:published_time\" content=\"2020-12-16T11:17:26+00:00\" \/>\n<meta property=\"article:modified_time\" content=\"2021-10-12T11:13:49+00:00\" \/>\n<meta property=\"og:image\" content=\"https:\/\/iacrianca.pt\/wp-content\/uploads\/2020\/12\/210555.jpg\" \/>\n\t<meta property=\"og:image:width\" content=\"937\" \/>\n\t<meta property=\"og:image:height\" content=\"937\" \/>\n\t<meta property=\"og:image:type\" content=\"image\/jpeg\" \/>\n<meta name=\"author\" content=\"Administra\u00e7\u00e3o IAC\" \/>\n<meta name=\"twitter:card\" content=\"summary_large_image\" \/>\n<meta name=\"twitter:creator\" content=\"@iacapoiocrianca\" \/>\n<meta name=\"twitter:site\" content=\"@iacapoiocrianca\" \/>\n<meta name=\"twitter:label1\" content=\"Written by\" \/>\n\t<meta name=\"twitter:data1\" content=\"Administra\u00e7\u00e3o IAC\" \/>\n<script type=\"application\/ld+json\" class=\"yoast-schema-graph\">{\"@context\":\"https:\\\/\\\/schema.org\",\"@graph\":[{\"@type\":\"Article\",\"@id\":\"https:\\\/\\\/iacrianca.pt\\\/en\\\/2020\\\/12\\\/familias-e-filhos-adoptivos-vao-ter-uma-linha-de-apoio-gratuita-e-confidencial-linha-lancada-pelo-instituto-de-apoio-a-crianca\\\/#article\",\"isPartOf\":{\"@id\":\"https:\\\/\\\/iacrianca.pt\\\/en\\\/2020\\\/12\\\/familias-e-filhos-adoptivos-vao-ter-uma-linha-de-apoio-gratuita-e-confidencial-linha-lancada-pelo-instituto-de-apoio-a-crianca\\\/\"},\"author\":{\"name\":\"Administra\u00e7\u00e3o IAC\",\"@id\":\"https:\\\/\\\/iacrianca.pt\\\/en\\\/#\\\/schema\\\/person\\\/1c48c6e4b70d0dc7360e4b28ceaa5f6b\"},\"headline\":\"Fam\u00edlias e filhos adoptivos v\u00e3o ter uma linha de apoio gratuita e confidencial \u2013 Linha lan\u00e7ada pelo Instituto de Apoio \u00e0 Crian\u00e7a\",\"datePublished\":\"2020-12-16T11:17:26+00:00\",\"dateModified\":\"2021-10-12T11:13:49+00:00\",\"mainEntityOfPage\":{\"@id\":\"https:\\\/\\\/iacrianca.pt\\\/en\\\/2020\\\/12\\\/familias-e-filhos-adoptivos-vao-ter-uma-linha-de-apoio-gratuita-e-confidencial-linha-lancada-pelo-instituto-de-apoio-a-crianca\\\/\"},\"wordCount\":101,\"commentCount\":0,\"publisher\":{\"@id\":\"https:\\\/\\\/iacrianca.pt\\\/en\\\/#organization\"},\"image\":{\"@id\":\"https:\\\/\\\/iacrianca.pt\\\/en\\\/2020\\\/12\\\/familias-e-filhos-adoptivos-vao-ter-uma-linha-de-apoio-gratuita-e-confidencial-linha-lancada-pelo-instituto-de-apoio-a-crianca\\\/#primaryimage\"},\"thumbnailUrl\":\"https:\\\/\\\/iacrianca.pt\\\/wp-content\\\/uploads\\\/2020\\\/12\\\/210555.jpg\",\"articleSection\":[\"Not\u00edcias\"],\"inLanguage\":\"en-US\",\"potentialAction\":[{\"@type\":\"CommentAction\",\"name\":\"Comment\",\"target\":[\"https:\\\/\\\/iacrianca.pt\\\/en\\\/2020\\\/12\\\/familias-e-filhos-adoptivos-vao-ter-uma-linha-de-apoio-gratuita-e-confidencial-linha-lancada-pelo-instituto-de-apoio-a-crianca\\\/#respond\"]}]},{\"@type\":\"WebPage\",\"@id\":\"https:\\\/\\\/iacrianca.pt\\\/en\\\/2020\\\/12\\\/familias-e-filhos-adoptivos-vao-ter-uma-linha-de-apoio-gratuita-e-confidencial-linha-lancada-pelo-instituto-de-apoio-a-crianca\\\/\",\"url\":\"https:\\\/\\\/iacrianca.pt\\\/en\\\/2020\\\/12\\\/familias-e-filhos-adoptivos-vao-ter-uma-linha-de-apoio-gratuita-e-confidencial-linha-lancada-pelo-instituto-de-apoio-a-crianca\\\/\",\"name\":\"Linha de Apoio Fam\u00edlia-Ado\u00e7\u00e3o | IAC | Contacte-nos!\",\"isPartOf\":{\"@id\":\"https:\\\/\\\/iacrianca.pt\\\/en\\\/#website\"},\"primaryImageOfPage\":{\"@id\":\"https:\\\/\\\/iacrianca.pt\\\/en\\\/2020\\\/12\\\/familias-e-filhos-adoptivos-vao-ter-uma-linha-de-apoio-gratuita-e-confidencial-linha-lancada-pelo-instituto-de-apoio-a-crianca\\\/#primaryimage\"},\"image\":{\"@id\":\"https:\\\/\\\/iacrianca.pt\\\/en\\\/2020\\\/12\\\/familias-e-filhos-adoptivos-vao-ter-uma-linha-de-apoio-gratuita-e-confidencial-linha-lancada-pelo-instituto-de-apoio-a-crianca\\\/#primaryimage\"},\"thumbnailUrl\":\"https:\\\/\\\/iacrianca.pt\\\/wp-content\\\/uploads\\\/2020\\\/12\\\/210555.jpg\",\"datePublished\":\"2020-12-16T11:17:26+00:00\",\"dateModified\":\"2021-10-12T11:13:49+00:00\",\"description\":\"Linha Fam\u00edlia-Ado\u00e7\u00e3o: Linha de apoio, gratuita, an\u00f3nima e confidencial que pretende Promover o bem-estar da crian\u00e7a e a sua integra\u00e7\u00e3o familiar; Dar suporte emocional e aconselhamento especializado \u00e0s fam\u00edlias adotivas; Escutar as d\u00favidas e receios da crian\u00e7a e do jovem sobre quest\u00f5es relacionadas com a ado\u00e7\u00e3o; Dar aconselhamento especializado e consultoria independente a todos os profissionais implicados numa situa\u00e7\u00e3o de ado\u00e7\u00e3o. N\u00famero gratuito 800 202 651Dispon\u00edvel \u00e0s ter\u00e7as-feiras entre as 9h e as 13h e \u00e0s quintas-feiras entre as 14h e as 17h.\",\"breadcrumb\":{\"@id\":\"https:\\\/\\\/iacrianca.pt\\\/en\\\/2020\\\/12\\\/familias-e-filhos-adoptivos-vao-ter-uma-linha-de-apoio-gratuita-e-confidencial-linha-lancada-pelo-instituto-de-apoio-a-crianca\\\/#breadcrumb\"},\"inLanguage\":\"en-US\",\"potentialAction\":[{\"@type\":\"ReadAction\",\"target\":[\"https:\\\/\\\/iacrianca.pt\\\/en\\\/2020\\\/12\\\/familias-e-filhos-adoptivos-vao-ter-uma-linha-de-apoio-gratuita-e-confidencial-linha-lancada-pelo-instituto-de-apoio-a-crianca\\\/\"]}]},{\"@type\":\"ImageObject\",\"inLanguage\":\"en-US\",\"@id\":\"https:\\\/\\\/iacrianca.pt\\\/en\\\/2020\\\/12\\\/familias-e-filhos-adoptivos-vao-ter-uma-linha-de-apoio-gratuita-e-confidencial-linha-lancada-pelo-instituto-de-apoio-a-crianca\\\/#primaryimage\",\"url\":\"https:\\\/\\\/iacrianca.pt\\\/wp-content\\\/uploads\\\/2020\\\/12\\\/210555.jpg\",\"contentUrl\":\"https:\\\/\\\/iacrianca.pt\\\/wp-content\\\/uploads\\\/2020\\\/12\\\/210555.jpg\",\"width\":937,\"height\":937},{\"@type\":\"BreadcrumbList\",\"@id\":\"https:\\\/\\\/iacrianca.pt\\\/en\\\/2020\\\/12\\\/familias-e-filhos-adoptivos-vao-ter-uma-linha-de-apoio-gratuita-e-confidencial-linha-lancada-pelo-instituto-de-apoio-a-crianca\\\/#breadcrumb\",\"itemListElement\":[{\"@type\":\"ListItem\",\"position\":1,\"name\":\"In\u00edcio\",\"item\":\"https:\\\/\\\/iacrianca.pt\\\/en\\\/\"},{\"@type\":\"ListItem\",\"position\":2,\"name\":\"Fam\u00edlias e filhos adoptivos v\u00e3o ter uma linha de apoio gratuita e confidencial \u2013 Linha lan\u00e7ada pelo Instituto de Apoio \u00e0 Crian\u00e7a\"}]},{\"@type\":\"WebSite\",\"@id\":\"https:\\\/\\\/iacrianca.pt\\\/en\\\/#website\",\"url\":\"https:\\\/\\\/iacrianca.pt\\\/en\\\/\",\"name\":\"Instituto de Apoio \u00e0 Crian\u00e7a\",\"description\":\"Desde 1983 na defesa e promo\u00e7\u00e3o dos direitos da crian\u00e7a\",\"publisher\":{\"@id\":\"https:\\\/\\\/iacrianca.pt\\\/en\\\/#organization\"},\"potentialAction\":[{\"@type\":\"SearchAction\",\"target\":{\"@type\":\"EntryPoint\",\"urlTemplate\":\"https:\\\/\\\/iacrianca.pt\\\/en\\\/?s={search_term_string}\"},\"query-input\":{\"@type\":\"PropertyValueSpecification\",\"valueRequired\":true,\"valueName\":\"search_term_string\"}}],\"inLanguage\":\"en-US\"},{\"@type\":\"Organization\",\"@id\":\"https:\\\/\\\/iacrianca.pt\\\/en\\\/#organization\",\"name\":\"Instituto de Apoio \u00e0 Crian\u00e7a\",\"url\":\"https:\\\/\\\/iacrianca.pt\\\/en\\\/\",\"logo\":{\"@type\":\"ImageObject\",\"inLanguage\":\"en-US\",\"@id\":\"https:\\\/\\\/iacrianca.pt\\\/en\\\/#\\\/schema\\\/logo\\\/image\\\/\",\"url\":\"https:\\\/\\\/iacrianca.pt\\\/wp-content\\\/uploads\\\/2020\\\/04\\\/logo-iac-SD.jpg\",\"contentUrl\":\"https:\\\/\\\/iacrianca.pt\\\/wp-content\\\/uploads\\\/2020\\\/04\\\/logo-iac-SD.jpg\",\"width\":152,\"height\":73,\"caption\":\"Instituto de Apoio \u00e0 Crian\u00e7a\"},\"image\":{\"@id\":\"https:\\\/\\\/iacrianca.pt\\\/en\\\/#\\\/schema\\\/logo\\\/image\\\/\"},\"sameAs\":[\"https:\\\/\\\/www.facebook.com\\\/iacinstitutodeapoioacrianca\",\"https:\\\/\\\/x.com\\\/iacapoiocrianca\",\"https:\\\/\\\/www.youtube.com\\\/channel\\\/UC0jjfZ_xkN_59gJf_RQ-ZnQ\",\"https:\\\/\\\/www.linkedin.com\\\/company\\\/instituto-de-apoio--criana\\\/\",\"https:\\\/\\\/www.instagram.com\\\/iacinstitutodeapoioacrianca\\\/\",\"https:\\\/\\\/criancasatortoeadireitos.wordpress.com\\\/\"]},{\"@type\":\"Person\",\"@id\":\"https:\\\/\\\/iacrianca.pt\\\/en\\\/#\\\/schema\\\/person\\\/1c48c6e4b70d0dc7360e4b28ceaa5f6b\",\"name\":\"Administra\u00e7\u00e3o IAC\",\"image\":{\"@type\":\"ImageObject\",\"inLanguage\":\"en-US\",\"@id\":\"https:\\\/\\\/secure.gravatar.com\\\/avatar\\\/60b998c71de37dcc1398fc6d48c6b5ed7533e3ceec837c948055f072e3158ff1?s=96&d=mm&r=g\",\"url\":\"https:\\\/\\\/secure.gravatar.com\\\/avatar\\\/60b998c71de37dcc1398fc6d48c6b5ed7533e3ceec837c948055f072e3158ff1?s=96&d=mm&r=g\",\"contentUrl\":\"https:\\\/\\\/secure.gravatar.com\\\/avatar\\\/60b998c71de37dcc1398fc6d48c6b5ed7533e3ceec837c948055f072e3158ff1?s=96&d=mm&r=g\",\"caption\":\"Administra\u00e7\u00e3o IAC\"}}]}<\/script>\n<!-- \/ Yoast SEO plugin. -->","yoast_head_json":{"title":"Linha de Apoio Fam\u00edlia-Ado\u00e7\u00e3o | IAC | Contacte-nos!","description":"Linha Fam\u00edlia-Ado\u00e7\u00e3o: Linha de apoio, gratuita, an\u00f3nima e confidencial que pretende Promover o bem-estar da crian\u00e7a e a sua integra\u00e7\u00e3o familiar; Dar suporte emocional e aconselhamento especializado \u00e0s fam\u00edlias adotivas; Escutar as d\u00favidas e receios da crian\u00e7a e do jovem sobre quest\u00f5es relacionadas com a ado\u00e7\u00e3o; Dar aconselhamento especializado e consultoria independente a todos os profissionais implicados numa situa\u00e7\u00e3o de ado\u00e7\u00e3o. N\u00famero gratuito 800 202 651Dispon\u00edvel \u00e0s ter\u00e7as-feiras entre as 9h e as 13h e \u00e0s quintas-feiras entre as 14h e as 17h.","robots":{"index":"index","follow":"follow","max-snippet":"max-snippet:-1","max-image-preview":"max-image-preview:large","max-video-preview":"max-video-preview:-1"},"canonical":"https:\/\/iacrianca.pt\/en\/2020\/12\/familias-e-filhos-adoptivos-vao-ter-uma-linha-de-apoio-gratuita-e-confidencial-linha-lancada-pelo-instituto-de-apoio-a-crianca\/","og_locale":"en_US","og_type":"article","og_title":"Linha de Apoio Fam\u00edlia-Ado\u00e7\u00e3o | IAC | Contacte-nos!","og_description":"Linha Fam\u00edlia-Ado\u00e7\u00e3o: Linha de apoio, gratuita, an\u00f3nima e confidencial que pretende Promover o bem-estar da crian\u00e7a e a sua integra\u00e7\u00e3o familiar; Dar suporte emocional e aconselhamento especializado \u00e0s fam\u00edlias adotivas; Escutar as d\u00favidas e receios da crian\u00e7a e do jovem sobre quest\u00f5es relacionadas com a ado\u00e7\u00e3o; Dar aconselhamento especializado e consultoria independente a todos os profissionais implicados numa situa\u00e7\u00e3o de ado\u00e7\u00e3o. N\u00famero gratuito 800 202 651Dispon\u00edvel \u00e0s ter\u00e7as-feiras entre as 9h e as 13h e \u00e0s quintas-feiras entre as 14h e as 17h.","og_url":"https:\/\/iacrianca.pt\/en\/2020\/12\/familias-e-filhos-adoptivos-vao-ter-uma-linha-de-apoio-gratuita-e-confidencial-linha-lancada-pelo-instituto-de-apoio-a-crianca\/","og_site_name":"Instituto de Apoio \u00e0 Crian\u00e7a","article_publisher":"https:\/\/www.facebook.com\/iacinstitutodeapoioacrianca","article_published_time":"2020-12-16T11:17:26+00:00","article_modified_time":"2021-10-12T11:13:49+00:00","og_image":[{"width":937,"height":937,"url":"https:\/\/iacrianca.pt\/wp-content\/uploads\/2020\/12\/210555.jpg","type":"image\/jpeg"}],"author":"Administra\u00e7\u00e3o IAC","twitter_card":"summary_large_image","twitter_creator":"@iacapoiocrianca","twitter_site":"@iacapoiocrianca","twitter_misc":{"Written by":"Administra\u00e7\u00e3o IAC"},"schema":{"@context":"https:\/\/schema.org","@graph":[{"@type":"Article","@id":"https:\/\/iacrianca.pt\/en\/2020\/12\/familias-e-filhos-adoptivos-vao-ter-uma-linha-de-apoio-gratuita-e-confidencial-linha-lancada-pelo-instituto-de-apoio-a-crianca\/#article","isPartOf":{"@id":"https:\/\/iacrianca.pt\/en\/2020\/12\/familias-e-filhos-adoptivos-vao-ter-uma-linha-de-apoio-gratuita-e-confidencial-linha-lancada-pelo-instituto-de-apoio-a-crianca\/"},"author":{"name":"Administra\u00e7\u00e3o IAC","@id":"https:\/\/iacrianca.pt\/en\/#\/schema\/person\/1c48c6e4b70d0dc7360e4b28ceaa5f6b"},"headline":"Fam\u00edlias e filhos adoptivos v\u00e3o ter uma linha de apoio gratuita e confidencial \u2013 Linha lan\u00e7ada pelo Instituto de Apoio \u00e0 Crian\u00e7a","datePublished":"2020-12-16T11:17:26+00:00","dateModified":"2021-10-12T11:13:49+00:00","mainEntityOfPage":{"@id":"https:\/\/iacrianca.pt\/en\/2020\/12\/familias-e-filhos-adoptivos-vao-ter-uma-linha-de-apoio-gratuita-e-confidencial-linha-lancada-pelo-instituto-de-apoio-a-crianca\/"},"wordCount":101,"commentCount":0,"publisher":{"@id":"https:\/\/iacrianca.pt\/en\/#organization"},"image":{"@id":"https:\/\/iacrianca.pt\/en\/2020\/12\/familias-e-filhos-adoptivos-vao-ter-uma-linha-de-apoio-gratuita-e-confidencial-linha-lancada-pelo-instituto-de-apoio-a-crianca\/#primaryimage"},"thumbnailUrl":"https:\/\/iacrianca.pt\/wp-content\/uploads\/2020\/12\/210555.jpg","articleSection":["Not\u00edcias"],"inLanguage":"en-US","potentialAction":[{"@type":"CommentAction","name":"Comment","target":["https:\/\/iacrianca.pt\/en\/2020\/12\/familias-e-filhos-adoptivos-vao-ter-uma-linha-de-apoio-gratuita-e-confidencial-linha-lancada-pelo-instituto-de-apoio-a-crianca\/#respond"]}]},{"@type":"WebPage","@id":"https:\/\/iacrianca.pt\/en\/2020\/12\/familias-e-filhos-adoptivos-vao-ter-uma-linha-de-apoio-gratuita-e-confidencial-linha-lancada-pelo-instituto-de-apoio-a-crianca\/","url":"https:\/\/iacrianca.pt\/en\/2020\/12\/familias-e-filhos-adoptivos-vao-ter-uma-linha-de-apoio-gratuita-e-confidencial-linha-lancada-pelo-instituto-de-apoio-a-crianca\/","name":"Linha de Apoio Fam\u00edlia-Ado\u00e7\u00e3o | IAC | Contacte-nos!","isPartOf":{"@id":"https:\/\/iacrianca.pt\/en\/#website"},"primaryImageOfPage":{"@id":"https:\/\/iacrianca.pt\/en\/2020\/12\/familias-e-filhos-adoptivos-vao-ter-uma-linha-de-apoio-gratuita-e-confidencial-linha-lancada-pelo-instituto-de-apoio-a-crianca\/#primaryimage"},"image":{"@id":"https:\/\/iacrianca.pt\/en\/2020\/12\/familias-e-filhos-adoptivos-vao-ter-uma-linha-de-apoio-gratuita-e-confidencial-linha-lancada-pelo-instituto-de-apoio-a-crianca\/#primaryimage"},"thumbnailUrl":"https:\/\/iacrianca.pt\/wp-content\/uploads\/2020\/12\/210555.jpg","datePublished":"2020-12-16T11:17:26+00:00","dateModified":"2021-10-12T11:13:49+00:00","description":"Linha Fam\u00edlia-Ado\u00e7\u00e3o: Linha de apoio, gratuita, an\u00f3nima e confidencial que pretende Promover o bem-estar da crian\u00e7a e a sua integra\u00e7\u00e3o familiar; Dar suporte emocional e aconselhamento especializado \u00e0s fam\u00edlias adotivas; Escutar as d\u00favidas e receios da crian\u00e7a e do jovem sobre quest\u00f5es relacionadas com a ado\u00e7\u00e3o; Dar aconselhamento especializado e consultoria independente a todos os profissionais implicados numa situa\u00e7\u00e3o de ado\u00e7\u00e3o. N\u00famero gratuito 800 202 651Dispon\u00edvel \u00e0s ter\u00e7as-feiras entre as 9h e as 13h e \u00e0s quintas-feiras entre as 14h e as 17h.","breadcrumb":{"@id":"https:\/\/iacrianca.pt\/en\/2020\/12\/familias-e-filhos-adoptivos-vao-ter-uma-linha-de-apoio-gratuita-e-confidencial-linha-lancada-pelo-instituto-de-apoio-a-crianca\/#breadcrumb"},"inLanguage":"en-US","potentialAction":[{"@type":"ReadAction","target":["https:\/\/iacrianca.pt\/en\/2020\/12\/familias-e-filhos-adoptivos-vao-ter-uma-linha-de-apoio-gratuita-e-confidencial-linha-lancada-pelo-instituto-de-apoio-a-crianca\/"]}]},{"@type":"ImageObject","inLanguage":"en-US","@id":"https:\/\/iacrianca.pt\/en\/2020\/12\/familias-e-filhos-adoptivos-vao-ter-uma-linha-de-apoio-gratuita-e-confidencial-linha-lancada-pelo-instituto-de-apoio-a-crianca\/#primaryimage","url":"https:\/\/iacrianca.pt\/wp-content\/uploads\/2020\/12\/210555.jpg","contentUrl":"https:\/\/iacrianca.pt\/wp-content\/uploads\/2020\/12\/210555.jpg","width":937,"height":937},{"@type":"BreadcrumbList","@id":"https:\/\/iacrianca.pt\/en\/2020\/12\/familias-e-filhos-adoptivos-vao-ter-uma-linha-de-apoio-gratuita-e-confidencial-linha-lancada-pelo-instituto-de-apoio-a-crianca\/#breadcrumb","itemListElement":[{"@type":"ListItem","position":1,"name":"In\u00edcio","item":"https:\/\/iacrianca.pt\/en\/"},{"@type":"ListItem","position":2,"name":"Fam\u00edlias e filhos adoptivos v\u00e3o ter uma linha de apoio gratuita e confidencial \u2013 Linha lan\u00e7ada pelo Instituto de Apoio \u00e0 Crian\u00e7a"}]},{"@type":"WebSite","@id":"https:\/\/iacrianca.pt\/en\/#website","url":"https:\/\/iacrianca.pt\/en\/","name":"Instituto de Apoio \u00e0 Crian\u00e7a","description":"Desde 1983 na defesa e promo\u00e7\u00e3o dos direitos da crian\u00e7a","publisher":{"@id":"https:\/\/iacrianca.pt\/en\/#organization"},"potentialAction":[{"@type":"SearchAction","target":{"@type":"EntryPoint","urlTemplate":"https:\/\/iacrianca.pt\/en\/?s={search_term_string}"},"query-input":{"@type":"PropertyValueSpecification","valueRequired":true,"valueName":"search_term_string"}}],"inLanguage":"en-US"},{"@type":"Organization","@id":"https:\/\/iacrianca.pt\/en\/#organization","name":"Instituto de Apoio \u00e0 Crian\u00e7a","url":"https:\/\/iacrianca.pt\/en\/","logo":{"@type":"ImageObject","inLanguage":"en-US","@id":"https:\/\/iacrianca.pt\/en\/#\/schema\/logo\/image\/","url":"https:\/\/iacrianca.pt\/wp-content\/uploads\/2020\/04\/logo-iac-SD.jpg","contentUrl":"https:\/\/iacrianca.pt\/wp-content\/uploads\/2020\/04\/logo-iac-SD.jpg","width":152,"height":73,"caption":"Instituto de Apoio \u00e0 Crian\u00e7a"},"image":{"@id":"https:\/\/iacrianca.pt\/en\/#\/schema\/logo\/image\/"},"sameAs":["https:\/\/www.facebook.com\/iacinstitutodeapoioacrianca","https:\/\/x.com\/iacapoiocrianca","https:\/\/www.youtube.com\/channel\/UC0jjfZ_xkN_59gJf_RQ-ZnQ","https:\/\/www.linkedin.com\/company\/instituto-de-apoio--criana\/","https:\/\/www.instagram.com\/iacinstitutodeapoioacrianca\/","https:\/\/criancasatortoeadireitos.wordpress.com\/"]},{"@type":"Person","@id":"https:\/\/iacrianca.pt\/en\/#\/schema\/person\/1c48c6e4b70d0dc7360e4b28ceaa5f6b","name":"Administra\u00e7\u00e3o IAC","image":{"@type":"ImageObject","inLanguage":"en-US","@id":"https:\/\/secure.gravatar.com\/avatar\/60b998c71de37dcc1398fc6d48c6b5ed7533e3ceec837c948055f072e3158ff1?s=96&d=mm&r=g","url":"https:\/\/secure.gravatar.com\/avatar\/60b998c71de37dcc1398fc6d48c6b5ed7533e3ceec837c948055f072e3158ff1?s=96&d=mm&r=g","contentUrl":"https:\/\/secure.gravatar.com\/avatar\/60b998c71de37dcc1398fc6d48c6b5ed7533e3ceec837c948055f072e3158ff1?s=96&d=mm&r=g","caption":"Administra\u00e7\u00e3o IAC"}}]}},"_links":{"self":[{"href":"https:\/\/iacrianca.pt\/en\/wp-json\/wp\/v2\/posts\/6674","targetHints":{"allow":["GET"]}}],"collection":[{"href":"https:\/\/iacrianca.pt\/en\/wp-json\/wp\/v2\/posts"}],"about":[{"href":"https:\/\/iacrianca.pt\/en\/wp-json\/wp\/v2\/types\/post"}],"author":[{"embeddable":true,"href":"https:\/\/iacrianca.pt\/en\/wp-json\/wp\/v2\/users\/2"}],"replies":[{"embeddable":true,"href":"https:\/\/iacrianca.pt\/en\/wp-json\/wp\/v2\/comments?post=6674"}],"version-history":[{"count":0,"href":"https:\/\/iacrianca.pt\/en\/wp-json\/wp\/v2\/posts\/6674\/revisions"}],"wp:featuredmedia":[{"embeddable":true,"href":"https:\/\/iacrianca.pt\/en\/wp-json\/wp\/v2\/media\/8591"}],"wp:attachment":[{"href":"https:\/\/iacrianca.pt\/en\/wp-json\/wp\/v2\/media?parent=6674"}],"wp:term":[{"taxonomy":"category","embeddable":true,"href":"https:\/\/iacrianca.pt\/en\/wp-json\/wp\/v2\/categories?post=6674"},{"taxonomy":"post_tag","embeddable":true,"href":"https:\/\/iacrianca.pt\/en\/wp-json\/wp\/v2\/tags?post=6674"}],"curies":[{"name":"wp","href":"https:\/\/api.w.org\/{rel}","templated":true}]}}