{"id":6897,"date":"2021-02-09T10:14:17","date_gmt":"2021-02-09T10:14:17","guid":{"rendered":"https:\/\/iacrianca.pt\/?p=6897"},"modified":"2021-02-09T10:51:33","modified_gmt":"2021-02-09T10:51:33","slug":"dia-da-internet-segura-2021","status":"publish","type":"post","link":"https:\/\/iacrianca.pt\/en\/2021\/02\/dia-da-internet-segura-2021\/","title":{"rendered":"Dia da Internet Segura 2021"},"content":{"rendered":"\t\t<div data-elementor-type=\"wp-post\" data-elementor-id=\"6897\" class=\"elementor elementor-6897\" data-elementor-post-type=\"post\">\n\t\t\t\t\t\t<section class=\"elementor-section elementor-top-section elementor-element elementor-element-57eaba59 elementor-section-boxed elementor-section-height-default elementor-section-height-default\" data-id=\"57eaba59\" data-element_type=\"section\" data-e-type=\"section\">\n\t\t\t\t\t\t<div class=\"elementor-container elementor-column-gap-default\">\n\t\t\t\t\t<div class=\"elementor-column elementor-col-100 elementor-top-column elementor-element elementor-element-591f5931\" data-id=\"591f5931\" data-element_type=\"column\" data-e-type=\"column\">\n\t\t\t<div class=\"elementor-widget-wrap elementor-element-populated\">\n\t\t\t\t\t\t<div class=\"elementor-element elementor-element-7770baf9 elementor-widget elementor-widget-text-editor\" data-id=\"7770baf9\" data-element_type=\"widget\" data-e-type=\"widget\" data-widget_type=\"text-editor.default\">\n\t\t\t\t<div class=\"elementor-widget-container\">\n\t\t\t\t\t\t\t\t\t<p>No dia 9 assinala-se o Dia da Internet Segura cujo tema este ano \u00e9\u00a0<b>\u201cJuntos por uma internet melhor\u201d. <\/b>Esta comemora\u00e7\u00e3o dadas as circunst\u00e2ncias ser\u00e1 feita\u00a0 totalmente em formato digital. No site do programa da\u00a0<i>Better Internet for Kids<\/i>\u00a0podem encontrar um arquivo\u00a0sobre as diferentes comemora\u00e7\u00f5es desde o seu in\u00edcio (Estamos na 18\u00aa edi\u00e7\u00e3o).\u00a0<\/p><p>A efem\u00e9ride deste ano parte da Comiss\u00e3o Europeia <a href=\"http:\/\/www.saferinternetday.org\/\" target=\"_blank\" rel=\"noopener noreferrer\" data-auth=\"NotApplicable\">http:\/\/www.saferinternetday.org <\/a>e em organiza\u00e7\u00e3o conjunta das redes I<i>NSAFE<\/i>e<i>INHOPE:<\/i>\u00a0<\/p><p><b>&#8211;<\/b>\u00a0o IAC em parceria com\u00a0o Projecto MiudosSegurosNa.Net e a a Associa\u00e7\u00e3o AjudAjudar lan\u00e7aram recentemente um apelo \u00e0 Presid\u00eancia Portuguesa da Uni\u00e3o Europeia para que se chegue com celeridade a um acordo de Derroga\u00e7\u00e3o Tempor\u00e1ria da Diretiva da Privacidade Eletr\u00f3nica, para que assim sejam reativadas ferramentas (tecnologias espec\u00edficas) que eram usadas para detetar, denunciar, remover e bloquear materiais com conte\u00fados abusivos envolvendo crian\u00e7as.\u00a0<\/p><p>Outros apelos foram tamb\u00e9m disseminados por v\u00e1rias organiza\u00e7\u00f5es europeias ligadas \u00e0 defesa e prote\u00e7\u00e3o de Crian\u00e7as e Jovens (algumas das quais parceiras ativas do IAC).\u00a0<span dir=\"auto\">Atualmente e com a agravante da pandemia que se instalou e passando as crian\u00e7as e jovens cada vez mais tempo online, esta quest\u00e3o torna-se ainda mais premente.\u00a0<\/span><br \/><span dir=\"auto\">Poder\u00e3o ler o &#8220;apelo&#8221; <a href=\"https:\/\/iacrianca.pt\/wp-content\/uploads\/2021\/02\/MSNN-APELO-A-PRESIDENCIA-PORTUGUESA-DA-UE.pdf\">aqui<\/a>.<\/span><\/p><p>\u00a0<\/p><div dir=\"auto\">Refer\u00eancias:<\/div><div dir=\"auto\">01.\u00a0<a class=\"x_oajrlxb2 x_g5ia77u1 x_qu0x051f x_esr5mh6w x_e9989ue4 x_r7d6kgcz x_rq0escxv x_nhd2j8a9 x_nc684nl6 x_p7hjln8o x_kvgmc6g5 x_cxmmr5t8 x_oygrvhab x_hcukyx3x x_jb3vyjys x_rz4wbd8a x_qt6c0cv9 x_a8nywdso x_i1ao9s8h x_esuyzwwr x_f1sip0of x_lzcic4wl x_py34i1dx x_gpro0wi8\" tabindex=\"0\" href=\"https:\/\/about.fb.com\/news\/2020\/12\/changes-to-facebook-messaging-services-in-europe\/amp\/\" target=\"_blank\" rel=\"nofollow noopener\">https:\/\/about.fb.com\/&#8230;\/changes-to-facebook&#8230;\/amp\/<\/a>\u00a0<\/div><div dir=\"auto\">02.\u00a0<a class=\"x_oajrlxb2 x_g5ia77u1 x_qu0x051f x_esr5mh6w x_e9989ue4 x_r7d6kgcz x_rq0escxv x_nhd2j8a9 x_nc684nl6 x_p7hjln8o x_kvgmc6g5 x_cxmmr5t8 x_oygrvhab x_hcukyx3x x_jb3vyjys x_rz4wbd8a x_qt6c0cv9 x_a8nywdso x_i1ao9s8h x_esuyzwwr x_f1sip0of x_lzcic4wl x_py34i1dx x_gpro0wi8\" tabindex=\"0\" href=\"https:\/\/blogs.microsoft.com\/eupolicy\/2020\/12\/21\/our-continued-commitment-to-safety\/?fbclid=IwAR0Qyjb952B9NJBrKSY5vpw2P2cHcC78-Xsvyf1t2OBCC6bMMBHfeDgeIvE\" target=\"_blank\" rel=\"nofollow noopener\">https:\/\/blogs.microsoft.com\/&#8230;\/our-continued-commitment&#8230;\/<\/a>\u00a0<\/div><div dir=\"auto\" style=\"text-align: left;\">03. <a class=\"x_oajrlxb2 x_g5ia77u1 x_qu0x051f x_esr5mh6w x_e9989ue4 x_r7d6kgcz x_rq0escxv x_nhd2j8a9 x_nc684nl6 x_p7hjln8o x_kvgmc6g5 x_cxmmr5t8 x_oygrvhab x_hcukyx3x x_jb3vyjys x_rz4wbd8a x_qt6c0cv9 x_a8nywdso x_i1ao9s8h x_esuyzwwr x_f1sip0of x_lzcic4wl x_py34i1dx x_gpro0wi8\" tabindex=\"0\" href=\"https:\/\/eur-lex.europa.eu\/legal-content\/PT\/TXT\/HTML\/?uri=CELEX%3A52020PC0568&amp;from=EN&amp;fbclid=IwAR04oVIyQCd-fzxI20iqhdnmYUTU3as-9HruqvJ9q_yNXANGVQDhJza5AKg\" target=\"_blank\" rel=\"nofollow noopener\">https:\/\/eur-lex.europa.eu\/legal-content\/PT\/TXT\/HTML\/?uri=CELEX:52020PC0568&amp;from=EN<\/a>\u00a0<\/div><div dir=\"auto\">04.\u00a0<a class=\"x_oajrlxb2 x_g5ia77u1 x_qu0x051f x_esr5mh6w x_e9989ue4 x_r7d6kgcz x_rq0escxv x_nhd2j8a9 x_nc684nl6 x_p7hjln8o x_kvgmc6g5 x_cxmmr5t8 x_oygrvhab x_hcukyx3x x_jb3vyjys x_rz4wbd8a x_qt6c0cv9 x_a8nywdso x_i1ao9s8h x_esuyzwwr x_f1sip0of x_lzcic4wl x_py34i1dx x_gpro0wi8\" tabindex=\"0\" href=\"https:\/\/www.europarl.europa.eu\/doceo\/document\/A-9-2020-0258_EN.html?fbclid=IwAR0-sPjkCQornVFL4Mi_62jXDkw4Brmtr9ubCKkTTT2NykZsS_H6dRbOZuM\" target=\"_blank\" rel=\"nofollow noopener\">https:\/\/www.europarl.europa.eu\/&#8230;\/A-9-2020-0258_EN.html<\/a>\u00a0<\/div><div dir=\"auto\">05.\u00a0<a class=\"x_oajrlxb2 x_g5ia77u1 x_qu0x051f x_esr5mh6w x_e9989ue4 x_r7d6kgcz x_rq0escxv x_nhd2j8a9 x_nc684nl6 x_p7hjln8o x_kvgmc6g5 x_cxmmr5t8 x_oygrvhab x_hcukyx3x x_jb3vyjys x_rz4wbd8a x_qt6c0cv9 x_a8nywdso x_i1ao9s8h x_esuyzwwr x_f1sip0of x_lzcic4wl x_py34i1dx x_gpro0wi8\" tabindex=\"0\" href=\"https:\/\/www.interpol.int\/en\/Crimes\/Crimes-against-children\/International-Child-Sexual-Exploitation-database?fbclid=IwAR0394fK3CMjVe80BxHj5w1MNwyn5dDus9bCdKbGaHDcW-zj31ONHapk_A0\" target=\"_blank\" rel=\"nofollow noopener\">https:\/\/www.interpol.int\/&#8230;\/International-Child-Sexual&#8230;<\/a>\u00a0<\/div><div dir=\"auto\">06.\u00a0<a class=\"x_oajrlxb2 x_g5ia77u1 x_qu0x051f x_esr5mh6w x_e9989ue4 x_r7d6kgcz x_rq0escxv x_nhd2j8a9 x_nc684nl6 x_p7hjln8o x_kvgmc6g5 x_cxmmr5t8 x_oygrvhab x_hcukyx3x x_jb3vyjys x_rz4wbd8a x_qt6c0cv9 x_a8nywdso x_i1ao9s8h x_esuyzwwr x_f1sip0of x_lzcic4wl x_py34i1dx x_gpro0wi8\" tabindex=\"0\" href=\"https:\/\/www.microsoft.com\/en-us\/photodna?fbclid=IwAR1BgycYLRctbvteHBoXBJivuea0kCbdGiqTu7q_LyITo-Z2ohWTkRLMULs\" target=\"_blank\" rel=\"nofollow noopener\">https:\/\/www.microsoft.com\/en-us\/photodna<\/a>\u00a0<\/div><div dir=\"auto\">07.\u00a0<a class=\"x_oajrlxb2 x_g5ia77u1 x_qu0x051f x_esr5mh6w x_e9989ue4 x_r7d6kgcz x_rq0escxv x_nhd2j8a9 x_nc684nl6 x_p7hjln8o x_kvgmc6g5 x_cxmmr5t8 x_oygrvhab x_hcukyx3x x_jb3vyjys x_rz4wbd8a x_qt6c0cv9 x_a8nywdso x_i1ao9s8h x_esuyzwwr x_f1sip0of x_lzcic4wl x_py34i1dx x_gpro0wi8\" tabindex=\"0\" href=\"https:\/\/www.interpol.int\/en\/Crimes\/Crimes-against-children\/International-Child-Sexual-Exploitation-database?fbclid=IwAR08c6Z-I0c1k0KN2V7WfyM8A620Q1JH762ZakYmRsUwDiNTX9HmhW4aUYM\" target=\"_blank\" rel=\"nofollow noopener\">https:\/\/www.interpol.int\/&#8230;\/International-Child-Sexual&#8230;<\/a>\u00a0<\/div><div dir=\"auto\">08.\u00a0<a class=\"x_oajrlxb2 x_g5ia77u1 x_qu0x051f x_esr5mh6w x_e9989ue4 x_r7d6kgcz x_rq0escxv x_nhd2j8a9 x_nc684nl6 x_p7hjln8o x_kvgmc6g5 x_cxmmr5t8 x_oygrvhab x_hcukyx3x x_jb3vyjys x_rz4wbd8a x_qt6c0cv9 x_a8nywdso x_i1ao9s8h x_esuyzwwr x_f1sip0of x_lzcic4wl x_py34i1dx x_gpro0wi8\" tabindex=\"0\" href=\"https:\/\/www.dailymail.co.uk\/sciencetech\/article-7869357\/Microsoft-launches-anti-grooming-tool-online-messaging-apps.html?fbclid=IwAR1ap1eW-yB_LzLfMjztMRy2roZ8-ne5FlibEYttrqf3HjwmUxJOyHWNC8c\" target=\"_blank\" rel=\"nofollow noopener\">https:\/\/www.dailymail.co.uk\/&#8230;\/Microsoft-launches-anti&#8230;<\/a>\u00a0<\/div><div dir=\"auto\">09.\u00a0<a class=\"x_oajrlxb2 x_g5ia77u1 x_qu0x051f x_esr5mh6w x_e9989ue4 x_r7d6kgcz x_rq0escxv x_nhd2j8a9 x_nc684nl6 x_p7hjln8o x_kvgmc6g5 x_cxmmr5t8 x_oygrvhab x_hcukyx3x x_jb3vyjys x_rz4wbd8a x_qt6c0cv9 x_a8nywdso x_i1ao9s8h x_esuyzwwr x_f1sip0of x_lzcic4wl x_py34i1dx x_gpro0wi8\" tabindex=\"0\" href=\"https:\/\/www.missingkids.org\/content\/dam\/missingkids\/gethelp\/2019-reports-by-esp.pdf?fbclid=IwAR3H0NVcX7fx5vz9Hnao2fINAkx3dOW4DAC1aCN6GO3mLykUtb_Mn25gjok\" target=\"_blank\" rel=\"nofollow noopener\">https:\/\/www.missingkids.org\/&#8230;\/2019-reports-by-esp.pdf<\/a> \u00a0<\/div><div dir=\"auto\">10.\u00a0<a class=\"x_oajrlxb2 x_g5ia77u1 x_qu0x051f x_esr5mh6w x_e9989ue4 x_r7d6kgcz x_rq0escxv x_nhd2j8a9 x_nc684nl6 x_p7hjln8o x_kvgmc6g5 x_cxmmr5t8 x_oygrvhab x_hcukyx3x x_jb3vyjys x_rz4wbd8a x_qt6c0cv9 x_a8nywdso x_i1ao9s8h x_esuyzwwr x_f1sip0of x_lzcic4wl x_py34i1dx x_gpro0wi8\" tabindex=\"0\" href=\"https:\/\/www.missingkids.org\/childsafetyfirst?fbclid=IwAR1hw09Y8ZlGd0MXYXjHXtUn_T3NlLt5rK4-uUPem-zrx9mLArb3EW31bkc#blogupdate\" target=\"_blank\" rel=\"nofollow noopener\">https:\/\/www.missingkids.org\/childsafetyfirst#blogupdate<\/a>\u00a0<\/div><div dir=\"auto\">11.\u00a0<a class=\"x_oajrlxb2 x_g5ia77u1 x_qu0x051f x_esr5mh6w x_e9989ue4 x_r7d6kgcz x_rq0escxv x_nhd2j8a9 x_nc684nl6 x_p7hjln8o x_kvgmc6g5 x_cxmmr5t8 x_oygrvhab x_hcukyx3x x_jb3vyjys x_rz4wbd8a x_qt6c0cv9 x_a8nywdso x_i1ao9s8h x_esuyzwwr x_f1sip0of x_lzcic4wl x_py34i1dx x_gpro0wi8\" tabindex=\"0\" href=\"https:\/\/www.weprotect.org\/s\/WPGA-European-ePrivacy-briefing-Jan-21.pdf?fbclid=IwAR0-sPjkCQornVFL4Mi_62jXDkw4Brmtr9ubCKkTTT2NykZsS_H6dRbOZuM\" target=\"_blank\" rel=\"nofollow noopener\">https:\/\/www.weprotect.org\/&#8230;\/WPGA-European-ePrivacy&#8230;<\/a><\/div>\t\t\t\t\t\t\t\t<\/div>\n\t\t\t\t<\/div>\n\t\t\t\t\t<\/div>\n\t\t<\/div>\n\t\t\t\t\t<\/div>\n\t\t<\/section>\n\t\t\t\t<\/div>\n\t\t","protected":false},"excerpt":{"rendered":"<p> No dia 9 assinala-se o Dia da Internet Segura cujo tema este ano \u00e9 \u201cJuntos por uma internet melhor\u201d. o IAC em parceria com\u00a0o Projecto MiudosSegurosNa.Net e a a Associa\u00e7\u00e3o AjudAjudar lan\u00e7aram recentemente um apelo \u00e0 Presid\u00eancia Portuguesa da Uni\u00e3o Europeia para que se chegue com celeridade a um acordo de Derroga\u00e7\u00e3o Tempor\u00e1ria da Diretiva da Privacidade Eletr\u00f3nica, para que assim sejam reativadas ferramentas (tecnologias espec\u00edficas) que eram usadas para detetar, denunciar, remover e bloquear materiais com conte\u00fados abusivos envolvendo crian\u00e7as.\u00a0<\/p>\n","protected":false},"author":2,"featured_media":6898,"comment_status":"open","ping_status":"open","sticky":false,"template":"","format":"standard","meta":{"_acf_changed":false,"footnotes":""},"categories":[1],"tags":[],"class_list":["post-6897","post","type-post","status-publish","format-standard","has-post-thumbnail","hentry","category-noticias"],"acf":[],"yoast_head":"<!-- This site is optimized with the Yoast SEO plugin v27.5 - https:\/\/yoast.com\/product\/yoast-seo-wordpress\/ -->\n<title>Dia da Internet Segura 2021<\/title>\n<meta name=\"description\" content=\"O IAC em parceria com o Projecto MiudosSegurosNa.Net e a a Associa\u00e7\u00e3o AjudAjudar lan\u00e7aram recentemente um apelo \u00e0 Presid\u00eancia Portuguesa da Uni\u00e3o Europeia para que se chegue com celeridade a um acordo de Derroga\u00e7\u00e3o Tempor\u00e1ria da Diretiva da Privacidade Eletr\u00f3nica, para que assim sejam reativadas ferramentas (tecnologias espec\u00edficas) que eram usadas para detetar, denunciar, remover e bloquear materiais com conte\u00fados abusivos envolvendo crian\u00e7as.\" \/>\n<meta name=\"robots\" content=\"index, follow, max-snippet:-1, max-image-preview:large, max-video-preview:-1\" \/>\n<link rel=\"canonical\" href=\"https:\/\/iacrianca.pt\/en\/2021\/02\/dia-da-internet-segura-2021\/\" \/>\n<meta property=\"og:locale\" content=\"en_US\" \/>\n<meta property=\"og:type\" content=\"article\" \/>\n<meta property=\"og:title\" content=\"Dia da Internet Segura 2021\" \/>\n<meta property=\"og:description\" content=\"O IAC em parceria com o Projecto MiudosSegurosNa.Net e a a Associa\u00e7\u00e3o AjudAjudar lan\u00e7aram recentemente um apelo \u00e0 Presid\u00eancia Portuguesa da Uni\u00e3o Europeia para que se chegue com celeridade a um acordo de Derroga\u00e7\u00e3o Tempor\u00e1ria da Diretiva da Privacidade Eletr\u00f3nica, para que assim sejam reativadas ferramentas (tecnologias espec\u00edficas) que eram usadas para detetar, denunciar, remover e bloquear materiais com conte\u00fados abusivos envolvendo crian\u00e7as.\" \/>\n<meta property=\"og:url\" content=\"https:\/\/iacrianca.pt\/en\/2021\/02\/dia-da-internet-segura-2021\/\" \/>\n<meta property=\"og:site_name\" content=\"Instituto de Apoio \u00e0 Crian\u00e7a\" \/>\n<meta property=\"article:publisher\" content=\"https:\/\/www.facebook.com\/iacinstitutodeapoioacrianca\" \/>\n<meta property=\"article:published_time\" content=\"2021-02-09T10:14:17+00:00\" \/>\n<meta property=\"article:modified_time\" content=\"2021-02-09T10:51:33+00:00\" \/>\n<meta property=\"og:image\" content=\"https:\/\/iacrianca.pt\/wp-content\/uploads\/2021\/02\/WhatsApp-Image-2021-02-08-at-11.47.33.jpeg\" \/>\n\t<meta property=\"og:image:width\" content=\"1919\" \/>\n\t<meta property=\"og:image:height\" content=\"1920\" \/>\n\t<meta property=\"og:image:type\" content=\"image\/jpeg\" \/>\n<meta name=\"author\" content=\"Administra\u00e7\u00e3o IAC\" \/>\n<meta name=\"twitter:card\" content=\"summary_large_image\" \/>\n<meta name=\"twitter:creator\" content=\"@iacapoiocrianca\" \/>\n<meta name=\"twitter:site\" content=\"@iacapoiocrianca\" \/>\n<meta name=\"twitter:label1\" content=\"Written by\" \/>\n\t<meta name=\"twitter:data1\" content=\"Administra\u00e7\u00e3o IAC\" \/>\n\t<meta name=\"twitter:label2\" content=\"Est. reading time\" \/>\n\t<meta name=\"twitter:data2\" content=\"1 minute\" \/>\n<script type=\"application\/ld+json\" class=\"yoast-schema-graph\">{\"@context\":\"https:\\\/\\\/schema.org\",\"@graph\":[{\"@type\":\"Article\",\"@id\":\"https:\\\/\\\/iacrianca.pt\\\/en\\\/2021\\\/02\\\/dia-da-internet-segura-2021\\\/#article\",\"isPartOf\":{\"@id\":\"https:\\\/\\\/iacrianca.pt\\\/en\\\/2021\\\/02\\\/dia-da-internet-segura-2021\\\/\"},\"author\":{\"name\":\"Administra\u00e7\u00e3o IAC\",\"@id\":\"https:\\\/\\\/iacrianca.pt\\\/en\\\/#\\\/schema\\\/person\\\/1c48c6e4b70d0dc7360e4b28ceaa5f6b\"},\"headline\":\"Dia da Internet Segura 2021\",\"datePublished\":\"2021-02-09T10:14:17+00:00\",\"dateModified\":\"2021-02-09T10:51:33+00:00\",\"mainEntityOfPage\":{\"@id\":\"https:\\\/\\\/iacrianca.pt\\\/en\\\/2021\\\/02\\\/dia-da-internet-segura-2021\\\/\"},\"wordCount\":297,\"commentCount\":0,\"publisher\":{\"@id\":\"https:\\\/\\\/iacrianca.pt\\\/en\\\/#organization\"},\"image\":{\"@id\":\"https:\\\/\\\/iacrianca.pt\\\/en\\\/2021\\\/02\\\/dia-da-internet-segura-2021\\\/#primaryimage\"},\"thumbnailUrl\":\"https:\\\/\\\/iacrianca.pt\\\/wp-content\\\/uploads\\\/2021\\\/02\\\/WhatsApp-Image-2021-02-08-at-11.47.33.jpeg\",\"articleSection\":[\"Not\u00edcias\"],\"inLanguage\":\"en-US\",\"potentialAction\":[{\"@type\":\"CommentAction\",\"name\":\"Comment\",\"target\":[\"https:\\\/\\\/iacrianca.pt\\\/en\\\/2021\\\/02\\\/dia-da-internet-segura-2021\\\/#respond\"]}]},{\"@type\":\"WebPage\",\"@id\":\"https:\\\/\\\/iacrianca.pt\\\/en\\\/2021\\\/02\\\/dia-da-internet-segura-2021\\\/\",\"url\":\"https:\\\/\\\/iacrianca.pt\\\/en\\\/2021\\\/02\\\/dia-da-internet-segura-2021\\\/\",\"name\":\"Dia da Internet Segura 2021\",\"isPartOf\":{\"@id\":\"https:\\\/\\\/iacrianca.pt\\\/en\\\/#website\"},\"primaryImageOfPage\":{\"@id\":\"https:\\\/\\\/iacrianca.pt\\\/en\\\/2021\\\/02\\\/dia-da-internet-segura-2021\\\/#primaryimage\"},\"image\":{\"@id\":\"https:\\\/\\\/iacrianca.pt\\\/en\\\/2021\\\/02\\\/dia-da-internet-segura-2021\\\/#primaryimage\"},\"thumbnailUrl\":\"https:\\\/\\\/iacrianca.pt\\\/wp-content\\\/uploads\\\/2021\\\/02\\\/WhatsApp-Image-2021-02-08-at-11.47.33.jpeg\",\"datePublished\":\"2021-02-09T10:14:17+00:00\",\"dateModified\":\"2021-02-09T10:51:33+00:00\",\"description\":\"O IAC em parceria com o Projecto MiudosSegurosNa.Net e a a Associa\u00e7\u00e3o AjudAjudar lan\u00e7aram recentemente um apelo \u00e0 Presid\u00eancia Portuguesa da Uni\u00e3o Europeia para que se chegue com celeridade a um acordo de Derroga\u00e7\u00e3o Tempor\u00e1ria da Diretiva da Privacidade Eletr\u00f3nica, para que assim sejam reativadas ferramentas (tecnologias espec\u00edficas) que eram usadas para detetar, denunciar, remover e bloquear materiais com conte\u00fados abusivos envolvendo crian\u00e7as.\",\"breadcrumb\":{\"@id\":\"https:\\\/\\\/iacrianca.pt\\\/en\\\/2021\\\/02\\\/dia-da-internet-segura-2021\\\/#breadcrumb\"},\"inLanguage\":\"en-US\",\"potentialAction\":[{\"@type\":\"ReadAction\",\"target\":[\"https:\\\/\\\/iacrianca.pt\\\/en\\\/2021\\\/02\\\/dia-da-internet-segura-2021\\\/\"]}]},{\"@type\":\"ImageObject\",\"inLanguage\":\"en-US\",\"@id\":\"https:\\\/\\\/iacrianca.pt\\\/en\\\/2021\\\/02\\\/dia-da-internet-segura-2021\\\/#primaryimage\",\"url\":\"https:\\\/\\\/iacrianca.pt\\\/wp-content\\\/uploads\\\/2021\\\/02\\\/WhatsApp-Image-2021-02-08-at-11.47.33.jpeg\",\"contentUrl\":\"https:\\\/\\\/iacrianca.pt\\\/wp-content\\\/uploads\\\/2021\\\/02\\\/WhatsApp-Image-2021-02-08-at-11.47.33.jpeg\",\"width\":1919,\"height\":1920},{\"@type\":\"BreadcrumbList\",\"@id\":\"https:\\\/\\\/iacrianca.pt\\\/en\\\/2021\\\/02\\\/dia-da-internet-segura-2021\\\/#breadcrumb\",\"itemListElement\":[{\"@type\":\"ListItem\",\"position\":1,\"name\":\"In\u00edcio\",\"item\":\"https:\\\/\\\/iacrianca.pt\\\/en\\\/\"},{\"@type\":\"ListItem\",\"position\":2,\"name\":\"Dia da Internet Segura 2021\"}]},{\"@type\":\"WebSite\",\"@id\":\"https:\\\/\\\/iacrianca.pt\\\/en\\\/#website\",\"url\":\"https:\\\/\\\/iacrianca.pt\\\/en\\\/\",\"name\":\"Instituto de Apoio \u00e0 Crian\u00e7a\",\"description\":\"Desde 1983 na defesa e promo\u00e7\u00e3o dos direitos da crian\u00e7a\",\"publisher\":{\"@id\":\"https:\\\/\\\/iacrianca.pt\\\/en\\\/#organization\"},\"potentialAction\":[{\"@type\":\"SearchAction\",\"target\":{\"@type\":\"EntryPoint\",\"urlTemplate\":\"https:\\\/\\\/iacrianca.pt\\\/en\\\/?s={search_term_string}\"},\"query-input\":{\"@type\":\"PropertyValueSpecification\",\"valueRequired\":true,\"valueName\":\"search_term_string\"}}],\"inLanguage\":\"en-US\"},{\"@type\":\"Organization\",\"@id\":\"https:\\\/\\\/iacrianca.pt\\\/en\\\/#organization\",\"name\":\"Instituto de Apoio \u00e0 Crian\u00e7a\",\"url\":\"https:\\\/\\\/iacrianca.pt\\\/en\\\/\",\"logo\":{\"@type\":\"ImageObject\",\"inLanguage\":\"en-US\",\"@id\":\"https:\\\/\\\/iacrianca.pt\\\/en\\\/#\\\/schema\\\/logo\\\/image\\\/\",\"url\":\"https:\\\/\\\/iacrianca.pt\\\/wp-content\\\/uploads\\\/2020\\\/04\\\/logo-iac-SD.jpg\",\"contentUrl\":\"https:\\\/\\\/iacrianca.pt\\\/wp-content\\\/uploads\\\/2020\\\/04\\\/logo-iac-SD.jpg\",\"width\":152,\"height\":73,\"caption\":\"Instituto de Apoio \u00e0 Crian\u00e7a\"},\"image\":{\"@id\":\"https:\\\/\\\/iacrianca.pt\\\/en\\\/#\\\/schema\\\/logo\\\/image\\\/\"},\"sameAs\":[\"https:\\\/\\\/www.facebook.com\\\/iacinstitutodeapoioacrianca\",\"https:\\\/\\\/x.com\\\/iacapoiocrianca\",\"https:\\\/\\\/www.youtube.com\\\/channel\\\/UC0jjfZ_xkN_59gJf_RQ-ZnQ\",\"https:\\\/\\\/www.linkedin.com\\\/company\\\/instituto-de-apoio--criana\\\/\",\"https:\\\/\\\/www.instagram.com\\\/iacinstitutodeapoioacrianca\\\/\",\"https:\\\/\\\/criancasatortoeadireitos.wordpress.com\\\/\"]},{\"@type\":\"Person\",\"@id\":\"https:\\\/\\\/iacrianca.pt\\\/en\\\/#\\\/schema\\\/person\\\/1c48c6e4b70d0dc7360e4b28ceaa5f6b\",\"name\":\"Administra\u00e7\u00e3o IAC\",\"image\":{\"@type\":\"ImageObject\",\"inLanguage\":\"en-US\",\"@id\":\"https:\\\/\\\/secure.gravatar.com\\\/avatar\\\/60b998c71de37dcc1398fc6d48c6b5ed7533e3ceec837c948055f072e3158ff1?s=96&d=mm&r=g\",\"url\":\"https:\\\/\\\/secure.gravatar.com\\\/avatar\\\/60b998c71de37dcc1398fc6d48c6b5ed7533e3ceec837c948055f072e3158ff1?s=96&d=mm&r=g\",\"contentUrl\":\"https:\\\/\\\/secure.gravatar.com\\\/avatar\\\/60b998c71de37dcc1398fc6d48c6b5ed7533e3ceec837c948055f072e3158ff1?s=96&d=mm&r=g\",\"caption\":\"Administra\u00e7\u00e3o IAC\"}}]}<\/script>\n<!-- \/ Yoast SEO plugin. -->","yoast_head_json":{"title":"Dia da Internet Segura 2021","description":"O IAC em parceria com o Projecto MiudosSegurosNa.Net e a a Associa\u00e7\u00e3o AjudAjudar lan\u00e7aram recentemente um apelo \u00e0 Presid\u00eancia Portuguesa da Uni\u00e3o Europeia para que se chegue com celeridade a um acordo de Derroga\u00e7\u00e3o Tempor\u00e1ria da Diretiva da Privacidade Eletr\u00f3nica, para que assim sejam reativadas ferramentas (tecnologias espec\u00edficas) que eram usadas para detetar, denunciar, remover e bloquear materiais com conte\u00fados abusivos envolvendo crian\u00e7as.","robots":{"index":"index","follow":"follow","max-snippet":"max-snippet:-1","max-image-preview":"max-image-preview:large","max-video-preview":"max-video-preview:-1"},"canonical":"https:\/\/iacrianca.pt\/en\/2021\/02\/dia-da-internet-segura-2021\/","og_locale":"en_US","og_type":"article","og_title":"Dia da Internet Segura 2021","og_description":"O IAC em parceria com o Projecto MiudosSegurosNa.Net e a a Associa\u00e7\u00e3o AjudAjudar lan\u00e7aram recentemente um apelo \u00e0 Presid\u00eancia Portuguesa da Uni\u00e3o Europeia para que se chegue com celeridade a um acordo de Derroga\u00e7\u00e3o Tempor\u00e1ria da Diretiva da Privacidade Eletr\u00f3nica, para que assim sejam reativadas ferramentas (tecnologias espec\u00edficas) que eram usadas para detetar, denunciar, remover e bloquear materiais com conte\u00fados abusivos envolvendo crian\u00e7as.","og_url":"https:\/\/iacrianca.pt\/en\/2021\/02\/dia-da-internet-segura-2021\/","og_site_name":"Instituto de Apoio \u00e0 Crian\u00e7a","article_publisher":"https:\/\/www.facebook.com\/iacinstitutodeapoioacrianca","article_published_time":"2021-02-09T10:14:17+00:00","article_modified_time":"2021-02-09T10:51:33+00:00","og_image":[{"width":1919,"height":1920,"url":"https:\/\/iacrianca.pt\/wp-content\/uploads\/2021\/02\/WhatsApp-Image-2021-02-08-at-11.47.33.jpeg","type":"image\/jpeg"}],"author":"Administra\u00e7\u00e3o IAC","twitter_card":"summary_large_image","twitter_creator":"@iacapoiocrianca","twitter_site":"@iacapoiocrianca","twitter_misc":{"Written by":"Administra\u00e7\u00e3o IAC","Est. reading time":"1 minute"},"schema":{"@context":"https:\/\/schema.org","@graph":[{"@type":"Article","@id":"https:\/\/iacrianca.pt\/en\/2021\/02\/dia-da-internet-segura-2021\/#article","isPartOf":{"@id":"https:\/\/iacrianca.pt\/en\/2021\/02\/dia-da-internet-segura-2021\/"},"author":{"name":"Administra\u00e7\u00e3o IAC","@id":"https:\/\/iacrianca.pt\/en\/#\/schema\/person\/1c48c6e4b70d0dc7360e4b28ceaa5f6b"},"headline":"Dia da Internet Segura 2021","datePublished":"2021-02-09T10:14:17+00:00","dateModified":"2021-02-09T10:51:33+00:00","mainEntityOfPage":{"@id":"https:\/\/iacrianca.pt\/en\/2021\/02\/dia-da-internet-segura-2021\/"},"wordCount":297,"commentCount":0,"publisher":{"@id":"https:\/\/iacrianca.pt\/en\/#organization"},"image":{"@id":"https:\/\/iacrianca.pt\/en\/2021\/02\/dia-da-internet-segura-2021\/#primaryimage"},"thumbnailUrl":"https:\/\/iacrianca.pt\/wp-content\/uploads\/2021\/02\/WhatsApp-Image-2021-02-08-at-11.47.33.jpeg","articleSection":["Not\u00edcias"],"inLanguage":"en-US","potentialAction":[{"@type":"CommentAction","name":"Comment","target":["https:\/\/iacrianca.pt\/en\/2021\/02\/dia-da-internet-segura-2021\/#respond"]}]},{"@type":"WebPage","@id":"https:\/\/iacrianca.pt\/en\/2021\/02\/dia-da-internet-segura-2021\/","url":"https:\/\/iacrianca.pt\/en\/2021\/02\/dia-da-internet-segura-2021\/","name":"Dia da Internet Segura 2021","isPartOf":{"@id":"https:\/\/iacrianca.pt\/en\/#website"},"primaryImageOfPage":{"@id":"https:\/\/iacrianca.pt\/en\/2021\/02\/dia-da-internet-segura-2021\/#primaryimage"},"image":{"@id":"https:\/\/iacrianca.pt\/en\/2021\/02\/dia-da-internet-segura-2021\/#primaryimage"},"thumbnailUrl":"https:\/\/iacrianca.pt\/wp-content\/uploads\/2021\/02\/WhatsApp-Image-2021-02-08-at-11.47.33.jpeg","datePublished":"2021-02-09T10:14:17+00:00","dateModified":"2021-02-09T10:51:33+00:00","description":"O IAC em parceria com o Projecto MiudosSegurosNa.Net e a a Associa\u00e7\u00e3o AjudAjudar lan\u00e7aram recentemente um apelo \u00e0 Presid\u00eancia Portuguesa da Uni\u00e3o Europeia para que se chegue com celeridade a um acordo de Derroga\u00e7\u00e3o Tempor\u00e1ria da Diretiva da Privacidade Eletr\u00f3nica, para que assim sejam reativadas ferramentas (tecnologias espec\u00edficas) que eram usadas para detetar, denunciar, remover e bloquear materiais com conte\u00fados abusivos envolvendo crian\u00e7as.","breadcrumb":{"@id":"https:\/\/iacrianca.pt\/en\/2021\/02\/dia-da-internet-segura-2021\/#breadcrumb"},"inLanguage":"en-US","potentialAction":[{"@type":"ReadAction","target":["https:\/\/iacrianca.pt\/en\/2021\/02\/dia-da-internet-segura-2021\/"]}]},{"@type":"ImageObject","inLanguage":"en-US","@id":"https:\/\/iacrianca.pt\/en\/2021\/02\/dia-da-internet-segura-2021\/#primaryimage","url":"https:\/\/iacrianca.pt\/wp-content\/uploads\/2021\/02\/WhatsApp-Image-2021-02-08-at-11.47.33.jpeg","contentUrl":"https:\/\/iacrianca.pt\/wp-content\/uploads\/2021\/02\/WhatsApp-Image-2021-02-08-at-11.47.33.jpeg","width":1919,"height":1920},{"@type":"BreadcrumbList","@id":"https:\/\/iacrianca.pt\/en\/2021\/02\/dia-da-internet-segura-2021\/#breadcrumb","itemListElement":[{"@type":"ListItem","position":1,"name":"In\u00edcio","item":"https:\/\/iacrianca.pt\/en\/"},{"@type":"ListItem","position":2,"name":"Dia da Internet Segura 2021"}]},{"@type":"WebSite","@id":"https:\/\/iacrianca.pt\/en\/#website","url":"https:\/\/iacrianca.pt\/en\/","name":"Instituto de Apoio \u00e0 Crian\u00e7a","description":"Desde 1983 na defesa e promo\u00e7\u00e3o dos direitos da crian\u00e7a","publisher":{"@id":"https:\/\/iacrianca.pt\/en\/#organization"},"potentialAction":[{"@type":"SearchAction","target":{"@type":"EntryPoint","urlTemplate":"https:\/\/iacrianca.pt\/en\/?s={search_term_string}"},"query-input":{"@type":"PropertyValueSpecification","valueRequired":true,"valueName":"search_term_string"}}],"inLanguage":"en-US"},{"@type":"Organization","@id":"https:\/\/iacrianca.pt\/en\/#organization","name":"Instituto de Apoio \u00e0 Crian\u00e7a","url":"https:\/\/iacrianca.pt\/en\/","logo":{"@type":"ImageObject","inLanguage":"en-US","@id":"https:\/\/iacrianca.pt\/en\/#\/schema\/logo\/image\/","url":"https:\/\/iacrianca.pt\/wp-content\/uploads\/2020\/04\/logo-iac-SD.jpg","contentUrl":"https:\/\/iacrianca.pt\/wp-content\/uploads\/2020\/04\/logo-iac-SD.jpg","width":152,"height":73,"caption":"Instituto de Apoio \u00e0 Crian\u00e7a"},"image":{"@id":"https:\/\/iacrianca.pt\/en\/#\/schema\/logo\/image\/"},"sameAs":["https:\/\/www.facebook.com\/iacinstitutodeapoioacrianca","https:\/\/x.com\/iacapoiocrianca","https:\/\/www.youtube.com\/channel\/UC0jjfZ_xkN_59gJf_RQ-ZnQ","https:\/\/www.linkedin.com\/company\/instituto-de-apoio--criana\/","https:\/\/www.instagram.com\/iacinstitutodeapoioacrianca\/","https:\/\/criancasatortoeadireitos.wordpress.com\/"]},{"@type":"Person","@id":"https:\/\/iacrianca.pt\/en\/#\/schema\/person\/1c48c6e4b70d0dc7360e4b28ceaa5f6b","name":"Administra\u00e7\u00e3o IAC","image":{"@type":"ImageObject","inLanguage":"en-US","@id":"https:\/\/secure.gravatar.com\/avatar\/60b998c71de37dcc1398fc6d48c6b5ed7533e3ceec837c948055f072e3158ff1?s=96&d=mm&r=g","url":"https:\/\/secure.gravatar.com\/avatar\/60b998c71de37dcc1398fc6d48c6b5ed7533e3ceec837c948055f072e3158ff1?s=96&d=mm&r=g","contentUrl":"https:\/\/secure.gravatar.com\/avatar\/60b998c71de37dcc1398fc6d48c6b5ed7533e3ceec837c948055f072e3158ff1?s=96&d=mm&r=g","caption":"Administra\u00e7\u00e3o IAC"}}]}},"_links":{"self":[{"href":"https:\/\/iacrianca.pt\/en\/wp-json\/wp\/v2\/posts\/6897","targetHints":{"allow":["GET"]}}],"collection":[{"href":"https:\/\/iacrianca.pt\/en\/wp-json\/wp\/v2\/posts"}],"about":[{"href":"https:\/\/iacrianca.pt\/en\/wp-json\/wp\/v2\/types\/post"}],"author":[{"embeddable":true,"href":"https:\/\/iacrianca.pt\/en\/wp-json\/wp\/v2\/users\/2"}],"replies":[{"embeddable":true,"href":"https:\/\/iacrianca.pt\/en\/wp-json\/wp\/v2\/comments?post=6897"}],"version-history":[{"count":0,"href":"https:\/\/iacrianca.pt\/en\/wp-json\/wp\/v2\/posts\/6897\/revisions"}],"wp:featuredmedia":[{"embeddable":true,"href":"https:\/\/iacrianca.pt\/en\/wp-json\/wp\/v2\/media\/6898"}],"wp:attachment":[{"href":"https:\/\/iacrianca.pt\/en\/wp-json\/wp\/v2\/media?parent=6897"}],"wp:term":[{"taxonomy":"category","embeddable":true,"href":"https:\/\/iacrianca.pt\/en\/wp-json\/wp\/v2\/categories?post=6897"},{"taxonomy":"post_tag","embeddable":true,"href":"https:\/\/iacrianca.pt\/en\/wp-json\/wp\/v2\/tags?post=6897"}],"curies":[{"name":"wp","href":"https:\/\/api.w.org\/{rel}","templated":true}]}}