{"id":7251,"date":"2021-03-22T14:43:31","date_gmt":"2021-03-22T14:43:31","guid":{"rendered":"https:\/\/iacrianca.pt\/?p=7251"},"modified":"2021-03-22T15:16:25","modified_gmt":"2021-03-22T15:16:25","slug":"audicao-parlamentar-online-o-impacto-do-confinamento-nas-criancas-e-nas-familias-perspectivas-e-solucoes-com-a-participacao-de-fernanda-salvaterra-do-iac","status":"publish","type":"post","link":"https:\/\/iacrianca.pt\/en\/2021\/03\/audicao-parlamentar-online-o-impacto-do-confinamento-nas-criancas-e-nas-familias-perspectivas-e-solucoes-com-a-participacao-de-fernanda-salvaterra-do-iac\/","title":{"rendered":"Audi\u00e7\u00e3o parlamentar online &#8220;O impacto do confinamento nas crian\u00e7as e nas fam\u00edlias \u2013 perspectivas e solu\u00e7\u00f5es&#8221; com a participa\u00e7\u00e3o de Fernanda Salvaterra do IAC"},"content":{"rendered":"<p><iframe title=\"Audi\u00e7\u00e3o \u00abO impacto do confinamento nas crian\u00e7as e nas fam\u00edlias \u2013 perspectivas e solu\u00e7\u00f5es\u00bb\" width=\"1200\" height=\"675\" src=\"https:\/\/www.youtube.com\/embed\/etEDWfiM_UE?start=496&#038;feature=oembed&#038;enablejsapi=1&#038;origin=https:\/\/iacrianca.pt\" frameborder=\"0\" allow=\"accelerometer; autoplay; clipboard-write; encrypted-media; gyroscope; picture-in-picture\" allowfullscreen><\/iframe><\/p>\n<div dir=\"auto\">\n<p>\u00abOs deputados do PCP no Parlamento Europeu, Jo\u00e3o Ferreira e Sandra Pereira,\u00a0 convidaram a Prof. Doutora Fernanda Salvaterra do Instituto de Apoio \u00e0 Crian\u00e7a, a participar na audi\u00e7\u00e3o online &#8220;O impacto do confinamento nas crian\u00e7as e nas fam\u00edlias \u2013 solu\u00e7\u00f5es e perspetivas&#8221;, que se realizou no dia 19 de Mar\u00e7o, \u00e0s 17h00.<\/p>\n<p><span style=\"font-style: inherit; font-weight: inherit;\">Esta audi\u00e7\u00e3o visou refletir sobre as implica\u00e7\u00f5es da epidemia e das medidas de confinamento sobre as crian\u00e7as, considerando que as crian\u00e7as, os seus direitos, as condi\u00e7\u00f5es para o seu adequado desenvolvimento e o seu \u2013 o nosso \u2013 futuro est\u00e3o a ser postos em perigo.<\/span><\/p>\n<p><span style=\"font-style: inherit; font-weight: inherit;\">S\u00e3o v\u00e1rios os direitos das crian\u00e7as prejudicados. As creches, os jardins de inf\u00e2ncia e as escolas encerraram durante meses, afetando n\u00e3o apenas a educa\u00e7\u00e3o das crian\u00e7as, mas tamb\u00e9m, e muitas vezes, a sua adequada nutri\u00e7\u00e3o, crescimento, desenvolvimento, socializa\u00e7\u00e3o e prote\u00e7\u00e3o. O ensino \u00e0 dist\u00e2ncia aumentou a desigualdade na educa\u00e7\u00e3o, incluindo por meio da exclus\u00e3o digital. A redu\u00e7\u00e3o do rendimento dispon\u00edvel de muitas fam\u00edlias teve um s\u00e9rio impacto nas suas vidas.\u00a0 Aumentaram as situa\u00e7\u00f5es de viol\u00eancia no seio das fam\u00edlias. Tudo isto num quadro de insufici\u00eancia de respostas, nomeadamente no dom\u00ednio da prote\u00e7\u00e3o social, \u00e0s necessidades das crian\u00e7as e das suas fam\u00edlias.<\/span><\/p>\n<p><span style=\"font-style: inherit; font-weight: inherit;\">Proteger as crian\u00e7as neste per\u00edodo dif\u00edcil passa por proteger as suas fam\u00edlias e os seus cuidadores. Garantir que os pais\/cuidadores possam acompanhar os filhos, sem perderem rendimento. Mas \u00e9 necess\u00e1rio, desde j\u00e1, cuidar de criar as condi\u00e7\u00f5es e apontar as medidas para mitigar e ultrapassar os preju\u00edzos resultantes do confinamento.<\/span><\/p>\n<p><span style=\"font-style: inherit; font-weight: inherit;\">A Prof. Doutora Fernanda Salvaterra apresentou as conclus\u00f5es do estudo &#8220;O que pensam e o que sentem as fam\u00edlias em isolamento social&#8221; que coordenou no IAC, durante o primeiro confinamento e que pode ser consultado <a href=\"https:\/\/iacrianca.pt\/wp-content\/uploads\/2021\/01\/Relatorio_investigacao_IAC_2.pdf\">https:\/\/iacrianca.pt\/wp-content\/uploads\/2021\/01\/Relatorio_investigacao_IAC_2.pdf<\/a> .\u00bb<\/span><\/p>\n<\/div>\n","protected":false},"excerpt":{"rendered":"<p>\u00abOs deputados do PCP no Parlamento Europeu, Jo\u00e3o Ferreira e Sandra Pereira,\u00a0 convidaram a Prof. Doutora Fernanda Salvaterra do Instituto de Apoio \u00e0 Crian\u00e7a, a participar na audi\u00e7\u00e3o online &#8220;O impacto do confinamento nas crian\u00e7as e nas fam\u00edlias \u2013 solu\u00e7\u00f5es e perspetivas&#8221;, que se realizou no dia 19 de Mar\u00e7o, \u00e0s 17h00. Esta audi\u00e7\u00e3o visou&hellip;<\/p>\n","protected":false},"author":2,"featured_media":7254,"comment_status":"closed","ping_status":"open","sticky":false,"template":"","format":"standard","meta":{"_acf_changed":false,"footnotes":""},"categories":[1],"tags":[],"class_list":["post-7251","post","type-post","status-publish","format-standard","has-post-thumbnail","hentry","category-noticias","category-1","description-off"],"acf":[],"yoast_head":"<!-- This site is optimized with the Yoast SEO plugin v27.5 - https:\/\/yoast.com\/product\/yoast-seo-wordpress\/ -->\n<title>Audi\u00e7\u00e3o parlamentar online &quot;O impacto do confinamento nas crian\u00e7as e nas fam\u00edlias \u2013 perspectivas e solu\u00e7\u00f5es&quot; com a participa\u00e7\u00e3o de Fernanda Salvaterra do IAC | Instituto de Apoio \u00e0 Crian\u00e7a<\/title>\n<meta name=\"robots\" content=\"index, follow, max-snippet:-1, max-image-preview:large, max-video-preview:-1\" \/>\n<link rel=\"canonical\" href=\"https:\/\/iacrianca.pt\/en\/2021\/03\/audicao-parlamentar-online-o-impacto-do-confinamento-nas-criancas-e-nas-familias-perspectivas-e-solucoes-com-a-participacao-de-fernanda-salvaterra-do-iac\/\" \/>\n<meta property=\"og:locale\" content=\"en_US\" \/>\n<meta property=\"og:type\" content=\"article\" \/>\n<meta property=\"og:title\" content=\"Audi\u00e7\u00e3o parlamentar online &quot;O impacto do confinamento nas crian\u00e7as e nas fam\u00edlias \u2013 perspectivas e solu\u00e7\u00f5es&quot; com a participa\u00e7\u00e3o de Fernanda Salvaterra do IAC | Instituto de Apoio \u00e0 Crian\u00e7a\" \/>\n<meta property=\"og:description\" content=\"\u00abOs deputados do PCP no Parlamento Europeu, Jo\u00e3o Ferreira e Sandra Pereira,\u00a0 convidaram a Prof. Doutora Fernanda Salvaterra do Instituto de Apoio \u00e0 Crian\u00e7a, a participar na audi\u00e7\u00e3o online &#8220;O impacto do confinamento nas crian\u00e7as e nas fam\u00edlias \u2013 solu\u00e7\u00f5es e perspetivas&#8221;, que se realizou no dia 19 de Mar\u00e7o, \u00e0s 17h00. Esta audi\u00e7\u00e3o visou&hellip;\" \/>\n<meta property=\"og:url\" content=\"https:\/\/iacrianca.pt\/en\/2021\/03\/audicao-parlamentar-online-o-impacto-do-confinamento-nas-criancas-e-nas-familias-perspectivas-e-solucoes-com-a-participacao-de-fernanda-salvaterra-do-iac\/\" \/>\n<meta property=\"og:site_name\" content=\"Instituto de Apoio \u00e0 Crian\u00e7a\" \/>\n<meta property=\"article:publisher\" content=\"https:\/\/www.facebook.com\/iacinstitutodeapoioacrianca\" \/>\n<meta property=\"article:published_time\" content=\"2021-03-22T14:43:31+00:00\" \/>\n<meta property=\"article:modified_time\" content=\"2021-03-22T15:16:25+00:00\" \/>\n<meta property=\"og:image\" content=\"https:\/\/iacrianca.pt\/wp-content\/uploads\/2021\/03\/audicao.jpg\" \/>\n\t<meta property=\"og:image:width\" content=\"522\" \/>\n\t<meta property=\"og:image:height\" content=\"270\" \/>\n\t<meta property=\"og:image:type\" content=\"image\/jpeg\" \/>\n<meta name=\"author\" content=\"Administra\u00e7\u00e3o IAC\" \/>\n<meta name=\"twitter:card\" content=\"summary_large_image\" \/>\n<meta name=\"twitter:creator\" content=\"@iacapoiocrianca\" \/>\n<meta name=\"twitter:site\" content=\"@iacapoiocrianca\" \/>\n<meta name=\"twitter:label1\" content=\"Written by\" \/>\n\t<meta name=\"twitter:data1\" content=\"Administra\u00e7\u00e3o IAC\" \/>\n\t<meta name=\"twitter:label2\" content=\"Est. reading time\" \/>\n\t<meta name=\"twitter:data2\" content=\"2 minutes\" \/>\n<script type=\"application\/ld+json\" class=\"yoast-schema-graph\">{\"@context\":\"https:\\\/\\\/schema.org\",\"@graph\":[{\"@type\":\"Article\",\"@id\":\"https:\\\/\\\/iacrianca.pt\\\/en\\\/2021\\\/03\\\/audicao-parlamentar-online-o-impacto-do-confinamento-nas-criancas-e-nas-familias-perspectivas-e-solucoes-com-a-participacao-de-fernanda-salvaterra-do-iac\\\/#article\",\"isPartOf\":{\"@id\":\"https:\\\/\\\/iacrianca.pt\\\/en\\\/2021\\\/03\\\/audicao-parlamentar-online-o-impacto-do-confinamento-nas-criancas-e-nas-familias-perspectivas-e-solucoes-com-a-participacao-de-fernanda-salvaterra-do-iac\\\/\"},\"author\":{\"name\":\"Administra\u00e7\u00e3o IAC\",\"@id\":\"https:\\\/\\\/iacrianca.pt\\\/en\\\/#\\\/schema\\\/person\\\/1c48c6e4b70d0dc7360e4b28ceaa5f6b\"},\"headline\":\"Audi\u00e7\u00e3o parlamentar online &#8220;O impacto do confinamento nas crian\u00e7as e nas fam\u00edlias \u2013 perspectivas e solu\u00e7\u00f5es&#8221; com a participa\u00e7\u00e3o de Fernanda Salvaterra do IAC\",\"datePublished\":\"2021-03-22T14:43:31+00:00\",\"dateModified\":\"2021-03-22T15:16:25+00:00\",\"mainEntityOfPage\":{\"@id\":\"https:\\\/\\\/iacrianca.pt\\\/en\\\/2021\\\/03\\\/audicao-parlamentar-online-o-impacto-do-confinamento-nas-criancas-e-nas-familias-perspectivas-e-solucoes-com-a-participacao-de-fernanda-salvaterra-do-iac\\\/\"},\"wordCount\":374,\"publisher\":{\"@id\":\"https:\\\/\\\/iacrianca.pt\\\/en\\\/#organization\"},\"image\":{\"@id\":\"https:\\\/\\\/iacrianca.pt\\\/en\\\/2021\\\/03\\\/audicao-parlamentar-online-o-impacto-do-confinamento-nas-criancas-e-nas-familias-perspectivas-e-solucoes-com-a-participacao-de-fernanda-salvaterra-do-iac\\\/#primaryimage\"},\"thumbnailUrl\":\"https:\\\/\\\/iacrianca.pt\\\/wp-content\\\/uploads\\\/2021\\\/03\\\/audicao.jpg\",\"articleSection\":[\"Not\u00edcias\"],\"inLanguage\":\"en-US\"},{\"@type\":\"WebPage\",\"@id\":\"https:\\\/\\\/iacrianca.pt\\\/en\\\/2021\\\/03\\\/audicao-parlamentar-online-o-impacto-do-confinamento-nas-criancas-e-nas-familias-perspectivas-e-solucoes-com-a-participacao-de-fernanda-salvaterra-do-iac\\\/\",\"url\":\"https:\\\/\\\/iacrianca.pt\\\/en\\\/2021\\\/03\\\/audicao-parlamentar-online-o-impacto-do-confinamento-nas-criancas-e-nas-familias-perspectivas-e-solucoes-com-a-participacao-de-fernanda-salvaterra-do-iac\\\/\",\"name\":\"Audi\u00e7\u00e3o parlamentar online \\\"O impacto do confinamento nas crian\u00e7as e nas fam\u00edlias \u2013 perspectivas e solu\u00e7\u00f5es\\\" com a participa\u00e7\u00e3o de Fernanda Salvaterra do IAC | Instituto de Apoio \u00e0 Crian\u00e7a\",\"isPartOf\":{\"@id\":\"https:\\\/\\\/iacrianca.pt\\\/en\\\/#website\"},\"primaryImageOfPage\":{\"@id\":\"https:\\\/\\\/iacrianca.pt\\\/en\\\/2021\\\/03\\\/audicao-parlamentar-online-o-impacto-do-confinamento-nas-criancas-e-nas-familias-perspectivas-e-solucoes-com-a-participacao-de-fernanda-salvaterra-do-iac\\\/#primaryimage\"},\"image\":{\"@id\":\"https:\\\/\\\/iacrianca.pt\\\/en\\\/2021\\\/03\\\/audicao-parlamentar-online-o-impacto-do-confinamento-nas-criancas-e-nas-familias-perspectivas-e-solucoes-com-a-participacao-de-fernanda-salvaterra-do-iac\\\/#primaryimage\"},\"thumbnailUrl\":\"https:\\\/\\\/iacrianca.pt\\\/wp-content\\\/uploads\\\/2021\\\/03\\\/audicao.jpg\",\"datePublished\":\"2021-03-22T14:43:31+00:00\",\"dateModified\":\"2021-03-22T15:16:25+00:00\",\"breadcrumb\":{\"@id\":\"https:\\\/\\\/iacrianca.pt\\\/en\\\/2021\\\/03\\\/audicao-parlamentar-online-o-impacto-do-confinamento-nas-criancas-e-nas-familias-perspectivas-e-solucoes-com-a-participacao-de-fernanda-salvaterra-do-iac\\\/#breadcrumb\"},\"inLanguage\":\"en-US\",\"potentialAction\":[{\"@type\":\"ReadAction\",\"target\":[\"https:\\\/\\\/iacrianca.pt\\\/en\\\/2021\\\/03\\\/audicao-parlamentar-online-o-impacto-do-confinamento-nas-criancas-e-nas-familias-perspectivas-e-solucoes-com-a-participacao-de-fernanda-salvaterra-do-iac\\\/\"]}]},{\"@type\":\"ImageObject\",\"inLanguage\":\"en-US\",\"@id\":\"https:\\\/\\\/iacrianca.pt\\\/en\\\/2021\\\/03\\\/audicao-parlamentar-online-o-impacto-do-confinamento-nas-criancas-e-nas-familias-perspectivas-e-solucoes-com-a-participacao-de-fernanda-salvaterra-do-iac\\\/#primaryimage\",\"url\":\"https:\\\/\\\/iacrianca.pt\\\/wp-content\\\/uploads\\\/2021\\\/03\\\/audicao.jpg\",\"contentUrl\":\"https:\\\/\\\/iacrianca.pt\\\/wp-content\\\/uploads\\\/2021\\\/03\\\/audicao.jpg\",\"width\":522,\"height\":270},{\"@type\":\"BreadcrumbList\",\"@id\":\"https:\\\/\\\/iacrianca.pt\\\/en\\\/2021\\\/03\\\/audicao-parlamentar-online-o-impacto-do-confinamento-nas-criancas-e-nas-familias-perspectivas-e-solucoes-com-a-participacao-de-fernanda-salvaterra-do-iac\\\/#breadcrumb\",\"itemListElement\":[{\"@type\":\"ListItem\",\"position\":1,\"name\":\"In\u00edcio\",\"item\":\"https:\\\/\\\/iacrianca.pt\\\/en\\\/\"},{\"@type\":\"ListItem\",\"position\":2,\"name\":\"Audi\u00e7\u00e3o parlamentar online &#8220;O impacto do confinamento nas crian\u00e7as e nas fam\u00edlias \u2013 perspectivas e solu\u00e7\u00f5es&#8221; com a participa\u00e7\u00e3o de Fernanda Salvaterra do IAC\"}]},{\"@type\":\"WebSite\",\"@id\":\"https:\\\/\\\/iacrianca.pt\\\/en\\\/#website\",\"url\":\"https:\\\/\\\/iacrianca.pt\\\/en\\\/\",\"name\":\"Instituto de Apoio \u00e0 Crian\u00e7a\",\"description\":\"Desde 1983 na defesa e promo\u00e7\u00e3o dos direitos da crian\u00e7a\",\"publisher\":{\"@id\":\"https:\\\/\\\/iacrianca.pt\\\/en\\\/#organization\"},\"potentialAction\":[{\"@type\":\"SearchAction\",\"target\":{\"@type\":\"EntryPoint\",\"urlTemplate\":\"https:\\\/\\\/iacrianca.pt\\\/en\\\/?s={search_term_string}\"},\"query-input\":{\"@type\":\"PropertyValueSpecification\",\"valueRequired\":true,\"valueName\":\"search_term_string\"}}],\"inLanguage\":\"en-US\"},{\"@type\":\"Organization\",\"@id\":\"https:\\\/\\\/iacrianca.pt\\\/en\\\/#organization\",\"name\":\"Instituto de Apoio \u00e0 Crian\u00e7a\",\"url\":\"https:\\\/\\\/iacrianca.pt\\\/en\\\/\",\"logo\":{\"@type\":\"ImageObject\",\"inLanguage\":\"en-US\",\"@id\":\"https:\\\/\\\/iacrianca.pt\\\/en\\\/#\\\/schema\\\/logo\\\/image\\\/\",\"url\":\"https:\\\/\\\/iacrianca.pt\\\/wp-content\\\/uploads\\\/2020\\\/04\\\/logo-iac-SD.jpg\",\"contentUrl\":\"https:\\\/\\\/iacrianca.pt\\\/wp-content\\\/uploads\\\/2020\\\/04\\\/logo-iac-SD.jpg\",\"width\":152,\"height\":73,\"caption\":\"Instituto de Apoio \u00e0 Crian\u00e7a\"},\"image\":{\"@id\":\"https:\\\/\\\/iacrianca.pt\\\/en\\\/#\\\/schema\\\/logo\\\/image\\\/\"},\"sameAs\":[\"https:\\\/\\\/www.facebook.com\\\/iacinstitutodeapoioacrianca\",\"https:\\\/\\\/x.com\\\/iacapoiocrianca\",\"https:\\\/\\\/www.youtube.com\\\/channel\\\/UC0jjfZ_xkN_59gJf_RQ-ZnQ\",\"https:\\\/\\\/www.linkedin.com\\\/company\\\/instituto-de-apoio--criana\\\/\",\"https:\\\/\\\/www.instagram.com\\\/iacinstitutodeapoioacrianca\\\/\",\"https:\\\/\\\/criancasatortoeadireitos.wordpress.com\\\/\"]},{\"@type\":\"Person\",\"@id\":\"https:\\\/\\\/iacrianca.pt\\\/en\\\/#\\\/schema\\\/person\\\/1c48c6e4b70d0dc7360e4b28ceaa5f6b\",\"name\":\"Administra\u00e7\u00e3o IAC\",\"image\":{\"@type\":\"ImageObject\",\"inLanguage\":\"en-US\",\"@id\":\"https:\\\/\\\/secure.gravatar.com\\\/avatar\\\/60b998c71de37dcc1398fc6d48c6b5ed7533e3ceec837c948055f072e3158ff1?s=96&d=mm&r=g\",\"url\":\"https:\\\/\\\/secure.gravatar.com\\\/avatar\\\/60b998c71de37dcc1398fc6d48c6b5ed7533e3ceec837c948055f072e3158ff1?s=96&d=mm&r=g\",\"contentUrl\":\"https:\\\/\\\/secure.gravatar.com\\\/avatar\\\/60b998c71de37dcc1398fc6d48c6b5ed7533e3ceec837c948055f072e3158ff1?s=96&d=mm&r=g\",\"caption\":\"Administra\u00e7\u00e3o IAC\"}}]}<\/script>\n<!-- \/ Yoast SEO plugin. -->","yoast_head_json":{"title":"Audi\u00e7\u00e3o parlamentar online \"O impacto do confinamento nas crian\u00e7as e nas fam\u00edlias \u2013 perspectivas e solu\u00e7\u00f5es\" com a participa\u00e7\u00e3o de Fernanda Salvaterra do IAC | Instituto de Apoio \u00e0 Crian\u00e7a","robots":{"index":"index","follow":"follow","max-snippet":"max-snippet:-1","max-image-preview":"max-image-preview:large","max-video-preview":"max-video-preview:-1"},"canonical":"https:\/\/iacrianca.pt\/en\/2021\/03\/audicao-parlamentar-online-o-impacto-do-confinamento-nas-criancas-e-nas-familias-perspectivas-e-solucoes-com-a-participacao-de-fernanda-salvaterra-do-iac\/","og_locale":"en_US","og_type":"article","og_title":"Audi\u00e7\u00e3o parlamentar online \"O impacto do confinamento nas crian\u00e7as e nas fam\u00edlias \u2013 perspectivas e solu\u00e7\u00f5es\" com a participa\u00e7\u00e3o de Fernanda Salvaterra do IAC | Instituto de Apoio \u00e0 Crian\u00e7a","og_description":"\u00abOs deputados do PCP no Parlamento Europeu, Jo\u00e3o Ferreira e Sandra Pereira,\u00a0 convidaram a Prof. Doutora Fernanda Salvaterra do Instituto de Apoio \u00e0 Crian\u00e7a, a participar na audi\u00e7\u00e3o online &#8220;O impacto do confinamento nas crian\u00e7as e nas fam\u00edlias \u2013 solu\u00e7\u00f5es e perspetivas&#8221;, que se realizou no dia 19 de Mar\u00e7o, \u00e0s 17h00. Esta audi\u00e7\u00e3o visou&hellip;","og_url":"https:\/\/iacrianca.pt\/en\/2021\/03\/audicao-parlamentar-online-o-impacto-do-confinamento-nas-criancas-e-nas-familias-perspectivas-e-solucoes-com-a-participacao-de-fernanda-salvaterra-do-iac\/","og_site_name":"Instituto de Apoio \u00e0 Crian\u00e7a","article_publisher":"https:\/\/www.facebook.com\/iacinstitutodeapoioacrianca","article_published_time":"2021-03-22T14:43:31+00:00","article_modified_time":"2021-03-22T15:16:25+00:00","og_image":[{"width":522,"height":270,"url":"https:\/\/iacrianca.pt\/wp-content\/uploads\/2021\/03\/audicao.jpg","type":"image\/jpeg"}],"author":"Administra\u00e7\u00e3o IAC","twitter_card":"summary_large_image","twitter_creator":"@iacapoiocrianca","twitter_site":"@iacapoiocrianca","twitter_misc":{"Written by":"Administra\u00e7\u00e3o IAC","Est. reading time":"2 minutes"},"schema":{"@context":"https:\/\/schema.org","@graph":[{"@type":"Article","@id":"https:\/\/iacrianca.pt\/en\/2021\/03\/audicao-parlamentar-online-o-impacto-do-confinamento-nas-criancas-e-nas-familias-perspectivas-e-solucoes-com-a-participacao-de-fernanda-salvaterra-do-iac\/#article","isPartOf":{"@id":"https:\/\/iacrianca.pt\/en\/2021\/03\/audicao-parlamentar-online-o-impacto-do-confinamento-nas-criancas-e-nas-familias-perspectivas-e-solucoes-com-a-participacao-de-fernanda-salvaterra-do-iac\/"},"author":{"name":"Administra\u00e7\u00e3o IAC","@id":"https:\/\/iacrianca.pt\/en\/#\/schema\/person\/1c48c6e4b70d0dc7360e4b28ceaa5f6b"},"headline":"Audi\u00e7\u00e3o parlamentar online &#8220;O impacto do confinamento nas crian\u00e7as e nas fam\u00edlias \u2013 perspectivas e solu\u00e7\u00f5es&#8221; com a participa\u00e7\u00e3o de Fernanda Salvaterra do IAC","datePublished":"2021-03-22T14:43:31+00:00","dateModified":"2021-03-22T15:16:25+00:00","mainEntityOfPage":{"@id":"https:\/\/iacrianca.pt\/en\/2021\/03\/audicao-parlamentar-online-o-impacto-do-confinamento-nas-criancas-e-nas-familias-perspectivas-e-solucoes-com-a-participacao-de-fernanda-salvaterra-do-iac\/"},"wordCount":374,"publisher":{"@id":"https:\/\/iacrianca.pt\/en\/#organization"},"image":{"@id":"https:\/\/iacrianca.pt\/en\/2021\/03\/audicao-parlamentar-online-o-impacto-do-confinamento-nas-criancas-e-nas-familias-perspectivas-e-solucoes-com-a-participacao-de-fernanda-salvaterra-do-iac\/#primaryimage"},"thumbnailUrl":"https:\/\/iacrianca.pt\/wp-content\/uploads\/2021\/03\/audicao.jpg","articleSection":["Not\u00edcias"],"inLanguage":"en-US"},{"@type":"WebPage","@id":"https:\/\/iacrianca.pt\/en\/2021\/03\/audicao-parlamentar-online-o-impacto-do-confinamento-nas-criancas-e-nas-familias-perspectivas-e-solucoes-com-a-participacao-de-fernanda-salvaterra-do-iac\/","url":"https:\/\/iacrianca.pt\/en\/2021\/03\/audicao-parlamentar-online-o-impacto-do-confinamento-nas-criancas-e-nas-familias-perspectivas-e-solucoes-com-a-participacao-de-fernanda-salvaterra-do-iac\/","name":"Audi\u00e7\u00e3o parlamentar online \"O impacto do confinamento nas crian\u00e7as e nas fam\u00edlias \u2013 perspectivas e solu\u00e7\u00f5es\" com a participa\u00e7\u00e3o de Fernanda Salvaterra do IAC | Instituto de Apoio \u00e0 Crian\u00e7a","isPartOf":{"@id":"https:\/\/iacrianca.pt\/en\/#website"},"primaryImageOfPage":{"@id":"https:\/\/iacrianca.pt\/en\/2021\/03\/audicao-parlamentar-online-o-impacto-do-confinamento-nas-criancas-e-nas-familias-perspectivas-e-solucoes-com-a-participacao-de-fernanda-salvaterra-do-iac\/#primaryimage"},"image":{"@id":"https:\/\/iacrianca.pt\/en\/2021\/03\/audicao-parlamentar-online-o-impacto-do-confinamento-nas-criancas-e-nas-familias-perspectivas-e-solucoes-com-a-participacao-de-fernanda-salvaterra-do-iac\/#primaryimage"},"thumbnailUrl":"https:\/\/iacrianca.pt\/wp-content\/uploads\/2021\/03\/audicao.jpg","datePublished":"2021-03-22T14:43:31+00:00","dateModified":"2021-03-22T15:16:25+00:00","breadcrumb":{"@id":"https:\/\/iacrianca.pt\/en\/2021\/03\/audicao-parlamentar-online-o-impacto-do-confinamento-nas-criancas-e-nas-familias-perspectivas-e-solucoes-com-a-participacao-de-fernanda-salvaterra-do-iac\/#breadcrumb"},"inLanguage":"en-US","potentialAction":[{"@type":"ReadAction","target":["https:\/\/iacrianca.pt\/en\/2021\/03\/audicao-parlamentar-online-o-impacto-do-confinamento-nas-criancas-e-nas-familias-perspectivas-e-solucoes-com-a-participacao-de-fernanda-salvaterra-do-iac\/"]}]},{"@type":"ImageObject","inLanguage":"en-US","@id":"https:\/\/iacrianca.pt\/en\/2021\/03\/audicao-parlamentar-online-o-impacto-do-confinamento-nas-criancas-e-nas-familias-perspectivas-e-solucoes-com-a-participacao-de-fernanda-salvaterra-do-iac\/#primaryimage","url":"https:\/\/iacrianca.pt\/wp-content\/uploads\/2021\/03\/audicao.jpg","contentUrl":"https:\/\/iacrianca.pt\/wp-content\/uploads\/2021\/03\/audicao.jpg","width":522,"height":270},{"@type":"BreadcrumbList","@id":"https:\/\/iacrianca.pt\/en\/2021\/03\/audicao-parlamentar-online-o-impacto-do-confinamento-nas-criancas-e-nas-familias-perspectivas-e-solucoes-com-a-participacao-de-fernanda-salvaterra-do-iac\/#breadcrumb","itemListElement":[{"@type":"ListItem","position":1,"name":"In\u00edcio","item":"https:\/\/iacrianca.pt\/en\/"},{"@type":"ListItem","position":2,"name":"Audi\u00e7\u00e3o parlamentar online &#8220;O impacto do confinamento nas crian\u00e7as e nas fam\u00edlias \u2013 perspectivas e solu\u00e7\u00f5es&#8221; com a participa\u00e7\u00e3o de Fernanda Salvaterra do IAC"}]},{"@type":"WebSite","@id":"https:\/\/iacrianca.pt\/en\/#website","url":"https:\/\/iacrianca.pt\/en\/","name":"Instituto de Apoio \u00e0 Crian\u00e7a","description":"Desde 1983 na defesa e promo\u00e7\u00e3o dos direitos da crian\u00e7a","publisher":{"@id":"https:\/\/iacrianca.pt\/en\/#organization"},"potentialAction":[{"@type":"SearchAction","target":{"@type":"EntryPoint","urlTemplate":"https:\/\/iacrianca.pt\/en\/?s={search_term_string}"},"query-input":{"@type":"PropertyValueSpecification","valueRequired":true,"valueName":"search_term_string"}}],"inLanguage":"en-US"},{"@type":"Organization","@id":"https:\/\/iacrianca.pt\/en\/#organization","name":"Instituto de Apoio \u00e0 Crian\u00e7a","url":"https:\/\/iacrianca.pt\/en\/","logo":{"@type":"ImageObject","inLanguage":"en-US","@id":"https:\/\/iacrianca.pt\/en\/#\/schema\/logo\/image\/","url":"https:\/\/iacrianca.pt\/wp-content\/uploads\/2020\/04\/logo-iac-SD.jpg","contentUrl":"https:\/\/iacrianca.pt\/wp-content\/uploads\/2020\/04\/logo-iac-SD.jpg","width":152,"height":73,"caption":"Instituto de Apoio \u00e0 Crian\u00e7a"},"image":{"@id":"https:\/\/iacrianca.pt\/en\/#\/schema\/logo\/image\/"},"sameAs":["https:\/\/www.facebook.com\/iacinstitutodeapoioacrianca","https:\/\/x.com\/iacapoiocrianca","https:\/\/www.youtube.com\/channel\/UC0jjfZ_xkN_59gJf_RQ-ZnQ","https:\/\/www.linkedin.com\/company\/instituto-de-apoio--criana\/","https:\/\/www.instagram.com\/iacinstitutodeapoioacrianca\/","https:\/\/criancasatortoeadireitos.wordpress.com\/"]},{"@type":"Person","@id":"https:\/\/iacrianca.pt\/en\/#\/schema\/person\/1c48c6e4b70d0dc7360e4b28ceaa5f6b","name":"Administra\u00e7\u00e3o IAC","image":{"@type":"ImageObject","inLanguage":"en-US","@id":"https:\/\/secure.gravatar.com\/avatar\/60b998c71de37dcc1398fc6d48c6b5ed7533e3ceec837c948055f072e3158ff1?s=96&d=mm&r=g","url":"https:\/\/secure.gravatar.com\/avatar\/60b998c71de37dcc1398fc6d48c6b5ed7533e3ceec837c948055f072e3158ff1?s=96&d=mm&r=g","contentUrl":"https:\/\/secure.gravatar.com\/avatar\/60b998c71de37dcc1398fc6d48c6b5ed7533e3ceec837c948055f072e3158ff1?s=96&d=mm&r=g","caption":"Administra\u00e7\u00e3o IAC"}}]}},"_links":{"self":[{"href":"https:\/\/iacrianca.pt\/en\/wp-json\/wp\/v2\/posts\/7251","targetHints":{"allow":["GET"]}}],"collection":[{"href":"https:\/\/iacrianca.pt\/en\/wp-json\/wp\/v2\/posts"}],"about":[{"href":"https:\/\/iacrianca.pt\/en\/wp-json\/wp\/v2\/types\/post"}],"author":[{"embeddable":true,"href":"https:\/\/iacrianca.pt\/en\/wp-json\/wp\/v2\/users\/2"}],"replies":[{"embeddable":true,"href":"https:\/\/iacrianca.pt\/en\/wp-json\/wp\/v2\/comments?post=7251"}],"version-history":[{"count":0,"href":"https:\/\/iacrianca.pt\/en\/wp-json\/wp\/v2\/posts\/7251\/revisions"}],"wp:featuredmedia":[{"embeddable":true,"href":"https:\/\/iacrianca.pt\/en\/wp-json\/wp\/v2\/media\/7254"}],"wp:attachment":[{"href":"https:\/\/iacrianca.pt\/en\/wp-json\/wp\/v2\/media?parent=7251"}],"wp:term":[{"taxonomy":"category","embeddable":true,"href":"https:\/\/iacrianca.pt\/en\/wp-json\/wp\/v2\/categories?post=7251"},{"taxonomy":"post_tag","embeddable":true,"href":"https:\/\/iacrianca.pt\/en\/wp-json\/wp\/v2\/tags?post=7251"}],"curies":[{"name":"wp","href":"https:\/\/api.w.org\/{rel}","templated":true}]}}