{"id":7395,"date":"2021-04-12T17:13:01","date_gmt":"2021-04-12T17:13:01","guid":{"rendered":"https:\/\/iacrianca.pt\/?p=7395"},"modified":"2021-04-20T11:33:30","modified_gmt":"2021-04-20T11:33:30","slug":"webinar-child-safety-first-promovido-pela-mce-missing-children-europe","status":"publish","type":"post","link":"https:\/\/iacrianca.pt\/en\/2021\/04\/webinar-child-safety-first-promovido-pela-mce-missing-children-europe\/","title":{"rendered":"Webinar &#8220;Child Safety First&#8221; promovido pela MCE (Missing Children Europe)"},"content":{"rendered":"<p>A Inhope e a INSafe foram os principais preletores deste webinar que decorreu no dia 9 de mar\u00e7o.<\/p>\n<p>O principal tema foi a situa\u00e7\u00e3o corrente da EU relativamente a \u201csinalizar e reportar abuso sexual e \u201cgrooming\u201d online, e as perspetivas das v\u00edtimas.<\/p>\n<p>Maria Jo\u00e3o Cosme representou o IAC (SOS-Crian\u00e7a) e Portugal. Como existe espa\u00e7o para discuss\u00e3o livre onde os parceiros participam abertamente, a t\u00e9cnica deu o seu parecer, informando do trabalho realizado pelo IAC neste \u00e2mbito e dos documentos que envi\u00e1mos \u00e0 CE e \u00e0 Presid\u00eancia Portuguesa da Uni\u00e3o Europeia.<\/p>\n<p>Em anexo, o documento portugu\u00eas enviado:<\/p>\n<p><a href=\"https:\/\/missingchildreneurope.eu\/symposium\/\"> https:\/\/missingchildreneurope.eu\/symposium\/<\/a><\/p>\n<p><img fetchpriority=\"high\" decoding=\"async\" class=\"alignnone size-medium wp-image-7396\" src=\"https:\/\/iacrianca.pt\/wp-content\/uploads\/2021\/04\/child-300x198.jpg\" alt=\"\" width=\"300\" height=\"198\" srcset=\"https:\/\/iacrianca.pt\/wp-content\/uploads\/2021\/04\/child-300x198.jpg 300w, https:\/\/iacrianca.pt\/wp-content\/uploads\/2021\/04\/child.jpg 516w\" sizes=\"(max-width: 300px) 100vw, 300px\" \/><\/p>\n","protected":false},"excerpt":{"rendered":"<p> No dia 9 assinala-se o Dia da Internet Segura cujo tema este ano \u00e9 \u201cJuntos por uma internet melhor\u201d. o IAC em parceria com\u00a0o Projecto MiudosSegurosNa.Net e a a Associa\u00e7\u00e3o AjudAjudar lan\u00e7aram recentemente um apelo \u00e0 Presid\u00eancia Portuguesa da Uni\u00e3o Europeia para que se chegue com celeridade a um acordo de Derroga\u00e7\u00e3o Tempor\u00e1ria da Diretiva da Privacidade Eletr\u00f3nica, para que assim sejam reativadas ferramentas (tecnologias espec\u00edficas) que eram usadas para detetar, denunciar, remover e bloquear materiais com conte\u00fados abusivos envolvendo crian\u00e7as.\u00a0<\/p>\n","protected":false},"author":2,"featured_media":7396,"comment_status":"open","ping_status":"open","sticky":false,"template":"","format":"standard","meta":{"_acf_changed":false,"footnotes":""},"categories":[63],"tags":[],"class_list":["post-7395","post","type-post","status-publish","format-standard","has-post-thumbnail","hentry","category-newsletter","category-63","description-off"],"acf":[],"yoast_head":"<!-- This site is optimized with the Yoast SEO plugin v27.5 - https:\/\/yoast.com\/product\/yoast-seo-wordpress\/ -->\n<title>Webinar &quot;Child Safety First&quot; promovido pela MCE (Missing Children Europe) | Instituto de Apoio \u00e0 Crian\u00e7a<\/title>\n<meta name=\"robots\" content=\"index, follow, max-snippet:-1, max-image-preview:large, max-video-preview:-1\" \/>\n<link rel=\"canonical\" href=\"https:\/\/iacrianca.pt\/en\/2021\/04\/webinar-child-safety-first-promovido-pela-mce-missing-children-europe\/\" \/>\n<meta property=\"og:locale\" content=\"en_US\" \/>\n<meta property=\"og:type\" content=\"article\" \/>\n<meta property=\"og:title\" content=\"Webinar &quot;Child Safety First&quot; promovido pela MCE (Missing Children Europe) | Instituto de Apoio \u00e0 Crian\u00e7a\" \/>\n<meta property=\"og:description\" content=\"No dia 9 assinala-se o Dia da Internet Segura cujo tema este ano \u00e9 \u201cJuntos por uma internet melhor\u201d. o IAC em parceria com\u00a0o Projecto MiudosSegurosNa.Net e a a Associa\u00e7\u00e3o AjudAjudar lan\u00e7aram recentemente um apelo \u00e0 Presid\u00eancia Portuguesa da Uni\u00e3o Europeia para que se chegue com celeridade a um acordo de Derroga\u00e7\u00e3o Tempor\u00e1ria da Diretiva da Privacidade Eletr\u00f3nica, para que assim sejam reativadas ferramentas (tecnologias espec\u00edficas) que eram usadas para detetar, denunciar, remover e bloquear materiais com conte\u00fados abusivos envolvendo crian\u00e7as.\u00a0\" \/>\n<meta property=\"og:url\" content=\"https:\/\/iacrianca.pt\/en\/2021\/04\/webinar-child-safety-first-promovido-pela-mce-missing-children-europe\/\" \/>\n<meta property=\"og:site_name\" content=\"Instituto de Apoio \u00e0 Crian\u00e7a\" \/>\n<meta property=\"article:publisher\" content=\"https:\/\/www.facebook.com\/iacinstitutodeapoioacrianca\" \/>\n<meta property=\"article:published_time\" content=\"2021-04-12T17:13:01+00:00\" \/>\n<meta property=\"article:modified_time\" content=\"2021-04-20T11:33:30+00:00\" \/>\n<meta property=\"og:image\" content=\"https:\/\/iacrianca.pt\/wp-content\/uploads\/2021\/04\/child.jpg\" \/>\n\t<meta property=\"og:image:width\" content=\"516\" \/>\n\t<meta property=\"og:image:height\" content=\"340\" \/>\n\t<meta property=\"og:image:type\" content=\"image\/jpeg\" \/>\n<meta name=\"author\" content=\"Administra\u00e7\u00e3o IAC\" \/>\n<meta name=\"twitter:card\" content=\"summary_large_image\" \/>\n<meta name=\"twitter:creator\" content=\"@iacapoiocrianca\" \/>\n<meta name=\"twitter:site\" content=\"@iacapoiocrianca\" \/>\n<meta name=\"twitter:label1\" content=\"Written by\" \/>\n\t<meta name=\"twitter:data1\" content=\"Administra\u00e7\u00e3o IAC\" \/>\n\t<meta name=\"twitter:label2\" content=\"Est. reading time\" \/>\n\t<meta name=\"twitter:data2\" content=\"1 minute\" \/>\n<script type=\"application\/ld+json\" class=\"yoast-schema-graph\">{\"@context\":\"https:\\\/\\\/schema.org\",\"@graph\":[{\"@type\":\"Article\",\"@id\":\"https:\\\/\\\/iacrianca.pt\\\/en\\\/2021\\\/04\\\/webinar-child-safety-first-promovido-pela-mce-missing-children-europe\\\/#article\",\"isPartOf\":{\"@id\":\"https:\\\/\\\/iacrianca.pt\\\/en\\\/2021\\\/04\\\/webinar-child-safety-first-promovido-pela-mce-missing-children-europe\\\/\"},\"author\":{\"name\":\"Administra\u00e7\u00e3o IAC\",\"@id\":\"https:\\\/\\\/iacrianca.pt\\\/en\\\/#\\\/schema\\\/person\\\/1c48c6e4b70d0dc7360e4b28ceaa5f6b\"},\"headline\":\"Webinar &#8220;Child Safety First&#8221; promovido pela MCE (Missing Children Europe)\",\"datePublished\":\"2021-04-12T17:13:01+00:00\",\"dateModified\":\"2021-04-20T11:33:30+00:00\",\"mainEntityOfPage\":{\"@id\":\"https:\\\/\\\/iacrianca.pt\\\/en\\\/2021\\\/04\\\/webinar-child-safety-first-promovido-pela-mce-missing-children-europe\\\/\"},\"wordCount\":119,\"commentCount\":0,\"publisher\":{\"@id\":\"https:\\\/\\\/iacrianca.pt\\\/en\\\/#organization\"},\"image\":{\"@id\":\"https:\\\/\\\/iacrianca.pt\\\/en\\\/2021\\\/04\\\/webinar-child-safety-first-promovido-pela-mce-missing-children-europe\\\/#primaryimage\"},\"thumbnailUrl\":\"https:\\\/\\\/iacrianca.pt\\\/wp-content\\\/uploads\\\/2021\\\/04\\\/child.jpg\",\"articleSection\":[\"Newsletter\"],\"inLanguage\":\"en-US\",\"potentialAction\":[{\"@type\":\"CommentAction\",\"name\":\"Comment\",\"target\":[\"https:\\\/\\\/iacrianca.pt\\\/en\\\/2021\\\/04\\\/webinar-child-safety-first-promovido-pela-mce-missing-children-europe\\\/#respond\"]}]},{\"@type\":\"WebPage\",\"@id\":\"https:\\\/\\\/iacrianca.pt\\\/en\\\/2021\\\/04\\\/webinar-child-safety-first-promovido-pela-mce-missing-children-europe\\\/\",\"url\":\"https:\\\/\\\/iacrianca.pt\\\/en\\\/2021\\\/04\\\/webinar-child-safety-first-promovido-pela-mce-missing-children-europe\\\/\",\"name\":\"Webinar \\\"Child Safety First\\\" promovido pela MCE (Missing Children Europe) | Instituto de Apoio \u00e0 Crian\u00e7a\",\"isPartOf\":{\"@id\":\"https:\\\/\\\/iacrianca.pt\\\/en\\\/#website\"},\"primaryImageOfPage\":{\"@id\":\"https:\\\/\\\/iacrianca.pt\\\/en\\\/2021\\\/04\\\/webinar-child-safety-first-promovido-pela-mce-missing-children-europe\\\/#primaryimage\"},\"image\":{\"@id\":\"https:\\\/\\\/iacrianca.pt\\\/en\\\/2021\\\/04\\\/webinar-child-safety-first-promovido-pela-mce-missing-children-europe\\\/#primaryimage\"},\"thumbnailUrl\":\"https:\\\/\\\/iacrianca.pt\\\/wp-content\\\/uploads\\\/2021\\\/04\\\/child.jpg\",\"datePublished\":\"2021-04-12T17:13:01+00:00\",\"dateModified\":\"2021-04-20T11:33:30+00:00\",\"breadcrumb\":{\"@id\":\"https:\\\/\\\/iacrianca.pt\\\/en\\\/2021\\\/04\\\/webinar-child-safety-first-promovido-pela-mce-missing-children-europe\\\/#breadcrumb\"},\"inLanguage\":\"en-US\",\"potentialAction\":[{\"@type\":\"ReadAction\",\"target\":[\"https:\\\/\\\/iacrianca.pt\\\/en\\\/2021\\\/04\\\/webinar-child-safety-first-promovido-pela-mce-missing-children-europe\\\/\"]}]},{\"@type\":\"ImageObject\",\"inLanguage\":\"en-US\",\"@id\":\"https:\\\/\\\/iacrianca.pt\\\/en\\\/2021\\\/04\\\/webinar-child-safety-first-promovido-pela-mce-missing-children-europe\\\/#primaryimage\",\"url\":\"https:\\\/\\\/iacrianca.pt\\\/wp-content\\\/uploads\\\/2021\\\/04\\\/child.jpg\",\"contentUrl\":\"https:\\\/\\\/iacrianca.pt\\\/wp-content\\\/uploads\\\/2021\\\/04\\\/child.jpg\",\"width\":516,\"height\":340},{\"@type\":\"BreadcrumbList\",\"@id\":\"https:\\\/\\\/iacrianca.pt\\\/en\\\/2021\\\/04\\\/webinar-child-safety-first-promovido-pela-mce-missing-children-europe\\\/#breadcrumb\",\"itemListElement\":[{\"@type\":\"ListItem\",\"position\":1,\"name\":\"In\u00edcio\",\"item\":\"https:\\\/\\\/iacrianca.pt\\\/en\\\/\"},{\"@type\":\"ListItem\",\"position\":2,\"name\":\"Webinar &#8220;Child Safety First&#8221; promovido pela MCE (Missing Children Europe)\"}]},{\"@type\":\"WebSite\",\"@id\":\"https:\\\/\\\/iacrianca.pt\\\/en\\\/#website\",\"url\":\"https:\\\/\\\/iacrianca.pt\\\/en\\\/\",\"name\":\"Instituto de Apoio \u00e0 Crian\u00e7a\",\"description\":\"Desde 1983 na defesa e promo\u00e7\u00e3o dos direitos da crian\u00e7a\",\"publisher\":{\"@id\":\"https:\\\/\\\/iacrianca.pt\\\/en\\\/#organization\"},\"potentialAction\":[{\"@type\":\"SearchAction\",\"target\":{\"@type\":\"EntryPoint\",\"urlTemplate\":\"https:\\\/\\\/iacrianca.pt\\\/en\\\/?s={search_term_string}\"},\"query-input\":{\"@type\":\"PropertyValueSpecification\",\"valueRequired\":true,\"valueName\":\"search_term_string\"}}],\"inLanguage\":\"en-US\"},{\"@type\":\"Organization\",\"@id\":\"https:\\\/\\\/iacrianca.pt\\\/en\\\/#organization\",\"name\":\"Instituto de Apoio \u00e0 Crian\u00e7a\",\"url\":\"https:\\\/\\\/iacrianca.pt\\\/en\\\/\",\"logo\":{\"@type\":\"ImageObject\",\"inLanguage\":\"en-US\",\"@id\":\"https:\\\/\\\/iacrianca.pt\\\/en\\\/#\\\/schema\\\/logo\\\/image\\\/\",\"url\":\"https:\\\/\\\/iacrianca.pt\\\/wp-content\\\/uploads\\\/2020\\\/04\\\/logo-iac-SD.jpg\",\"contentUrl\":\"https:\\\/\\\/iacrianca.pt\\\/wp-content\\\/uploads\\\/2020\\\/04\\\/logo-iac-SD.jpg\",\"width\":152,\"height\":73,\"caption\":\"Instituto de Apoio \u00e0 Crian\u00e7a\"},\"image\":{\"@id\":\"https:\\\/\\\/iacrianca.pt\\\/en\\\/#\\\/schema\\\/logo\\\/image\\\/\"},\"sameAs\":[\"https:\\\/\\\/www.facebook.com\\\/iacinstitutodeapoioacrianca\",\"https:\\\/\\\/x.com\\\/iacapoiocrianca\",\"https:\\\/\\\/www.youtube.com\\\/channel\\\/UC0jjfZ_xkN_59gJf_RQ-ZnQ\",\"https:\\\/\\\/www.linkedin.com\\\/company\\\/instituto-de-apoio--criana\\\/\",\"https:\\\/\\\/www.instagram.com\\\/iacinstitutodeapoioacrianca\\\/\",\"https:\\\/\\\/criancasatortoeadireitos.wordpress.com\\\/\"]},{\"@type\":\"Person\",\"@id\":\"https:\\\/\\\/iacrianca.pt\\\/en\\\/#\\\/schema\\\/person\\\/1c48c6e4b70d0dc7360e4b28ceaa5f6b\",\"name\":\"Administra\u00e7\u00e3o IAC\",\"image\":{\"@type\":\"ImageObject\",\"inLanguage\":\"en-US\",\"@id\":\"https:\\\/\\\/secure.gravatar.com\\\/avatar\\\/60b998c71de37dcc1398fc6d48c6b5ed7533e3ceec837c948055f072e3158ff1?s=96&d=mm&r=g\",\"url\":\"https:\\\/\\\/secure.gravatar.com\\\/avatar\\\/60b998c71de37dcc1398fc6d48c6b5ed7533e3ceec837c948055f072e3158ff1?s=96&d=mm&r=g\",\"contentUrl\":\"https:\\\/\\\/secure.gravatar.com\\\/avatar\\\/60b998c71de37dcc1398fc6d48c6b5ed7533e3ceec837c948055f072e3158ff1?s=96&d=mm&r=g\",\"caption\":\"Administra\u00e7\u00e3o IAC\"}}]}<\/script>\n<!-- \/ Yoast SEO plugin. -->","yoast_head_json":{"title":"Webinar \"Child Safety First\" promovido pela MCE (Missing Children Europe) | Instituto de Apoio \u00e0 Crian\u00e7a","robots":{"index":"index","follow":"follow","max-snippet":"max-snippet:-1","max-image-preview":"max-image-preview:large","max-video-preview":"max-video-preview:-1"},"canonical":"https:\/\/iacrianca.pt\/en\/2021\/04\/webinar-child-safety-first-promovido-pela-mce-missing-children-europe\/","og_locale":"en_US","og_type":"article","og_title":"Webinar \"Child Safety First\" promovido pela MCE (Missing Children Europe) | Instituto de Apoio \u00e0 Crian\u00e7a","og_description":"No dia 9 assinala-se o Dia da Internet Segura cujo tema este ano \u00e9 \u201cJuntos por uma internet melhor\u201d. o IAC em parceria com\u00a0o Projecto MiudosSegurosNa.Net e a a Associa\u00e7\u00e3o AjudAjudar lan\u00e7aram recentemente um apelo \u00e0 Presid\u00eancia Portuguesa da Uni\u00e3o Europeia para que se chegue com celeridade a um acordo de Derroga\u00e7\u00e3o Tempor\u00e1ria da Diretiva da Privacidade Eletr\u00f3nica, para que assim sejam reativadas ferramentas (tecnologias espec\u00edficas) que eram usadas para detetar, denunciar, remover e bloquear materiais com conte\u00fados abusivos envolvendo crian\u00e7as.\u00a0","og_url":"https:\/\/iacrianca.pt\/en\/2021\/04\/webinar-child-safety-first-promovido-pela-mce-missing-children-europe\/","og_site_name":"Instituto de Apoio \u00e0 Crian\u00e7a","article_publisher":"https:\/\/www.facebook.com\/iacinstitutodeapoioacrianca","article_published_time":"2021-04-12T17:13:01+00:00","article_modified_time":"2021-04-20T11:33:30+00:00","og_image":[{"width":516,"height":340,"url":"https:\/\/iacrianca.pt\/wp-content\/uploads\/2021\/04\/child.jpg","type":"image\/jpeg"}],"author":"Administra\u00e7\u00e3o IAC","twitter_card":"summary_large_image","twitter_creator":"@iacapoiocrianca","twitter_site":"@iacapoiocrianca","twitter_misc":{"Written by":"Administra\u00e7\u00e3o IAC","Est. reading time":"1 minute"},"schema":{"@context":"https:\/\/schema.org","@graph":[{"@type":"Article","@id":"https:\/\/iacrianca.pt\/en\/2021\/04\/webinar-child-safety-first-promovido-pela-mce-missing-children-europe\/#article","isPartOf":{"@id":"https:\/\/iacrianca.pt\/en\/2021\/04\/webinar-child-safety-first-promovido-pela-mce-missing-children-europe\/"},"author":{"name":"Administra\u00e7\u00e3o IAC","@id":"https:\/\/iacrianca.pt\/en\/#\/schema\/person\/1c48c6e4b70d0dc7360e4b28ceaa5f6b"},"headline":"Webinar &#8220;Child Safety First&#8221; promovido pela MCE (Missing Children Europe)","datePublished":"2021-04-12T17:13:01+00:00","dateModified":"2021-04-20T11:33:30+00:00","mainEntityOfPage":{"@id":"https:\/\/iacrianca.pt\/en\/2021\/04\/webinar-child-safety-first-promovido-pela-mce-missing-children-europe\/"},"wordCount":119,"commentCount":0,"publisher":{"@id":"https:\/\/iacrianca.pt\/en\/#organization"},"image":{"@id":"https:\/\/iacrianca.pt\/en\/2021\/04\/webinar-child-safety-first-promovido-pela-mce-missing-children-europe\/#primaryimage"},"thumbnailUrl":"https:\/\/iacrianca.pt\/wp-content\/uploads\/2021\/04\/child.jpg","articleSection":["Newsletter"],"inLanguage":"en-US","potentialAction":[{"@type":"CommentAction","name":"Comment","target":["https:\/\/iacrianca.pt\/en\/2021\/04\/webinar-child-safety-first-promovido-pela-mce-missing-children-europe\/#respond"]}]},{"@type":"WebPage","@id":"https:\/\/iacrianca.pt\/en\/2021\/04\/webinar-child-safety-first-promovido-pela-mce-missing-children-europe\/","url":"https:\/\/iacrianca.pt\/en\/2021\/04\/webinar-child-safety-first-promovido-pela-mce-missing-children-europe\/","name":"Webinar \"Child Safety First\" promovido pela MCE (Missing Children Europe) | Instituto de Apoio \u00e0 Crian\u00e7a","isPartOf":{"@id":"https:\/\/iacrianca.pt\/en\/#website"},"primaryImageOfPage":{"@id":"https:\/\/iacrianca.pt\/en\/2021\/04\/webinar-child-safety-first-promovido-pela-mce-missing-children-europe\/#primaryimage"},"image":{"@id":"https:\/\/iacrianca.pt\/en\/2021\/04\/webinar-child-safety-first-promovido-pela-mce-missing-children-europe\/#primaryimage"},"thumbnailUrl":"https:\/\/iacrianca.pt\/wp-content\/uploads\/2021\/04\/child.jpg","datePublished":"2021-04-12T17:13:01+00:00","dateModified":"2021-04-20T11:33:30+00:00","breadcrumb":{"@id":"https:\/\/iacrianca.pt\/en\/2021\/04\/webinar-child-safety-first-promovido-pela-mce-missing-children-europe\/#breadcrumb"},"inLanguage":"en-US","potentialAction":[{"@type":"ReadAction","target":["https:\/\/iacrianca.pt\/en\/2021\/04\/webinar-child-safety-first-promovido-pela-mce-missing-children-europe\/"]}]},{"@type":"ImageObject","inLanguage":"en-US","@id":"https:\/\/iacrianca.pt\/en\/2021\/04\/webinar-child-safety-first-promovido-pela-mce-missing-children-europe\/#primaryimage","url":"https:\/\/iacrianca.pt\/wp-content\/uploads\/2021\/04\/child.jpg","contentUrl":"https:\/\/iacrianca.pt\/wp-content\/uploads\/2021\/04\/child.jpg","width":516,"height":340},{"@type":"BreadcrumbList","@id":"https:\/\/iacrianca.pt\/en\/2021\/04\/webinar-child-safety-first-promovido-pela-mce-missing-children-europe\/#breadcrumb","itemListElement":[{"@type":"ListItem","position":1,"name":"In\u00edcio","item":"https:\/\/iacrianca.pt\/en\/"},{"@type":"ListItem","position":2,"name":"Webinar &#8220;Child Safety First&#8221; promovido pela MCE (Missing Children Europe)"}]},{"@type":"WebSite","@id":"https:\/\/iacrianca.pt\/en\/#website","url":"https:\/\/iacrianca.pt\/en\/","name":"Instituto de Apoio \u00e0 Crian\u00e7a","description":"Desde 1983 na defesa e promo\u00e7\u00e3o dos direitos da crian\u00e7a","publisher":{"@id":"https:\/\/iacrianca.pt\/en\/#organization"},"potentialAction":[{"@type":"SearchAction","target":{"@type":"EntryPoint","urlTemplate":"https:\/\/iacrianca.pt\/en\/?s={search_term_string}"},"query-input":{"@type":"PropertyValueSpecification","valueRequired":true,"valueName":"search_term_string"}}],"inLanguage":"en-US"},{"@type":"Organization","@id":"https:\/\/iacrianca.pt\/en\/#organization","name":"Instituto de Apoio \u00e0 Crian\u00e7a","url":"https:\/\/iacrianca.pt\/en\/","logo":{"@type":"ImageObject","inLanguage":"en-US","@id":"https:\/\/iacrianca.pt\/en\/#\/schema\/logo\/image\/","url":"https:\/\/iacrianca.pt\/wp-content\/uploads\/2020\/04\/logo-iac-SD.jpg","contentUrl":"https:\/\/iacrianca.pt\/wp-content\/uploads\/2020\/04\/logo-iac-SD.jpg","width":152,"height":73,"caption":"Instituto de Apoio \u00e0 Crian\u00e7a"},"image":{"@id":"https:\/\/iacrianca.pt\/en\/#\/schema\/logo\/image\/"},"sameAs":["https:\/\/www.facebook.com\/iacinstitutodeapoioacrianca","https:\/\/x.com\/iacapoiocrianca","https:\/\/www.youtube.com\/channel\/UC0jjfZ_xkN_59gJf_RQ-ZnQ","https:\/\/www.linkedin.com\/company\/instituto-de-apoio--criana\/","https:\/\/www.instagram.com\/iacinstitutodeapoioacrianca\/","https:\/\/criancasatortoeadireitos.wordpress.com\/"]},{"@type":"Person","@id":"https:\/\/iacrianca.pt\/en\/#\/schema\/person\/1c48c6e4b70d0dc7360e4b28ceaa5f6b","name":"Administra\u00e7\u00e3o IAC","image":{"@type":"ImageObject","inLanguage":"en-US","@id":"https:\/\/secure.gravatar.com\/avatar\/60b998c71de37dcc1398fc6d48c6b5ed7533e3ceec837c948055f072e3158ff1?s=96&d=mm&r=g","url":"https:\/\/secure.gravatar.com\/avatar\/60b998c71de37dcc1398fc6d48c6b5ed7533e3ceec837c948055f072e3158ff1?s=96&d=mm&r=g","contentUrl":"https:\/\/secure.gravatar.com\/avatar\/60b998c71de37dcc1398fc6d48c6b5ed7533e3ceec837c948055f072e3158ff1?s=96&d=mm&r=g","caption":"Administra\u00e7\u00e3o IAC"}}]}},"_links":{"self":[{"href":"https:\/\/iacrianca.pt\/en\/wp-json\/wp\/v2\/posts\/7395","targetHints":{"allow":["GET"]}}],"collection":[{"href":"https:\/\/iacrianca.pt\/en\/wp-json\/wp\/v2\/posts"}],"about":[{"href":"https:\/\/iacrianca.pt\/en\/wp-json\/wp\/v2\/types\/post"}],"author":[{"embeddable":true,"href":"https:\/\/iacrianca.pt\/en\/wp-json\/wp\/v2\/users\/2"}],"replies":[{"embeddable":true,"href":"https:\/\/iacrianca.pt\/en\/wp-json\/wp\/v2\/comments?post=7395"}],"version-history":[{"count":0,"href":"https:\/\/iacrianca.pt\/en\/wp-json\/wp\/v2\/posts\/7395\/revisions"}],"wp:featuredmedia":[{"embeddable":true,"href":"https:\/\/iacrianca.pt\/en\/wp-json\/wp\/v2\/media\/7396"}],"wp:attachment":[{"href":"https:\/\/iacrianca.pt\/en\/wp-json\/wp\/v2\/media?parent=7395"}],"wp:term":[{"taxonomy":"category","embeddable":true,"href":"https:\/\/iacrianca.pt\/en\/wp-json\/wp\/v2\/categories?post=7395"},{"taxonomy":"post_tag","embeddable":true,"href":"https:\/\/iacrianca.pt\/en\/wp-json\/wp\/v2\/tags?post=7395"}],"curies":[{"name":"wp","href":"https:\/\/api.w.org\/{rel}","templated":true}]}}