{"id":7567,"date":"2021-05-06T14:00:00","date_gmt":"2021-05-06T14:00:00","guid":{"rendered":"https:\/\/iacrianca.pt\/?p=7567"},"modified":"2021-05-17T14:02:47","modified_gmt":"2021-05-17T14:02:47","slug":"projecto-rua-em-reuniao-geral-e-momento-formativo-interno-trabalho-com-familias-multiproblematicas-pobres","status":"publish","type":"post","link":"https:\/\/iacrianca.pt\/en\/2021\/05\/projecto-rua-em-reuniao-geral-e-momento-formativo-interno-trabalho-com-familias-multiproblematicas-pobres\/","title":{"rendered":"Projecto Rua em reuni\u00e3o geral e momento formativo interno \u201cTrabalho com fam\u00edlias multiproblem\u00e1ticas pobres\u201d"},"content":{"rendered":"<p><span data-contrast=\"auto\">No passado dia 21 de Abril a equipa do setor\u00a0<\/span><span data-contrast=\"auto\">Projecto<\/span><span data-contrast=\"auto\">\u00a0Rua esteve em reuni\u00e3o geral e beneficiou de um momento formativo dinamizado pelos colega<\/span><span data-contrast=\"auto\">s Anabela Alves, Bruno Pio e L\u00eddia\u00a0<\/span><span data-contrast=\"auto\">Velez<\/span><span data-contrast=\"auto\">\u00a0com a colabora\u00e7\u00e3o da estagi\u00e1ria\u00a0<\/span><span data-contrast=\"auto\">de Servi\u00e7o Social &#8211;\u00a0<\/span><span data-contrast=\"auto\">Filipa Lamas<\/span><span data-contrast=\"auto\">.<\/span><span data-ccp-props=\"{&quot;201341983&quot;:0,&quot;335559739&quot;:160,&quot;335559740&quot;:259}\">\u00a0<\/span><\/p>\n<p><span data-contrast=\"auto\">Inici\u00e1mos a manh\u00e3 com as boas vindas<\/span><span data-contrast=\"auto\">, algumas informa\u00e7\u00f5es gerais e uma palavra de incentivo<\/span><span data-contrast=\"auto\"> e refor\u00e7o<\/span><span data-contrast=\"auto\">\u00a0<\/span><span data-contrast=\"auto\">pelo trabalho desenvolvido\u00a0<\/span><span data-contrast=\"auto\">(<\/span><span data-contrast=\"auto\">mesmo num contexto t\u00e3o adverso<\/span><span data-contrast=\"auto\">), dirigidas a toda a equipa,\u00a0<\/span><span data-contrast=\"auto\">pela nossa Coordenadora Geral \u2013 Matilde Sirgado.<\/span><span data-ccp-props=\"{&quot;201341983&quot;:0,&quot;335559739&quot;:160,&quot;335559740&quot;:259}\">\u00a0<\/span><\/p>\n<p><span data-contrast=\"auto\">De seguida,\u00a0<\/span><span data-contrast=\"auto\">a equipa dinamizadora fez a ap<\/span><span data-contrast=\"auto\">resenta\u00e7\u00e3o do modelo tradicional e do modelo colaborativo de interven\u00e7\u00e3o com fam\u00edlias<\/span><span data-contrast=\"auto\">. Os formandos foram postos \u00e0 prova face aos conhecimentos transmitidos atrav<\/span><span data-contrast=\"auto\">\u00e9s do<\/span><span data-contrast=\"auto\">\u00a0<\/span><span data-contrast=\"auto\">\u201c<\/span><span data-contrast=\"auto\">J<\/span><span data-contrast=\"auto\">ogo<\/span><span data-contrast=\"auto\">\u00a0da casa assombrada\u201d, onde os fantasmas\u00a0<\/span><span data-contrast=\"auto\">\u201c<\/span><span data-contrast=\"auto\">assustavam<\/span><span data-contrast=\"auto\">\u201d<\/span><span data-contrast=\"auto\">\u00a0as equipas que n\u00e3o conseguiam corresponder aos desafios lan\u00e7ados<\/span><span data-contrast=\"auto\">\u00a0pela organiza\u00e7\u00e3o acerca da interven\u00e7\u00e3o colaborativa com fam\u00edlias. Logo de seguida<\/span><span data-contrast=\"auto\">, a adrenalina esteve no m\u00e1ximo quando\u00a0<\/span><span data-contrast=\"auto\">atrav\u00e9s<\/span><span data-contrast=\"auto\">\u00a0<\/span><span data-contrast=\"auto\">d<\/span><span data-contrast=\"auto\">a aplica\u00e7\u00e3o\u00a0<\/span><span data-contrast=\"auto\">Kahoot<\/span><span data-contrast=\"auto\">,\u00a0<\/span><span data-contrast=\"auto\">(<\/span><span data-contrast=\"auto\">previamente<\/span><span data-contrast=\"auto\">\u00a0instalada<\/span><span data-contrast=\"auto\">\u00a0nos telem\u00f3veis de cada elemento<\/span><span data-contrast=\"auto\">)<\/span><span data-contrast=\"auto\">,<\/span><span data-contrast=\"auto\">\u00a0jog<\/span><span data-contrast=\"auto\">\u00e1mos\u00a0<\/span><span data-contrast=\"auto\">o \u201cComo sobreviver a um atendimento<\/span><span data-contrast=\"auto\">\u00a0e a uma visita domicili\u00e1ria<\/span><span data-contrast=\"auto\">!\u201d<\/span><span data-ccp-props=\"{&quot;201341983&quot;:0,&quot;335559739&quot;:160,&quot;335559740&quot;:259}\">\u00a0<\/span><\/p>\n<p><span data-contrast=\"auto\">O \u00faltimo desafio<\/span><span data-contrast=\"auto\">\u00a0chegou\u00a0<\/span><span data-contrast=\"auto\">atrav\u00e9s d<\/span><span data-contrast=\"auto\">e um outro jogo, o<\/span><span data-contrast=\"auto\">\u00a0\u201cAgora escolha\u201d sobre as quest\u00f5es<\/span><span data-contrast=\"auto\">\u00a0que se colocam ao n\u00edvel<\/span><span data-contrast=\"auto\">\u00a0da \u00e9tica<\/span><span data-contrast=\"auto\">,<\/span><span data-contrast=\"auto\">\u00a0na rela\u00e7\u00e3o entre\u00a0<\/span><span data-contrast=\"auto\">o<\/span><span data-contrast=\"auto\">s<\/span><span data-contrast=\"auto\">\u00a0t\u00e9cnico<\/span><span data-contrast=\"auto\">s<\/span><span data-contrast=\"auto\">\u00a0e os utentes<\/span><span data-contrast=\"auto\">.<\/span><span data-ccp-props=\"{&quot;201341983&quot;:0,&quot;335559739&quot;:160,&quot;335559740&quot;:259}\">\u00a0<\/span><\/p>\n<p><span data-contrast=\"auto\">Em jeito de balan\u00e7o, podemos dizer que este momento formativo foi vivido num clima de uni\u00e3o\u00a0<\/span><span data-contrast=\"auto\">e reflex\u00e3o sobre a<\/span><span data-contrast=\"auto\">\u00a0interven\u00e7\u00e3o<\/span><span data-contrast=\"auto\"> de quem tem na rela\u00e7\u00e3o de proximidade a grande mais valia mas tamb\u00e9m o maior desafio di\u00e1rio<\/span><span data-contrast=\"auto\">!<\/span><span data-ccp-props=\"{&quot;201341983&quot;:0,&quot;335559739&quot;:160,&quot;335559740&quot;:259}\">\u00a0<\/span><\/p>\n<p><img fetchpriority=\"high\" decoding=\"async\" class=\"alignnone size-medium wp-image-7571\" src=\"https:\/\/iacrianca.pt\/wp-content\/uploads\/2021\/05\/Partinad-PR-300x169.jpeg\" alt=\"\" width=\"300\" height=\"169\" srcset=\"https:\/\/iacrianca.pt\/wp-content\/uploads\/2021\/05\/Partinad-PR-300x169.jpeg 300w, https:\/\/iacrianca.pt\/wp-content\/uploads\/2021\/05\/Partinad-PR-1024x576.jpeg 1024w, https:\/\/iacrianca.pt\/wp-content\/uploads\/2021\/05\/Partinad-PR-768x432.jpeg 768w, https:\/\/iacrianca.pt\/wp-content\/uploads\/2021\/05\/Partinad-PR-1536x864.jpeg 1536w, https:\/\/iacrianca.pt\/wp-content\/uploads\/2021\/05\/Partinad-PR.jpeg 1920w\" sizes=\"(max-width: 300px) 100vw, 300px\" \/><\/p>\n","protected":false},"excerpt":{"rendered":"<p> No dia 9 assinala-se o Dia da Internet Segura cujo tema este ano \u00e9 \u201cJuntos por uma internet melhor\u201d. o IAC em parceria com\u00a0o Projecto MiudosSegurosNa.Net e a a Associa\u00e7\u00e3o AjudAjudar lan\u00e7aram recentemente um apelo \u00e0 Presid\u00eancia Portuguesa da Uni\u00e3o Europeia para que se chegue com celeridade a um acordo de Derroga\u00e7\u00e3o Tempor\u00e1ria da Diretiva da Privacidade Eletr\u00f3nica, para que assim sejam reativadas ferramentas (tecnologias espec\u00edficas) que eram usadas para detetar, denunciar, remover e bloquear materiais com conte\u00fados abusivos envolvendo crian\u00e7as.\u00a0<\/p>\n","protected":false},"author":2,"featured_media":7571,"comment_status":"open","ping_status":"open","sticky":false,"template":"","format":"standard","meta":{"_acf_changed":false,"footnotes":""},"categories":[63],"tags":[],"class_list":["post-7567","post","type-post","status-publish","format-standard","has-post-thumbnail","hentry","category-newsletter","category-63","description-off"],"acf":[],"yoast_head":"<!-- This site is optimized with the Yoast SEO plugin v27.5 - https:\/\/yoast.com\/product\/yoast-seo-wordpress\/ -->\n<title>Projecto Rua em reuni\u00e3o geral e momento formativo interno \u201cTrabalho com fam\u00edlias multiproblem\u00e1ticas pobres\u201d | Instituto de Apoio \u00e0 Crian\u00e7a<\/title>\n<meta name=\"robots\" content=\"index, follow, max-snippet:-1, max-image-preview:large, max-video-preview:-1\" \/>\n<link rel=\"canonical\" href=\"https:\/\/iacrianca.pt\/en\/2021\/05\/projecto-rua-em-reuniao-geral-e-momento-formativo-interno-trabalho-com-familias-multiproblematicas-pobres\/\" \/>\n<meta property=\"og:locale\" content=\"en_US\" \/>\n<meta property=\"og:type\" content=\"article\" \/>\n<meta property=\"og:title\" content=\"Projecto Rua em reuni\u00e3o geral e momento formativo interno \u201cTrabalho com fam\u00edlias multiproblem\u00e1ticas pobres\u201d | Instituto de Apoio \u00e0 Crian\u00e7a\" \/>\n<meta property=\"og:description\" content=\"No dia 9 assinala-se o Dia da Internet Segura cujo tema este ano \u00e9 \u201cJuntos por uma internet melhor\u201d. o IAC em parceria com\u00a0o Projecto MiudosSegurosNa.Net e a a Associa\u00e7\u00e3o AjudAjudar lan\u00e7aram recentemente um apelo \u00e0 Presid\u00eancia Portuguesa da Uni\u00e3o Europeia para que se chegue com celeridade a um acordo de Derroga\u00e7\u00e3o Tempor\u00e1ria da Diretiva da Privacidade Eletr\u00f3nica, para que assim sejam reativadas ferramentas (tecnologias espec\u00edficas) que eram usadas para detetar, denunciar, remover e bloquear materiais com conte\u00fados abusivos envolvendo crian\u00e7as.\u00a0\" \/>\n<meta property=\"og:url\" content=\"https:\/\/iacrianca.pt\/en\/2021\/05\/projecto-rua-em-reuniao-geral-e-momento-formativo-interno-trabalho-com-familias-multiproblematicas-pobres\/\" \/>\n<meta property=\"og:site_name\" content=\"Instituto de Apoio \u00e0 Crian\u00e7a\" \/>\n<meta property=\"article:publisher\" content=\"https:\/\/www.facebook.com\/iacinstitutodeapoioacrianca\" \/>\n<meta property=\"article:published_time\" content=\"2021-05-06T14:00:00+00:00\" \/>\n<meta property=\"article:modified_time\" content=\"2021-05-17T14:02:47+00:00\" \/>\n<meta property=\"og:image\" content=\"https:\/\/iacrianca.pt\/wp-content\/uploads\/2021\/05\/Partinad-PR.jpeg\" \/>\n\t<meta property=\"og:image:width\" content=\"1920\" \/>\n\t<meta property=\"og:image:height\" content=\"1080\" \/>\n\t<meta property=\"og:image:type\" content=\"image\/jpeg\" \/>\n<meta name=\"author\" content=\"Administra\u00e7\u00e3o IAC\" \/>\n<meta name=\"twitter:card\" content=\"summary_large_image\" \/>\n<meta name=\"twitter:creator\" content=\"@iacapoiocrianca\" \/>\n<meta name=\"twitter:site\" content=\"@iacapoiocrianca\" \/>\n<meta name=\"twitter:label1\" content=\"Written by\" \/>\n\t<meta name=\"twitter:data1\" content=\"Administra\u00e7\u00e3o IAC\" \/>\n\t<meta name=\"twitter:label2\" content=\"Est. reading time\" \/>\n\t<meta name=\"twitter:data2\" content=\"1 minute\" \/>\n<script type=\"application\/ld+json\" class=\"yoast-schema-graph\">{\"@context\":\"https:\\\/\\\/schema.org\",\"@graph\":[{\"@type\":\"Article\",\"@id\":\"https:\\\/\\\/iacrianca.pt\\\/en\\\/2021\\\/05\\\/projecto-rua-em-reuniao-geral-e-momento-formativo-interno-trabalho-com-familias-multiproblematicas-pobres\\\/#article\",\"isPartOf\":{\"@id\":\"https:\\\/\\\/iacrianca.pt\\\/en\\\/2021\\\/05\\\/projecto-rua-em-reuniao-geral-e-momento-formativo-interno-trabalho-com-familias-multiproblematicas-pobres\\\/\"},\"author\":{\"name\":\"Administra\u00e7\u00e3o IAC\",\"@id\":\"https:\\\/\\\/iacrianca.pt\\\/en\\\/#\\\/schema\\\/person\\\/1c48c6e4b70d0dc7360e4b28ceaa5f6b\"},\"headline\":\"Projecto Rua em reuni\u00e3o geral e momento formativo interno \u201cTrabalho com fam\u00edlias multiproblem\u00e1ticas pobres\u201d\",\"datePublished\":\"2021-05-06T14:00:00+00:00\",\"dateModified\":\"2021-05-17T14:02:47+00:00\",\"mainEntityOfPage\":{\"@id\":\"https:\\\/\\\/iacrianca.pt\\\/en\\\/2021\\\/05\\\/projecto-rua-em-reuniao-geral-e-momento-formativo-interno-trabalho-com-familias-multiproblematicas-pobres\\\/\"},\"wordCount\":293,\"commentCount\":0,\"publisher\":{\"@id\":\"https:\\\/\\\/iacrianca.pt\\\/en\\\/#organization\"},\"image\":{\"@id\":\"https:\\\/\\\/iacrianca.pt\\\/en\\\/2021\\\/05\\\/projecto-rua-em-reuniao-geral-e-momento-formativo-interno-trabalho-com-familias-multiproblematicas-pobres\\\/#primaryimage\"},\"thumbnailUrl\":\"https:\\\/\\\/iacrianca.pt\\\/wp-content\\\/uploads\\\/2021\\\/05\\\/Partinad-PR.jpeg\",\"articleSection\":[\"Newsletter\"],\"inLanguage\":\"en-US\",\"potentialAction\":[{\"@type\":\"CommentAction\",\"name\":\"Comment\",\"target\":[\"https:\\\/\\\/iacrianca.pt\\\/en\\\/2021\\\/05\\\/projecto-rua-em-reuniao-geral-e-momento-formativo-interno-trabalho-com-familias-multiproblematicas-pobres\\\/#respond\"]}]},{\"@type\":\"WebPage\",\"@id\":\"https:\\\/\\\/iacrianca.pt\\\/en\\\/2021\\\/05\\\/projecto-rua-em-reuniao-geral-e-momento-formativo-interno-trabalho-com-familias-multiproblematicas-pobres\\\/\",\"url\":\"https:\\\/\\\/iacrianca.pt\\\/en\\\/2021\\\/05\\\/projecto-rua-em-reuniao-geral-e-momento-formativo-interno-trabalho-com-familias-multiproblematicas-pobres\\\/\",\"name\":\"Projecto Rua em reuni\u00e3o geral e momento formativo interno \u201cTrabalho com fam\u00edlias multiproblem\u00e1ticas pobres\u201d | Instituto de Apoio \u00e0 Crian\u00e7a\",\"isPartOf\":{\"@id\":\"https:\\\/\\\/iacrianca.pt\\\/en\\\/#website\"},\"primaryImageOfPage\":{\"@id\":\"https:\\\/\\\/iacrianca.pt\\\/en\\\/2021\\\/05\\\/projecto-rua-em-reuniao-geral-e-momento-formativo-interno-trabalho-com-familias-multiproblematicas-pobres\\\/#primaryimage\"},\"image\":{\"@id\":\"https:\\\/\\\/iacrianca.pt\\\/en\\\/2021\\\/05\\\/projecto-rua-em-reuniao-geral-e-momento-formativo-interno-trabalho-com-familias-multiproblematicas-pobres\\\/#primaryimage\"},\"thumbnailUrl\":\"https:\\\/\\\/iacrianca.pt\\\/wp-content\\\/uploads\\\/2021\\\/05\\\/Partinad-PR.jpeg\",\"datePublished\":\"2021-05-06T14:00:00+00:00\",\"dateModified\":\"2021-05-17T14:02:47+00:00\",\"breadcrumb\":{\"@id\":\"https:\\\/\\\/iacrianca.pt\\\/en\\\/2021\\\/05\\\/projecto-rua-em-reuniao-geral-e-momento-formativo-interno-trabalho-com-familias-multiproblematicas-pobres\\\/#breadcrumb\"},\"inLanguage\":\"en-US\",\"potentialAction\":[{\"@type\":\"ReadAction\",\"target\":[\"https:\\\/\\\/iacrianca.pt\\\/en\\\/2021\\\/05\\\/projecto-rua-em-reuniao-geral-e-momento-formativo-interno-trabalho-com-familias-multiproblematicas-pobres\\\/\"]}]},{\"@type\":\"ImageObject\",\"inLanguage\":\"en-US\",\"@id\":\"https:\\\/\\\/iacrianca.pt\\\/en\\\/2021\\\/05\\\/projecto-rua-em-reuniao-geral-e-momento-formativo-interno-trabalho-com-familias-multiproblematicas-pobres\\\/#primaryimage\",\"url\":\"https:\\\/\\\/iacrianca.pt\\\/wp-content\\\/uploads\\\/2021\\\/05\\\/Partinad-PR.jpeg\",\"contentUrl\":\"https:\\\/\\\/iacrianca.pt\\\/wp-content\\\/uploads\\\/2021\\\/05\\\/Partinad-PR.jpeg\",\"width\":1920,\"height\":1080},{\"@type\":\"BreadcrumbList\",\"@id\":\"https:\\\/\\\/iacrianca.pt\\\/en\\\/2021\\\/05\\\/projecto-rua-em-reuniao-geral-e-momento-formativo-interno-trabalho-com-familias-multiproblematicas-pobres\\\/#breadcrumb\",\"itemListElement\":[{\"@type\":\"ListItem\",\"position\":1,\"name\":\"In\u00edcio\",\"item\":\"https:\\\/\\\/iacrianca.pt\\\/en\\\/\"},{\"@type\":\"ListItem\",\"position\":2,\"name\":\"Projecto Rua em reuni\u00e3o geral e momento formativo interno \u201cTrabalho com fam\u00edlias multiproblem\u00e1ticas pobres\u201d\"}]},{\"@type\":\"WebSite\",\"@id\":\"https:\\\/\\\/iacrianca.pt\\\/en\\\/#website\",\"url\":\"https:\\\/\\\/iacrianca.pt\\\/en\\\/\",\"name\":\"Instituto de Apoio \u00e0 Crian\u00e7a\",\"description\":\"Desde 1983 na defesa e promo\u00e7\u00e3o dos direitos da crian\u00e7a\",\"publisher\":{\"@id\":\"https:\\\/\\\/iacrianca.pt\\\/en\\\/#organization\"},\"potentialAction\":[{\"@type\":\"SearchAction\",\"target\":{\"@type\":\"EntryPoint\",\"urlTemplate\":\"https:\\\/\\\/iacrianca.pt\\\/en\\\/?s={search_term_string}\"},\"query-input\":{\"@type\":\"PropertyValueSpecification\",\"valueRequired\":true,\"valueName\":\"search_term_string\"}}],\"inLanguage\":\"en-US\"},{\"@type\":\"Organization\",\"@id\":\"https:\\\/\\\/iacrianca.pt\\\/en\\\/#organization\",\"name\":\"Instituto de Apoio \u00e0 Crian\u00e7a\",\"url\":\"https:\\\/\\\/iacrianca.pt\\\/en\\\/\",\"logo\":{\"@type\":\"ImageObject\",\"inLanguage\":\"en-US\",\"@id\":\"https:\\\/\\\/iacrianca.pt\\\/en\\\/#\\\/schema\\\/logo\\\/image\\\/\",\"url\":\"https:\\\/\\\/iacrianca.pt\\\/wp-content\\\/uploads\\\/2020\\\/04\\\/logo-iac-SD.jpg\",\"contentUrl\":\"https:\\\/\\\/iacrianca.pt\\\/wp-content\\\/uploads\\\/2020\\\/04\\\/logo-iac-SD.jpg\",\"width\":152,\"height\":73,\"caption\":\"Instituto de Apoio \u00e0 Crian\u00e7a\"},\"image\":{\"@id\":\"https:\\\/\\\/iacrianca.pt\\\/en\\\/#\\\/schema\\\/logo\\\/image\\\/\"},\"sameAs\":[\"https:\\\/\\\/www.facebook.com\\\/iacinstitutodeapoioacrianca\",\"https:\\\/\\\/x.com\\\/iacapoiocrianca\",\"https:\\\/\\\/www.youtube.com\\\/channel\\\/UC0jjfZ_xkN_59gJf_RQ-ZnQ\",\"https:\\\/\\\/www.linkedin.com\\\/company\\\/instituto-de-apoio--criana\\\/\",\"https:\\\/\\\/www.instagram.com\\\/iacinstitutodeapoioacrianca\\\/\",\"https:\\\/\\\/criancasatortoeadireitos.wordpress.com\\\/\"]},{\"@type\":\"Person\",\"@id\":\"https:\\\/\\\/iacrianca.pt\\\/en\\\/#\\\/schema\\\/person\\\/1c48c6e4b70d0dc7360e4b28ceaa5f6b\",\"name\":\"Administra\u00e7\u00e3o IAC\",\"image\":{\"@type\":\"ImageObject\",\"inLanguage\":\"en-US\",\"@id\":\"https:\\\/\\\/secure.gravatar.com\\\/avatar\\\/60b998c71de37dcc1398fc6d48c6b5ed7533e3ceec837c948055f072e3158ff1?s=96&d=mm&r=g\",\"url\":\"https:\\\/\\\/secure.gravatar.com\\\/avatar\\\/60b998c71de37dcc1398fc6d48c6b5ed7533e3ceec837c948055f072e3158ff1?s=96&d=mm&r=g\",\"contentUrl\":\"https:\\\/\\\/secure.gravatar.com\\\/avatar\\\/60b998c71de37dcc1398fc6d48c6b5ed7533e3ceec837c948055f072e3158ff1?s=96&d=mm&r=g\",\"caption\":\"Administra\u00e7\u00e3o IAC\"}}]}<\/script>\n<!-- \/ Yoast SEO plugin. -->","yoast_head_json":{"title":"Projecto Rua em reuni\u00e3o geral e momento formativo interno \u201cTrabalho com fam\u00edlias multiproblem\u00e1ticas pobres\u201d | Instituto de Apoio \u00e0 Crian\u00e7a","robots":{"index":"index","follow":"follow","max-snippet":"max-snippet:-1","max-image-preview":"max-image-preview:large","max-video-preview":"max-video-preview:-1"},"canonical":"https:\/\/iacrianca.pt\/en\/2021\/05\/projecto-rua-em-reuniao-geral-e-momento-formativo-interno-trabalho-com-familias-multiproblematicas-pobres\/","og_locale":"en_US","og_type":"article","og_title":"Projecto Rua em reuni\u00e3o geral e momento formativo interno \u201cTrabalho com fam\u00edlias multiproblem\u00e1ticas pobres\u201d | Instituto de Apoio \u00e0 Crian\u00e7a","og_description":"No dia 9 assinala-se o Dia da Internet Segura cujo tema este ano \u00e9 \u201cJuntos por uma internet melhor\u201d. o IAC em parceria com\u00a0o Projecto MiudosSegurosNa.Net e a a Associa\u00e7\u00e3o AjudAjudar lan\u00e7aram recentemente um apelo \u00e0 Presid\u00eancia Portuguesa da Uni\u00e3o Europeia para que se chegue com celeridade a um acordo de Derroga\u00e7\u00e3o Tempor\u00e1ria da Diretiva da Privacidade Eletr\u00f3nica, para que assim sejam reativadas ferramentas (tecnologias espec\u00edficas) que eram usadas para detetar, denunciar, remover e bloquear materiais com conte\u00fados abusivos envolvendo crian\u00e7as.\u00a0","og_url":"https:\/\/iacrianca.pt\/en\/2021\/05\/projecto-rua-em-reuniao-geral-e-momento-formativo-interno-trabalho-com-familias-multiproblematicas-pobres\/","og_site_name":"Instituto de Apoio \u00e0 Crian\u00e7a","article_publisher":"https:\/\/www.facebook.com\/iacinstitutodeapoioacrianca","article_published_time":"2021-05-06T14:00:00+00:00","article_modified_time":"2021-05-17T14:02:47+00:00","og_image":[{"width":1920,"height":1080,"url":"https:\/\/iacrianca.pt\/wp-content\/uploads\/2021\/05\/Partinad-PR.jpeg","type":"image\/jpeg"}],"author":"Administra\u00e7\u00e3o IAC","twitter_card":"summary_large_image","twitter_creator":"@iacapoiocrianca","twitter_site":"@iacapoiocrianca","twitter_misc":{"Written by":"Administra\u00e7\u00e3o IAC","Est. reading time":"1 minute"},"schema":{"@context":"https:\/\/schema.org","@graph":[{"@type":"Article","@id":"https:\/\/iacrianca.pt\/en\/2021\/05\/projecto-rua-em-reuniao-geral-e-momento-formativo-interno-trabalho-com-familias-multiproblematicas-pobres\/#article","isPartOf":{"@id":"https:\/\/iacrianca.pt\/en\/2021\/05\/projecto-rua-em-reuniao-geral-e-momento-formativo-interno-trabalho-com-familias-multiproblematicas-pobres\/"},"author":{"name":"Administra\u00e7\u00e3o IAC","@id":"https:\/\/iacrianca.pt\/en\/#\/schema\/person\/1c48c6e4b70d0dc7360e4b28ceaa5f6b"},"headline":"Projecto Rua em reuni\u00e3o geral e momento formativo interno \u201cTrabalho com fam\u00edlias multiproblem\u00e1ticas pobres\u201d","datePublished":"2021-05-06T14:00:00+00:00","dateModified":"2021-05-17T14:02:47+00:00","mainEntityOfPage":{"@id":"https:\/\/iacrianca.pt\/en\/2021\/05\/projecto-rua-em-reuniao-geral-e-momento-formativo-interno-trabalho-com-familias-multiproblematicas-pobres\/"},"wordCount":293,"commentCount":0,"publisher":{"@id":"https:\/\/iacrianca.pt\/en\/#organization"},"image":{"@id":"https:\/\/iacrianca.pt\/en\/2021\/05\/projecto-rua-em-reuniao-geral-e-momento-formativo-interno-trabalho-com-familias-multiproblematicas-pobres\/#primaryimage"},"thumbnailUrl":"https:\/\/iacrianca.pt\/wp-content\/uploads\/2021\/05\/Partinad-PR.jpeg","articleSection":["Newsletter"],"inLanguage":"en-US","potentialAction":[{"@type":"CommentAction","name":"Comment","target":["https:\/\/iacrianca.pt\/en\/2021\/05\/projecto-rua-em-reuniao-geral-e-momento-formativo-interno-trabalho-com-familias-multiproblematicas-pobres\/#respond"]}]},{"@type":"WebPage","@id":"https:\/\/iacrianca.pt\/en\/2021\/05\/projecto-rua-em-reuniao-geral-e-momento-formativo-interno-trabalho-com-familias-multiproblematicas-pobres\/","url":"https:\/\/iacrianca.pt\/en\/2021\/05\/projecto-rua-em-reuniao-geral-e-momento-formativo-interno-trabalho-com-familias-multiproblematicas-pobres\/","name":"Projecto Rua em reuni\u00e3o geral e momento formativo interno \u201cTrabalho com fam\u00edlias multiproblem\u00e1ticas pobres\u201d | Instituto de Apoio \u00e0 Crian\u00e7a","isPartOf":{"@id":"https:\/\/iacrianca.pt\/en\/#website"},"primaryImageOfPage":{"@id":"https:\/\/iacrianca.pt\/en\/2021\/05\/projecto-rua-em-reuniao-geral-e-momento-formativo-interno-trabalho-com-familias-multiproblematicas-pobres\/#primaryimage"},"image":{"@id":"https:\/\/iacrianca.pt\/en\/2021\/05\/projecto-rua-em-reuniao-geral-e-momento-formativo-interno-trabalho-com-familias-multiproblematicas-pobres\/#primaryimage"},"thumbnailUrl":"https:\/\/iacrianca.pt\/wp-content\/uploads\/2021\/05\/Partinad-PR.jpeg","datePublished":"2021-05-06T14:00:00+00:00","dateModified":"2021-05-17T14:02:47+00:00","breadcrumb":{"@id":"https:\/\/iacrianca.pt\/en\/2021\/05\/projecto-rua-em-reuniao-geral-e-momento-formativo-interno-trabalho-com-familias-multiproblematicas-pobres\/#breadcrumb"},"inLanguage":"en-US","potentialAction":[{"@type":"ReadAction","target":["https:\/\/iacrianca.pt\/en\/2021\/05\/projecto-rua-em-reuniao-geral-e-momento-formativo-interno-trabalho-com-familias-multiproblematicas-pobres\/"]}]},{"@type":"ImageObject","inLanguage":"en-US","@id":"https:\/\/iacrianca.pt\/en\/2021\/05\/projecto-rua-em-reuniao-geral-e-momento-formativo-interno-trabalho-com-familias-multiproblematicas-pobres\/#primaryimage","url":"https:\/\/iacrianca.pt\/wp-content\/uploads\/2021\/05\/Partinad-PR.jpeg","contentUrl":"https:\/\/iacrianca.pt\/wp-content\/uploads\/2021\/05\/Partinad-PR.jpeg","width":1920,"height":1080},{"@type":"BreadcrumbList","@id":"https:\/\/iacrianca.pt\/en\/2021\/05\/projecto-rua-em-reuniao-geral-e-momento-formativo-interno-trabalho-com-familias-multiproblematicas-pobres\/#breadcrumb","itemListElement":[{"@type":"ListItem","position":1,"name":"In\u00edcio","item":"https:\/\/iacrianca.pt\/en\/"},{"@type":"ListItem","position":2,"name":"Projecto Rua em reuni\u00e3o geral e momento formativo interno \u201cTrabalho com fam\u00edlias multiproblem\u00e1ticas pobres\u201d"}]},{"@type":"WebSite","@id":"https:\/\/iacrianca.pt\/en\/#website","url":"https:\/\/iacrianca.pt\/en\/","name":"Instituto de Apoio \u00e0 Crian\u00e7a","description":"Desde 1983 na defesa e promo\u00e7\u00e3o dos direitos da crian\u00e7a","publisher":{"@id":"https:\/\/iacrianca.pt\/en\/#organization"},"potentialAction":[{"@type":"SearchAction","target":{"@type":"EntryPoint","urlTemplate":"https:\/\/iacrianca.pt\/en\/?s={search_term_string}"},"query-input":{"@type":"PropertyValueSpecification","valueRequired":true,"valueName":"search_term_string"}}],"inLanguage":"en-US"},{"@type":"Organization","@id":"https:\/\/iacrianca.pt\/en\/#organization","name":"Instituto de Apoio \u00e0 Crian\u00e7a","url":"https:\/\/iacrianca.pt\/en\/","logo":{"@type":"ImageObject","inLanguage":"en-US","@id":"https:\/\/iacrianca.pt\/en\/#\/schema\/logo\/image\/","url":"https:\/\/iacrianca.pt\/wp-content\/uploads\/2020\/04\/logo-iac-SD.jpg","contentUrl":"https:\/\/iacrianca.pt\/wp-content\/uploads\/2020\/04\/logo-iac-SD.jpg","width":152,"height":73,"caption":"Instituto de Apoio \u00e0 Crian\u00e7a"},"image":{"@id":"https:\/\/iacrianca.pt\/en\/#\/schema\/logo\/image\/"},"sameAs":["https:\/\/www.facebook.com\/iacinstitutodeapoioacrianca","https:\/\/x.com\/iacapoiocrianca","https:\/\/www.youtube.com\/channel\/UC0jjfZ_xkN_59gJf_RQ-ZnQ","https:\/\/www.linkedin.com\/company\/instituto-de-apoio--criana\/","https:\/\/www.instagram.com\/iacinstitutodeapoioacrianca\/","https:\/\/criancasatortoeadireitos.wordpress.com\/"]},{"@type":"Person","@id":"https:\/\/iacrianca.pt\/en\/#\/schema\/person\/1c48c6e4b70d0dc7360e4b28ceaa5f6b","name":"Administra\u00e7\u00e3o IAC","image":{"@type":"ImageObject","inLanguage":"en-US","@id":"https:\/\/secure.gravatar.com\/avatar\/60b998c71de37dcc1398fc6d48c6b5ed7533e3ceec837c948055f072e3158ff1?s=96&d=mm&r=g","url":"https:\/\/secure.gravatar.com\/avatar\/60b998c71de37dcc1398fc6d48c6b5ed7533e3ceec837c948055f072e3158ff1?s=96&d=mm&r=g","contentUrl":"https:\/\/secure.gravatar.com\/avatar\/60b998c71de37dcc1398fc6d48c6b5ed7533e3ceec837c948055f072e3158ff1?s=96&d=mm&r=g","caption":"Administra\u00e7\u00e3o IAC"}}]}},"_links":{"self":[{"href":"https:\/\/iacrianca.pt\/en\/wp-json\/wp\/v2\/posts\/7567","targetHints":{"allow":["GET"]}}],"collection":[{"href":"https:\/\/iacrianca.pt\/en\/wp-json\/wp\/v2\/posts"}],"about":[{"href":"https:\/\/iacrianca.pt\/en\/wp-json\/wp\/v2\/types\/post"}],"author":[{"embeddable":true,"href":"https:\/\/iacrianca.pt\/en\/wp-json\/wp\/v2\/users\/2"}],"replies":[{"embeddable":true,"href":"https:\/\/iacrianca.pt\/en\/wp-json\/wp\/v2\/comments?post=7567"}],"version-history":[{"count":0,"href":"https:\/\/iacrianca.pt\/en\/wp-json\/wp\/v2\/posts\/7567\/revisions"}],"wp:featuredmedia":[{"embeddable":true,"href":"https:\/\/iacrianca.pt\/en\/wp-json\/wp\/v2\/media\/7571"}],"wp:attachment":[{"href":"https:\/\/iacrianca.pt\/en\/wp-json\/wp\/v2\/media?parent=7567"}],"wp:term":[{"taxonomy":"category","embeddable":true,"href":"https:\/\/iacrianca.pt\/en\/wp-json\/wp\/v2\/categories?post=7567"},{"taxonomy":"post_tag","embeddable":true,"href":"https:\/\/iacrianca.pt\/en\/wp-json\/wp\/v2\/tags?post=7567"}],"curies":[{"name":"wp","href":"https:\/\/api.w.org\/{rel}","templated":true}]}}