{"id":7711,"date":"2021-05-20T08:00:05","date_gmt":"2021-05-20T08:00:05","guid":{"rendered":"https:\/\/iacrianca.pt\/?p=7711"},"modified":"2021-05-20T09:29:31","modified_gmt":"2021-05-20T09:29:31","slug":"tempo-de-agir-garantir-que-as-vozes-das-criancas-e-dos-jovens-sao-ouvidas-durante-a-pandemia-covid-19","status":"publish","type":"post","link":"https:\/\/iacrianca.pt\/en\/2021\/05\/tempo-de-agir-garantir-que-as-vozes-das-criancas-e-dos-jovens-sao-ouvidas-durante-a-pandemia-covid-19\/","title":{"rendered":"Tempo de Agir : Garantir que as Vozes das Crian\u00e7as e dos Jovens s\u00e3o ouvidas durante a Pandemia COVID-19"},"content":{"rendered":"<div id=\"app\">\n<div class=\"_2HTFmaDIVHVbnIkwPM9srx body-40\">\n<div class=\"_3KAPMPOz8KsW24ooeUflK2\">\n<div class=\"_2jR8Yc0t2ByBbcz_HIGqZ4\">\n<div class=\"_1TpU2KF6f_EeQiytBaYj8I\">\n<div class=\"_2fMnM-m5ensZlyYRKVQSf4\">\n<div class=\"_1xCBLVKl1qp6BB2jT7GN5b\">\n<div class=\"_3mBjlqTqXMUiRuuWRKCPtX css-44\" data-max-width=\"2400\">\n<div class=\"_1jw6v9zFEgnOiXShpU1qqM\">\n<div class=\"_2a8RUrS_Rz9TgOuFOyVU2E _1o7uVfs1ooIN78PbtKWnd1 _2Vkn_hMDpPrPod82gSw_7g\">\n<div class=\"mm4nCLKbIRtx5HvuorDWT css-76\" tabindex=\"-1\" role=\"complementary\" aria-label=\"Painel de Leitura\" data-skip-link-name=\"Avan\u00e7ar para a mensagem\">\n<div id=\"ReadingPaneContainerId\" class=\"_1QDTZfBsizkS8O4Jej5a3A\">\n<div class=\"_3Ad19uWCrJfZmaKfs-hR2p\">\n<div class=\"_1fmZ_av0AzpX0WDUx7Rxsi\" tabindex=\"-1\" role=\"main\" aria-label=\"Painel de conte\u00fados\">\n<div class=\"_2BDBxo-9kfOUcm02zcT5PR\">\n<div class=\"aKEZUGyWi5haT6riFXgvp customScrollBar\" tabindex=\"-1\" data-is-scrollable=\"true\">\n<div class=\"_2le66D_cFAbkq67CrgZcmE\">\n<div class=\"wide-content-host\">\n<div class=\"B1IVVpQay0rPzznhParFr KcNy0Xfd9-is-_CEp3QOI\" tabindex=\"-1\">\n<div class=\"_3U2q6dcdZCrTrR_42Nxby JWNdg1hee9_Rz6bIGvG1c allowTextSelection\">\n<div dir=\"ltr\">\n<div id=\"x_divRplyFwdMsg\" dir=\"ltr\">\n<div>O IAC, atrav\u00e9s do SOS-Crian\u00e7a pertence ao CHI (CHILD HELPLINE INTERNATIONAL) como membro efetivo h\u00e1 largos anos, e esta parceria implica que durante todo o ano vamos qualificando o nosso trabalho com a partilha de experi\u00eancias com todos os parceiros a n\u00edvel internacional, estando representados no grupo da Europa, que re\u00fane v\u00e1rias vezes por ano (representante no grupo \u00e9 Maria Jo\u00e3o Cosme, t\u00e9cnica do SOS-Crian\u00e7a). A qualifica\u00e7\u00e3o da linha 116 111 \u00e9 garantida pela qualidade e standards estabelecidos pela rede de parceiros num trabalho conjunto, sempre mediados e orientados pelo CHI. Anualmente s\u00e3o transmitidos dados estat\u00edsticos e participamos em todos os estudos que decorrem, para que se possa sempre ter melhores respostas a n\u00edvel europeu e mundial.<\/div>\n<\/div>\n<div dir=\"ltr\">\n<div>O relat\u00f3rio que apresentamos foi realizado pelo CHI com apoio de v\u00e1rios parceiros, fazendo parte da lista o IAC (SOS-Crian\u00e7a). Todas as linhas sofreram com esta pandemia, mas em todos os casos se notou uma celeridade nas respostas, um esfor\u00e7o de trabalho maior e uma resposta mais abrangente para que as linhas tenham sido e continuem a ser uma ferramenta de apoio no combate \u00e0s consequ\u00eancias graves e negativas desta pandemia em que nos encontramos. Tamb\u00e9m o SOS-Crian\u00e7a em Portugal teve mais apelos de ajuda, conseguiu dar uma resposta eficaz e atempada a todos os problemas e ainda contribuiu com empenho e muitas horas de trabalho extra em todas as campanhas e estudos realizados a n\u00edvel nacional e internacional, para perceber como o mundo se uniu e se entreajudou para lutar contra o v\u00edrus que transformou as nossas vidas.<\/div>\n<div>Temos muito orgulho no documento realizado por v\u00e1rios parceiros e que ganhou vida nas m\u00e3os do CHI e que traduzido pelo IAC, aqui fica, para registar o trabalho exigente e necess\u00e1rio das Linhas Apoio \u00e0 Inf\u00e2ncia.<\/div>\n<div><a href=\"https:\/\/www.childhelplineinternational.org\/our-work\/news\/covid-call-for-action\/?fbclid=IwAR3RlUqC2LAc_pW6q8Gz4UkLP_rxvTrWEzIckYGrlFaH54kec5u-oTuF7Ws\"><span class=\"TextRun SCXW220178718 BCX0\" lang=\"PT-PT\" xml:lang=\"PT-PT\" data-contrast=\"auto\"><span class=\"SpellingError SCXW220178718 BCX0\">Ensuring<\/span><span class=\"NormalTextRun SCXW220178718 BCX0\">\u00a0<\/span><span class=\"SpellingError SCXW220178718 BCX0\">Children<\/span><span class=\"NormalTextRun SCXW220178718 BCX0\">\u00a0<\/span><span class=\"SpellingError SCXW220178718 BCX0\">and<\/span><span class=\"NormalTextRun SCXW220178718 BCX0\">\u00a0<\/span><span class=\"SpellingError SCXW220178718 BCX0\">Young<\/span><span class=\"NormalTextRun SCXW220178718 BCX0\">\u00a0<\/span><span class=\"SpellingError SCXW220178718 BCX0\">People\u2019s<\/span><span class=\"NormalTextRun SCXW220178718 BCX0\">\u00a0<\/span><span class=\"SpellingError SCXW220178718 BCX0\">Voices<\/span><span class=\"NormalTextRun SCXW220178718 BCX0\">\u00a0are\u00a0<\/span><span class=\"SpellingError SCXW220178718 BCX0\">heard<\/span><span class=\"NormalTextRun SCXW220178718 BCX0\">\u00a0<\/span><span class=\"SpellingError SCXW220178718 BCX0\">during<\/span><span class=\"NormalTextRun SCXW220178718 BCX0\">\u00a0Covid-19<\/span><\/span><span class=\"EOP SCXW220178718 BCX0\" data-ccp-props=\"{&quot;201341983&quot;:0,&quot;335559739&quot;:160,&quot;335559740&quot;:259}\">\u00a0<\/span><\/a><\/div>\n<div><a href=\"https:\/\/iacrianca.pt\/wp-content\/uploads\/2021\/05\/Tempo-de-Agir.pdf\">Tempo de Agir<\/a><\/div>\n<\/div>\n<div><img fetchpriority=\"high\" decoding=\"async\" class=\"alignnone size-medium wp-image-7712\" src=\"https:\/\/iacrianca.pt\/wp-content\/uploads\/2021\/05\/tempo-213x300.jpg\" alt=\"\" width=\"213\" height=\"300\" srcset=\"https:\/\/iacrianca.pt\/wp-content\/uploads\/2021\/05\/tempo-213x300.jpg 213w, https:\/\/iacrianca.pt\/wp-content\/uploads\/2021\/05\/tempo.jpg 648w\" sizes=\"(max-width: 213px) 100vw, 213px\" \/><\/div>\n<\/div>\n<\/div>\n<\/div>\n<\/div>\n<\/div>\n<\/div>\n<\/div>\n<\/div>\n<\/div>\n<\/div>\n<\/div>\n<\/div>\n<\/div>\n<\/div>\n<\/div>\n<\/div>\n<\/div>\n<\/div>\n<\/div>\n<\/div>\n<\/div>\n","protected":false},"excerpt":{"rendered":"<p>O IAC, atrav\u00e9s do SOS-Crian\u00e7a pertence ao CHI (CHILD HELPLINE INTERNATIONAL) como membro efetivo h\u00e1 largos anos, e esta parceria implica que durante todo o ano vamos qualificando o nosso trabalho com a partilha de experi\u00eancias com todos os parceiros a n\u00edvel internacional, estando representados no grupo da Europa, que re\u00fane v\u00e1rias vezes por ano&hellip;<\/p>\n","protected":false},"author":2,"featured_media":7712,"comment_status":"closed","ping_status":"open","sticky":false,"template":"","format":"standard","meta":{"_acf_changed":false,"footnotes":""},"categories":[1],"tags":[],"class_list":["post-7711","post","type-post","status-publish","format-standard","has-post-thumbnail","hentry","category-noticias","category-1","description-off"],"acf":[],"yoast_head":"<!-- This site is optimized with the Yoast SEO plugin v27.5 - https:\/\/yoast.com\/product\/yoast-seo-wordpress\/ -->\n<title>Tempo de Agir : Garantir que as Vozes das Crian\u00e7as e dos Jovens s\u00e3o ouvidas durante a Pandemia COVID-19 | Instituto de Apoio \u00e0 Crian\u00e7a<\/title>\n<meta name=\"robots\" content=\"index, follow, max-snippet:-1, max-image-preview:large, max-video-preview:-1\" \/>\n<link rel=\"canonical\" href=\"https:\/\/iacrianca.pt\/en\/2021\/05\/tempo-de-agir-garantir-que-as-vozes-das-criancas-e-dos-jovens-sao-ouvidas-durante-a-pandemia-covid-19\/\" \/>\n<meta property=\"og:locale\" content=\"en_US\" \/>\n<meta property=\"og:type\" content=\"article\" \/>\n<meta property=\"og:title\" content=\"Tempo de Agir : Garantir que as Vozes das Crian\u00e7as e dos Jovens s\u00e3o ouvidas durante a Pandemia COVID-19 | Instituto de Apoio \u00e0 Crian\u00e7a\" \/>\n<meta property=\"og:description\" content=\"O IAC, atrav\u00e9s do SOS-Crian\u00e7a pertence ao CHI (CHILD HELPLINE INTERNATIONAL) como membro efetivo h\u00e1 largos anos, e esta parceria implica que durante todo o ano vamos qualificando o nosso trabalho com a partilha de experi\u00eancias com todos os parceiros a n\u00edvel internacional, estando representados no grupo da Europa, que re\u00fane v\u00e1rias vezes por ano&hellip;\" \/>\n<meta property=\"og:url\" content=\"https:\/\/iacrianca.pt\/en\/2021\/05\/tempo-de-agir-garantir-que-as-vozes-das-criancas-e-dos-jovens-sao-ouvidas-durante-a-pandemia-covid-19\/\" \/>\n<meta property=\"og:site_name\" content=\"Instituto de Apoio \u00e0 Crian\u00e7a\" \/>\n<meta property=\"article:publisher\" content=\"https:\/\/www.facebook.com\/iacinstitutodeapoioacrianca\" \/>\n<meta property=\"article:published_time\" content=\"2021-05-20T08:00:05+00:00\" \/>\n<meta property=\"article:modified_time\" content=\"2021-05-20T09:29:31+00:00\" \/>\n<meta property=\"og:image\" content=\"https:\/\/iacrianca.pt\/wp-content\/uploads\/2021\/05\/tempo.jpg\" \/>\n\t<meta property=\"og:image:width\" content=\"648\" \/>\n\t<meta property=\"og:image:height\" content=\"911\" \/>\n\t<meta property=\"og:image:type\" content=\"image\/jpeg\" \/>\n<meta name=\"author\" content=\"Administra\u00e7\u00e3o IAC\" \/>\n<meta name=\"twitter:card\" content=\"summary_large_image\" \/>\n<meta name=\"twitter:creator\" content=\"@iacapoiocrianca\" \/>\n<meta name=\"twitter:site\" content=\"@iacapoiocrianca\" \/>\n<meta name=\"twitter:label1\" content=\"Written by\" \/>\n\t<meta name=\"twitter:data1\" content=\"Administra\u00e7\u00e3o IAC\" \/>\n\t<meta name=\"twitter:label2\" content=\"Est. reading time\" \/>\n\t<meta name=\"twitter:data2\" content=\"2 minutes\" \/>\n<script type=\"application\/ld+json\" class=\"yoast-schema-graph\">{\"@context\":\"https:\\\/\\\/schema.org\",\"@graph\":[{\"@type\":\"Article\",\"@id\":\"https:\\\/\\\/iacrianca.pt\\\/en\\\/2021\\\/05\\\/tempo-de-agir-garantir-que-as-vozes-das-criancas-e-dos-jovens-sao-ouvidas-durante-a-pandemia-covid-19\\\/#article\",\"isPartOf\":{\"@id\":\"https:\\\/\\\/iacrianca.pt\\\/en\\\/2021\\\/05\\\/tempo-de-agir-garantir-que-as-vozes-das-criancas-e-dos-jovens-sao-ouvidas-durante-a-pandemia-covid-19\\\/\"},\"author\":{\"name\":\"Administra\u00e7\u00e3o IAC\",\"@id\":\"https:\\\/\\\/iacrianca.pt\\\/en\\\/#\\\/schema\\\/person\\\/1c48c6e4b70d0dc7360e4b28ceaa5f6b\"},\"headline\":\"Tempo de Agir : Garantir que as Vozes das Crian\u00e7as e dos Jovens s\u00e3o ouvidas durante a Pandemia COVID-19\",\"datePublished\":\"2021-05-20T08:00:05+00:00\",\"dateModified\":\"2021-05-20T09:29:31+00:00\",\"mainEntityOfPage\":{\"@id\":\"https:\\\/\\\/iacrianca.pt\\\/en\\\/2021\\\/05\\\/tempo-de-agir-garantir-que-as-vozes-das-criancas-e-dos-jovens-sao-ouvidas-durante-a-pandemia-covid-19\\\/\"},\"wordCount\":347,\"publisher\":{\"@id\":\"https:\\\/\\\/iacrianca.pt\\\/en\\\/#organization\"},\"image\":{\"@id\":\"https:\\\/\\\/iacrianca.pt\\\/en\\\/2021\\\/05\\\/tempo-de-agir-garantir-que-as-vozes-das-criancas-e-dos-jovens-sao-ouvidas-durante-a-pandemia-covid-19\\\/#primaryimage\"},\"thumbnailUrl\":\"https:\\\/\\\/iacrianca.pt\\\/wp-content\\\/uploads\\\/2021\\\/05\\\/tempo.jpg\",\"articleSection\":[\"Not\u00edcias\"],\"inLanguage\":\"en-US\"},{\"@type\":\"WebPage\",\"@id\":\"https:\\\/\\\/iacrianca.pt\\\/en\\\/2021\\\/05\\\/tempo-de-agir-garantir-que-as-vozes-das-criancas-e-dos-jovens-sao-ouvidas-durante-a-pandemia-covid-19\\\/\",\"url\":\"https:\\\/\\\/iacrianca.pt\\\/en\\\/2021\\\/05\\\/tempo-de-agir-garantir-que-as-vozes-das-criancas-e-dos-jovens-sao-ouvidas-durante-a-pandemia-covid-19\\\/\",\"name\":\"Tempo de Agir : Garantir que as Vozes das Crian\u00e7as e dos Jovens s\u00e3o ouvidas durante a Pandemia COVID-19 | Instituto de Apoio \u00e0 Crian\u00e7a\",\"isPartOf\":{\"@id\":\"https:\\\/\\\/iacrianca.pt\\\/en\\\/#website\"},\"primaryImageOfPage\":{\"@id\":\"https:\\\/\\\/iacrianca.pt\\\/en\\\/2021\\\/05\\\/tempo-de-agir-garantir-que-as-vozes-das-criancas-e-dos-jovens-sao-ouvidas-durante-a-pandemia-covid-19\\\/#primaryimage\"},\"image\":{\"@id\":\"https:\\\/\\\/iacrianca.pt\\\/en\\\/2021\\\/05\\\/tempo-de-agir-garantir-que-as-vozes-das-criancas-e-dos-jovens-sao-ouvidas-durante-a-pandemia-covid-19\\\/#primaryimage\"},\"thumbnailUrl\":\"https:\\\/\\\/iacrianca.pt\\\/wp-content\\\/uploads\\\/2021\\\/05\\\/tempo.jpg\",\"datePublished\":\"2021-05-20T08:00:05+00:00\",\"dateModified\":\"2021-05-20T09:29:31+00:00\",\"breadcrumb\":{\"@id\":\"https:\\\/\\\/iacrianca.pt\\\/en\\\/2021\\\/05\\\/tempo-de-agir-garantir-que-as-vozes-das-criancas-e-dos-jovens-sao-ouvidas-durante-a-pandemia-covid-19\\\/#breadcrumb\"},\"inLanguage\":\"en-US\",\"potentialAction\":[{\"@type\":\"ReadAction\",\"target\":[\"https:\\\/\\\/iacrianca.pt\\\/en\\\/2021\\\/05\\\/tempo-de-agir-garantir-que-as-vozes-das-criancas-e-dos-jovens-sao-ouvidas-durante-a-pandemia-covid-19\\\/\"]}]},{\"@type\":\"ImageObject\",\"inLanguage\":\"en-US\",\"@id\":\"https:\\\/\\\/iacrianca.pt\\\/en\\\/2021\\\/05\\\/tempo-de-agir-garantir-que-as-vozes-das-criancas-e-dos-jovens-sao-ouvidas-durante-a-pandemia-covid-19\\\/#primaryimage\",\"url\":\"https:\\\/\\\/iacrianca.pt\\\/wp-content\\\/uploads\\\/2021\\\/05\\\/tempo.jpg\",\"contentUrl\":\"https:\\\/\\\/iacrianca.pt\\\/wp-content\\\/uploads\\\/2021\\\/05\\\/tempo.jpg\",\"width\":648,\"height\":911},{\"@type\":\"BreadcrumbList\",\"@id\":\"https:\\\/\\\/iacrianca.pt\\\/en\\\/2021\\\/05\\\/tempo-de-agir-garantir-que-as-vozes-das-criancas-e-dos-jovens-sao-ouvidas-durante-a-pandemia-covid-19\\\/#breadcrumb\",\"itemListElement\":[{\"@type\":\"ListItem\",\"position\":1,\"name\":\"In\u00edcio\",\"item\":\"https:\\\/\\\/iacrianca.pt\\\/en\\\/\"},{\"@type\":\"ListItem\",\"position\":2,\"name\":\"Tempo de Agir : Garantir que as Vozes das Crian\u00e7as e dos Jovens s\u00e3o ouvidas durante a Pandemia COVID-19\"}]},{\"@type\":\"WebSite\",\"@id\":\"https:\\\/\\\/iacrianca.pt\\\/en\\\/#website\",\"url\":\"https:\\\/\\\/iacrianca.pt\\\/en\\\/\",\"name\":\"Instituto de Apoio \u00e0 Crian\u00e7a\",\"description\":\"Desde 1983 na defesa e promo\u00e7\u00e3o dos direitos da crian\u00e7a\",\"publisher\":{\"@id\":\"https:\\\/\\\/iacrianca.pt\\\/en\\\/#organization\"},\"potentialAction\":[{\"@type\":\"SearchAction\",\"target\":{\"@type\":\"EntryPoint\",\"urlTemplate\":\"https:\\\/\\\/iacrianca.pt\\\/en\\\/?s={search_term_string}\"},\"query-input\":{\"@type\":\"PropertyValueSpecification\",\"valueRequired\":true,\"valueName\":\"search_term_string\"}}],\"inLanguage\":\"en-US\"},{\"@type\":\"Organization\",\"@id\":\"https:\\\/\\\/iacrianca.pt\\\/en\\\/#organization\",\"name\":\"Instituto de Apoio \u00e0 Crian\u00e7a\",\"url\":\"https:\\\/\\\/iacrianca.pt\\\/en\\\/\",\"logo\":{\"@type\":\"ImageObject\",\"inLanguage\":\"en-US\",\"@id\":\"https:\\\/\\\/iacrianca.pt\\\/en\\\/#\\\/schema\\\/logo\\\/image\\\/\",\"url\":\"https:\\\/\\\/iacrianca.pt\\\/wp-content\\\/uploads\\\/2020\\\/04\\\/logo-iac-SD.jpg\",\"contentUrl\":\"https:\\\/\\\/iacrianca.pt\\\/wp-content\\\/uploads\\\/2020\\\/04\\\/logo-iac-SD.jpg\",\"width\":152,\"height\":73,\"caption\":\"Instituto de Apoio \u00e0 Crian\u00e7a\"},\"image\":{\"@id\":\"https:\\\/\\\/iacrianca.pt\\\/en\\\/#\\\/schema\\\/logo\\\/image\\\/\"},\"sameAs\":[\"https:\\\/\\\/www.facebook.com\\\/iacinstitutodeapoioacrianca\",\"https:\\\/\\\/x.com\\\/iacapoiocrianca\",\"https:\\\/\\\/www.youtube.com\\\/channel\\\/UC0jjfZ_xkN_59gJf_RQ-ZnQ\",\"https:\\\/\\\/www.linkedin.com\\\/company\\\/instituto-de-apoio--criana\\\/\",\"https:\\\/\\\/www.instagram.com\\\/iacinstitutodeapoioacrianca\\\/\",\"https:\\\/\\\/criancasatortoeadireitos.wordpress.com\\\/\"]},{\"@type\":\"Person\",\"@id\":\"https:\\\/\\\/iacrianca.pt\\\/en\\\/#\\\/schema\\\/person\\\/1c48c6e4b70d0dc7360e4b28ceaa5f6b\",\"name\":\"Administra\u00e7\u00e3o IAC\",\"image\":{\"@type\":\"ImageObject\",\"inLanguage\":\"en-US\",\"@id\":\"https:\\\/\\\/secure.gravatar.com\\\/avatar\\\/60b998c71de37dcc1398fc6d48c6b5ed7533e3ceec837c948055f072e3158ff1?s=96&d=mm&r=g\",\"url\":\"https:\\\/\\\/secure.gravatar.com\\\/avatar\\\/60b998c71de37dcc1398fc6d48c6b5ed7533e3ceec837c948055f072e3158ff1?s=96&d=mm&r=g\",\"contentUrl\":\"https:\\\/\\\/secure.gravatar.com\\\/avatar\\\/60b998c71de37dcc1398fc6d48c6b5ed7533e3ceec837c948055f072e3158ff1?s=96&d=mm&r=g\",\"caption\":\"Administra\u00e7\u00e3o IAC\"}}]}<\/script>\n<!-- \/ Yoast SEO plugin. -->","yoast_head_json":{"title":"Tempo de Agir : Garantir que as Vozes das Crian\u00e7as e dos Jovens s\u00e3o ouvidas durante a Pandemia COVID-19 | Instituto de Apoio \u00e0 Crian\u00e7a","robots":{"index":"index","follow":"follow","max-snippet":"max-snippet:-1","max-image-preview":"max-image-preview:large","max-video-preview":"max-video-preview:-1"},"canonical":"https:\/\/iacrianca.pt\/en\/2021\/05\/tempo-de-agir-garantir-que-as-vozes-das-criancas-e-dos-jovens-sao-ouvidas-durante-a-pandemia-covid-19\/","og_locale":"en_US","og_type":"article","og_title":"Tempo de Agir : Garantir que as Vozes das Crian\u00e7as e dos Jovens s\u00e3o ouvidas durante a Pandemia COVID-19 | Instituto de Apoio \u00e0 Crian\u00e7a","og_description":"O IAC, atrav\u00e9s do SOS-Crian\u00e7a pertence ao CHI (CHILD HELPLINE INTERNATIONAL) como membro efetivo h\u00e1 largos anos, e esta parceria implica que durante todo o ano vamos qualificando o nosso trabalho com a partilha de experi\u00eancias com todos os parceiros a n\u00edvel internacional, estando representados no grupo da Europa, que re\u00fane v\u00e1rias vezes por ano&hellip;","og_url":"https:\/\/iacrianca.pt\/en\/2021\/05\/tempo-de-agir-garantir-que-as-vozes-das-criancas-e-dos-jovens-sao-ouvidas-durante-a-pandemia-covid-19\/","og_site_name":"Instituto de Apoio \u00e0 Crian\u00e7a","article_publisher":"https:\/\/www.facebook.com\/iacinstitutodeapoioacrianca","article_published_time":"2021-05-20T08:00:05+00:00","article_modified_time":"2021-05-20T09:29:31+00:00","og_image":[{"width":648,"height":911,"url":"https:\/\/iacrianca.pt\/wp-content\/uploads\/2021\/05\/tempo.jpg","type":"image\/jpeg"}],"author":"Administra\u00e7\u00e3o IAC","twitter_card":"summary_large_image","twitter_creator":"@iacapoiocrianca","twitter_site":"@iacapoiocrianca","twitter_misc":{"Written by":"Administra\u00e7\u00e3o IAC","Est. reading time":"2 minutes"},"schema":{"@context":"https:\/\/schema.org","@graph":[{"@type":"Article","@id":"https:\/\/iacrianca.pt\/en\/2021\/05\/tempo-de-agir-garantir-que-as-vozes-das-criancas-e-dos-jovens-sao-ouvidas-durante-a-pandemia-covid-19\/#article","isPartOf":{"@id":"https:\/\/iacrianca.pt\/en\/2021\/05\/tempo-de-agir-garantir-que-as-vozes-das-criancas-e-dos-jovens-sao-ouvidas-durante-a-pandemia-covid-19\/"},"author":{"name":"Administra\u00e7\u00e3o IAC","@id":"https:\/\/iacrianca.pt\/en\/#\/schema\/person\/1c48c6e4b70d0dc7360e4b28ceaa5f6b"},"headline":"Tempo de Agir : Garantir que as Vozes das Crian\u00e7as e dos Jovens s\u00e3o ouvidas durante a Pandemia COVID-19","datePublished":"2021-05-20T08:00:05+00:00","dateModified":"2021-05-20T09:29:31+00:00","mainEntityOfPage":{"@id":"https:\/\/iacrianca.pt\/en\/2021\/05\/tempo-de-agir-garantir-que-as-vozes-das-criancas-e-dos-jovens-sao-ouvidas-durante-a-pandemia-covid-19\/"},"wordCount":347,"publisher":{"@id":"https:\/\/iacrianca.pt\/en\/#organization"},"image":{"@id":"https:\/\/iacrianca.pt\/en\/2021\/05\/tempo-de-agir-garantir-que-as-vozes-das-criancas-e-dos-jovens-sao-ouvidas-durante-a-pandemia-covid-19\/#primaryimage"},"thumbnailUrl":"https:\/\/iacrianca.pt\/wp-content\/uploads\/2021\/05\/tempo.jpg","articleSection":["Not\u00edcias"],"inLanguage":"en-US"},{"@type":"WebPage","@id":"https:\/\/iacrianca.pt\/en\/2021\/05\/tempo-de-agir-garantir-que-as-vozes-das-criancas-e-dos-jovens-sao-ouvidas-durante-a-pandemia-covid-19\/","url":"https:\/\/iacrianca.pt\/en\/2021\/05\/tempo-de-agir-garantir-que-as-vozes-das-criancas-e-dos-jovens-sao-ouvidas-durante-a-pandemia-covid-19\/","name":"Tempo de Agir : Garantir que as Vozes das Crian\u00e7as e dos Jovens s\u00e3o ouvidas durante a Pandemia COVID-19 | Instituto de Apoio \u00e0 Crian\u00e7a","isPartOf":{"@id":"https:\/\/iacrianca.pt\/en\/#website"},"primaryImageOfPage":{"@id":"https:\/\/iacrianca.pt\/en\/2021\/05\/tempo-de-agir-garantir-que-as-vozes-das-criancas-e-dos-jovens-sao-ouvidas-durante-a-pandemia-covid-19\/#primaryimage"},"image":{"@id":"https:\/\/iacrianca.pt\/en\/2021\/05\/tempo-de-agir-garantir-que-as-vozes-das-criancas-e-dos-jovens-sao-ouvidas-durante-a-pandemia-covid-19\/#primaryimage"},"thumbnailUrl":"https:\/\/iacrianca.pt\/wp-content\/uploads\/2021\/05\/tempo.jpg","datePublished":"2021-05-20T08:00:05+00:00","dateModified":"2021-05-20T09:29:31+00:00","breadcrumb":{"@id":"https:\/\/iacrianca.pt\/en\/2021\/05\/tempo-de-agir-garantir-que-as-vozes-das-criancas-e-dos-jovens-sao-ouvidas-durante-a-pandemia-covid-19\/#breadcrumb"},"inLanguage":"en-US","potentialAction":[{"@type":"ReadAction","target":["https:\/\/iacrianca.pt\/en\/2021\/05\/tempo-de-agir-garantir-que-as-vozes-das-criancas-e-dos-jovens-sao-ouvidas-durante-a-pandemia-covid-19\/"]}]},{"@type":"ImageObject","inLanguage":"en-US","@id":"https:\/\/iacrianca.pt\/en\/2021\/05\/tempo-de-agir-garantir-que-as-vozes-das-criancas-e-dos-jovens-sao-ouvidas-durante-a-pandemia-covid-19\/#primaryimage","url":"https:\/\/iacrianca.pt\/wp-content\/uploads\/2021\/05\/tempo.jpg","contentUrl":"https:\/\/iacrianca.pt\/wp-content\/uploads\/2021\/05\/tempo.jpg","width":648,"height":911},{"@type":"BreadcrumbList","@id":"https:\/\/iacrianca.pt\/en\/2021\/05\/tempo-de-agir-garantir-que-as-vozes-das-criancas-e-dos-jovens-sao-ouvidas-durante-a-pandemia-covid-19\/#breadcrumb","itemListElement":[{"@type":"ListItem","position":1,"name":"In\u00edcio","item":"https:\/\/iacrianca.pt\/en\/"},{"@type":"ListItem","position":2,"name":"Tempo de Agir : Garantir que as Vozes das Crian\u00e7as e dos Jovens s\u00e3o ouvidas durante a Pandemia COVID-19"}]},{"@type":"WebSite","@id":"https:\/\/iacrianca.pt\/en\/#website","url":"https:\/\/iacrianca.pt\/en\/","name":"Instituto de Apoio \u00e0 Crian\u00e7a","description":"Desde 1983 na defesa e promo\u00e7\u00e3o dos direitos da crian\u00e7a","publisher":{"@id":"https:\/\/iacrianca.pt\/en\/#organization"},"potentialAction":[{"@type":"SearchAction","target":{"@type":"EntryPoint","urlTemplate":"https:\/\/iacrianca.pt\/en\/?s={search_term_string}"},"query-input":{"@type":"PropertyValueSpecification","valueRequired":true,"valueName":"search_term_string"}}],"inLanguage":"en-US"},{"@type":"Organization","@id":"https:\/\/iacrianca.pt\/en\/#organization","name":"Instituto de Apoio \u00e0 Crian\u00e7a","url":"https:\/\/iacrianca.pt\/en\/","logo":{"@type":"ImageObject","inLanguage":"en-US","@id":"https:\/\/iacrianca.pt\/en\/#\/schema\/logo\/image\/","url":"https:\/\/iacrianca.pt\/wp-content\/uploads\/2020\/04\/logo-iac-SD.jpg","contentUrl":"https:\/\/iacrianca.pt\/wp-content\/uploads\/2020\/04\/logo-iac-SD.jpg","width":152,"height":73,"caption":"Instituto de Apoio \u00e0 Crian\u00e7a"},"image":{"@id":"https:\/\/iacrianca.pt\/en\/#\/schema\/logo\/image\/"},"sameAs":["https:\/\/www.facebook.com\/iacinstitutodeapoioacrianca","https:\/\/x.com\/iacapoiocrianca","https:\/\/www.youtube.com\/channel\/UC0jjfZ_xkN_59gJf_RQ-ZnQ","https:\/\/www.linkedin.com\/company\/instituto-de-apoio--criana\/","https:\/\/www.instagram.com\/iacinstitutodeapoioacrianca\/","https:\/\/criancasatortoeadireitos.wordpress.com\/"]},{"@type":"Person","@id":"https:\/\/iacrianca.pt\/en\/#\/schema\/person\/1c48c6e4b70d0dc7360e4b28ceaa5f6b","name":"Administra\u00e7\u00e3o IAC","image":{"@type":"ImageObject","inLanguage":"en-US","@id":"https:\/\/secure.gravatar.com\/avatar\/60b998c71de37dcc1398fc6d48c6b5ed7533e3ceec837c948055f072e3158ff1?s=96&d=mm&r=g","url":"https:\/\/secure.gravatar.com\/avatar\/60b998c71de37dcc1398fc6d48c6b5ed7533e3ceec837c948055f072e3158ff1?s=96&d=mm&r=g","contentUrl":"https:\/\/secure.gravatar.com\/avatar\/60b998c71de37dcc1398fc6d48c6b5ed7533e3ceec837c948055f072e3158ff1?s=96&d=mm&r=g","caption":"Administra\u00e7\u00e3o IAC"}}]}},"_links":{"self":[{"href":"https:\/\/iacrianca.pt\/en\/wp-json\/wp\/v2\/posts\/7711","targetHints":{"allow":["GET"]}}],"collection":[{"href":"https:\/\/iacrianca.pt\/en\/wp-json\/wp\/v2\/posts"}],"about":[{"href":"https:\/\/iacrianca.pt\/en\/wp-json\/wp\/v2\/types\/post"}],"author":[{"embeddable":true,"href":"https:\/\/iacrianca.pt\/en\/wp-json\/wp\/v2\/users\/2"}],"replies":[{"embeddable":true,"href":"https:\/\/iacrianca.pt\/en\/wp-json\/wp\/v2\/comments?post=7711"}],"version-history":[{"count":0,"href":"https:\/\/iacrianca.pt\/en\/wp-json\/wp\/v2\/posts\/7711\/revisions"}],"wp:featuredmedia":[{"embeddable":true,"href":"https:\/\/iacrianca.pt\/en\/wp-json\/wp\/v2\/media\/7712"}],"wp:attachment":[{"href":"https:\/\/iacrianca.pt\/en\/wp-json\/wp\/v2\/media?parent=7711"}],"wp:term":[{"taxonomy":"category","embeddable":true,"href":"https:\/\/iacrianca.pt\/en\/wp-json\/wp\/v2\/categories?post=7711"},{"taxonomy":"post_tag","embeddable":true,"href":"https:\/\/iacrianca.pt\/en\/wp-json\/wp\/v2\/tags?post=7711"}],"curies":[{"name":"wp","href":"https:\/\/api.w.org\/{rel}","templated":true}]}}