{"id":7867,"date":"2021-06-01T10:06:37","date_gmt":"2021-06-01T10:06:37","guid":{"rendered":"https:\/\/iacrianca.pt\/?p=7867"},"modified":"2021-06-01T10:15:04","modified_gmt":"2021-06-01T10:15:04","slug":"lancamento-do-conto-sol-e-o-centro-de-saude-hoje-pelas-14-30-na-usf-descobertas-em-alcantara-com-a-presenca-da-presidente-do-iac-dulce-rocha","status":"publish","type":"post","link":"https:\/\/iacrianca.pt\/en\/2021\/06\/lancamento-do-conto-sol-e-o-centro-de-saude-hoje-pelas-14-30-na-usf-descobertas-em-alcantara-com-a-presenca-da-presidente-do-iac-dulce-rocha\/","title":{"rendered":"Lan\u00e7amento do Conto \u201cSol e o Centro de Sa\u00fade\u201d hoje pelas 14.30 na USF Descobertas em Alc\u00e2ntara, com a presen\u00e7a da Presidente do IAC Dulce Rocha"},"content":{"rendered":"<p><img fetchpriority=\"high\" decoding=\"async\" class=\"alignnone size-medium wp-image-7866\" src=\"https:\/\/iacrianca.pt\/wp-content\/uploads\/2021\/05\/thumbnail_Divulgacao_Lancamento_CSP_Lancamento-212x300.jpg\" alt=\"\" width=\"212\" height=\"300\" srcset=\"https:\/\/iacrianca.pt\/wp-content\/uploads\/2021\/05\/thumbnail_Divulgacao_Lancamento_CSP_Lancamento-212x300.jpg 212w, https:\/\/iacrianca.pt\/wp-content\/uploads\/2021\/05\/thumbnail_Divulgacao_Lancamento_CSP_Lancamento-723x1024.jpg 723w, https:\/\/iacrianca.pt\/wp-content\/uploads\/2021\/05\/thumbnail_Divulgacao_Lancamento_CSP_Lancamento-768x1087.jpg 768w, https:\/\/iacrianca.pt\/wp-content\/uploads\/2021\/05\/thumbnail_Divulgacao_Lancamento_CSP_Lancamento.jpg 904w\" sizes=\"(max-width: 212px) 100vw, 212px\" \/><\/p>\n<p>Evento de comemora\u00e7\u00e3o do Dia Mundial da Crian\u00e7a, no dia 1 de junho, pelas 14.30H, nas instala\u00e7\u00f5es da USF Descobertas em Alc\u00e2ntara.<\/p>\n<p>Neste evento ser\u00e1 lan\u00e7ado o conto \u201cSol e o centro de sa\u00fade \u2013 uma viagem pelos teus direitos\u201d que foi elaborado pelo Instituto de Apoio \u00e0 Crian\u00e7a em parceria com a Dire\u00e7\u00e3o-Geral da Sa\u00fade e com o apoio da C\u00e2mara Municipal de Lisboa.<\/p>\n<p>Este conto \u00e9 baseado na \u201cCarta da Crian\u00e7a nos cuidados de sa\u00fade prim\u00e1rios\u201d tendo por objetivo sensibilizar profissionais, fam\u00edlias e as pr\u00f3prias crian\u00e7as sobre os seus direitos, no contexto dos cuidados de sa\u00fade prim\u00e1rios, que t\u00eam sido a prioridade em detrimento de internamentos e tratamentos em meio hospitalar.<\/p>\n<p>Descarregar as publica\u00e7\u00f5es em baixo:<\/p>\n<p><a href=\"https:\/\/iacrianca.pt\/wp-content\/uploads\/2021\/06\/sol-centro-de-saude.pdf\" target=\"_blank\" rel=\"noreferrer noopener\">Sol e o Centro de Sa\u00fade<\/a><\/p>\n<p><a href=\"https:\/\/iacrianca.pt\/wp-content\/uploads\/2021\/05\/CARTA-V14_digital.pdf\" target=\"_blank\" rel=\"noreferrer noopener\">Carta da Crian\u00e7a nos Cuidados de Sa\u00fade Prim\u00e1rios<\/a><\/p>\n<p><a href=\"https:\/\/iacrianca.pt\/wp-content\/uploads\/2021\/05\/POSTER-DIREITOS-V15.pdf\" target=\"_blank\" rel=\"noreferrer noopener\">Os meus Direitos no Centro de Sa\u00fade<\/a><\/p>\n<p><img decoding=\"async\" class=\"alignnone size-medium wp-image-7865\" src=\"https:\/\/iacrianca.pt\/wp-content\/uploads\/2021\/05\/thumbnail_Divulgacao_Lancamento_CSP-212x300.jpg\" alt=\"\" width=\"212\" height=\"300\" srcset=\"https:\/\/iacrianca.pt\/wp-content\/uploads\/2021\/05\/thumbnail_Divulgacao_Lancamento_CSP-212x300.jpg 212w, https:\/\/iacrianca.pt\/wp-content\/uploads\/2021\/05\/thumbnail_Divulgacao_Lancamento_CSP-723x1024.jpg 723w, https:\/\/iacrianca.pt\/wp-content\/uploads\/2021\/05\/thumbnail_Divulgacao_Lancamento_CSP-768x1087.jpg 768w, https:\/\/iacrianca.pt\/wp-content\/uploads\/2021\/05\/thumbnail_Divulgacao_Lancamento_CSP.jpg 904w\" sizes=\"(max-width: 212px) 100vw, 212px\" \/><\/p>\n<p>&nbsp;<\/p>\n","protected":false},"excerpt":{"rendered":"<p>Evento de comemora\u00e7\u00e3o do Dia Mundial da Crian\u00e7a, no dia 1 de junho, pelas 14.30H, nas instala\u00e7\u00f5es da USF Descobertas em Alc\u00e2ntara. Neste evento ser\u00e1 lan\u00e7ado o conto \u201cSol e o centro de sa\u00fade \u2013 uma viagem pelos teus direitos\u201d que foi elaborado pelo Instituto de Apoio \u00e0 Crian\u00e7a em parceria com a Dire\u00e7\u00e3o-Geral da&hellip;<\/p>\n","protected":false},"author":2,"featured_media":7866,"comment_status":"closed","ping_status":"open","sticky":false,"template":"","format":"standard","meta":{"_acf_changed":false,"footnotes":""},"categories":[1],"tags":[],"class_list":["post-7867","post","type-post","status-publish","format-standard","has-post-thumbnail","hentry","category-noticias","category-1","description-off"],"acf":[],"yoast_head":"<!-- This site is optimized with the Yoast SEO plugin v27.5 - https:\/\/yoast.com\/product\/yoast-seo-wordpress\/ -->\n<title>Lan\u00e7amento do Conto \u201cSol e o Centro de Sa\u00fade\u201d hoje pelas 14.30 na USF Descobertas em Alc\u00e2ntara, com a presen\u00e7a da Presidente do IAC Dulce Rocha | Instituto de Apoio \u00e0 Crian\u00e7a<\/title>\n<meta name=\"robots\" content=\"index, follow, max-snippet:-1, max-image-preview:large, max-video-preview:-1\" \/>\n<link rel=\"canonical\" href=\"https:\/\/iacrianca.pt\/en\/2021\/06\/lancamento-do-conto-sol-e-o-centro-de-saude-hoje-pelas-14-30-na-usf-descobertas-em-alcantara-com-a-presenca-da-presidente-do-iac-dulce-rocha\/\" \/>\n<meta property=\"og:locale\" content=\"en_US\" \/>\n<meta property=\"og:type\" content=\"article\" \/>\n<meta property=\"og:title\" content=\"Lan\u00e7amento do Conto \u201cSol e o Centro de Sa\u00fade\u201d hoje pelas 14.30 na USF Descobertas em Alc\u00e2ntara, com a presen\u00e7a da Presidente do IAC Dulce Rocha | Instituto de Apoio \u00e0 Crian\u00e7a\" \/>\n<meta property=\"og:description\" content=\"Evento de comemora\u00e7\u00e3o do Dia Mundial da Crian\u00e7a, no dia 1 de junho, pelas 14.30H, nas instala\u00e7\u00f5es da USF Descobertas em Alc\u00e2ntara. Neste evento ser\u00e1 lan\u00e7ado o conto \u201cSol e o centro de sa\u00fade \u2013 uma viagem pelos teus direitos\u201d que foi elaborado pelo Instituto de Apoio \u00e0 Crian\u00e7a em parceria com a Dire\u00e7\u00e3o-Geral da&hellip;\" \/>\n<meta property=\"og:url\" content=\"https:\/\/iacrianca.pt\/en\/2021\/06\/lancamento-do-conto-sol-e-o-centro-de-saude-hoje-pelas-14-30-na-usf-descobertas-em-alcantara-com-a-presenca-da-presidente-do-iac-dulce-rocha\/\" \/>\n<meta property=\"og:site_name\" content=\"Instituto de Apoio \u00e0 Crian\u00e7a\" \/>\n<meta property=\"article:publisher\" content=\"https:\/\/www.facebook.com\/iacinstitutodeapoioacrianca\" \/>\n<meta property=\"article:published_time\" content=\"2021-06-01T10:06:37+00:00\" \/>\n<meta property=\"article:modified_time\" content=\"2021-06-01T10:15:04+00:00\" \/>\n<meta property=\"og:image\" content=\"https:\/\/iacrianca.pt\/wp-content\/uploads\/2021\/05\/thumbnail_Divulgacao_Lancamento_CSP_Lancamento.jpg\" \/>\n\t<meta property=\"og:image:width\" content=\"904\" \/>\n\t<meta property=\"og:image:height\" content=\"1280\" \/>\n\t<meta property=\"og:image:type\" content=\"image\/jpeg\" \/>\n<meta name=\"author\" content=\"Administra\u00e7\u00e3o IAC\" \/>\n<meta name=\"twitter:card\" content=\"summary_large_image\" \/>\n<meta name=\"twitter:creator\" content=\"@iacapoiocrianca\" \/>\n<meta name=\"twitter:site\" content=\"@iacapoiocrianca\" \/>\n<meta name=\"twitter:label1\" content=\"Written by\" \/>\n\t<meta name=\"twitter:data1\" content=\"Administra\u00e7\u00e3o IAC\" \/>\n\t<meta name=\"twitter:label2\" content=\"Est. reading time\" \/>\n\t<meta name=\"twitter:data2\" content=\"1 minute\" \/>\n<script type=\"application\/ld+json\" class=\"yoast-schema-graph\">{\"@context\":\"https:\\\/\\\/schema.org\",\"@graph\":[{\"@type\":\"Article\",\"@id\":\"https:\\\/\\\/iacrianca.pt\\\/en\\\/2021\\\/06\\\/lancamento-do-conto-sol-e-o-centro-de-saude-hoje-pelas-14-30-na-usf-descobertas-em-alcantara-com-a-presenca-da-presidente-do-iac-dulce-rocha\\\/#article\",\"isPartOf\":{\"@id\":\"https:\\\/\\\/iacrianca.pt\\\/en\\\/2021\\\/06\\\/lancamento-do-conto-sol-e-o-centro-de-saude-hoje-pelas-14-30-na-usf-descobertas-em-alcantara-com-a-presenca-da-presidente-do-iac-dulce-rocha\\\/\"},\"author\":{\"name\":\"Administra\u00e7\u00e3o IAC\",\"@id\":\"https:\\\/\\\/iacrianca.pt\\\/en\\\/#\\\/schema\\\/person\\\/1c48c6e4b70d0dc7360e4b28ceaa5f6b\"},\"headline\":\"Lan\u00e7amento do Conto \u201cSol e o Centro de Sa\u00fade\u201d hoje pelas 14.30 na USF Descobertas em Alc\u00e2ntara, com a presen\u00e7a da Presidente do IAC Dulce Rocha\",\"datePublished\":\"2021-06-01T10:06:37+00:00\",\"dateModified\":\"2021-06-01T10:15:04+00:00\",\"mainEntityOfPage\":{\"@id\":\"https:\\\/\\\/iacrianca.pt\\\/en\\\/2021\\\/06\\\/lancamento-do-conto-sol-e-o-centro-de-saude-hoje-pelas-14-30-na-usf-descobertas-em-alcantara-com-a-presenca-da-presidente-do-iac-dulce-rocha\\\/\"},\"wordCount\":190,\"publisher\":{\"@id\":\"https:\\\/\\\/iacrianca.pt\\\/en\\\/#organization\"},\"image\":{\"@id\":\"https:\\\/\\\/iacrianca.pt\\\/en\\\/2021\\\/06\\\/lancamento-do-conto-sol-e-o-centro-de-saude-hoje-pelas-14-30-na-usf-descobertas-em-alcantara-com-a-presenca-da-presidente-do-iac-dulce-rocha\\\/#primaryimage\"},\"thumbnailUrl\":\"https:\\\/\\\/iacrianca.pt\\\/wp-content\\\/uploads\\\/2021\\\/05\\\/thumbnail_Divulgacao_Lancamento_CSP_Lancamento.jpg\",\"articleSection\":[\"Not\u00edcias\"],\"inLanguage\":\"en-US\"},{\"@type\":\"WebPage\",\"@id\":\"https:\\\/\\\/iacrianca.pt\\\/en\\\/2021\\\/06\\\/lancamento-do-conto-sol-e-o-centro-de-saude-hoje-pelas-14-30-na-usf-descobertas-em-alcantara-com-a-presenca-da-presidente-do-iac-dulce-rocha\\\/\",\"url\":\"https:\\\/\\\/iacrianca.pt\\\/en\\\/2021\\\/06\\\/lancamento-do-conto-sol-e-o-centro-de-saude-hoje-pelas-14-30-na-usf-descobertas-em-alcantara-com-a-presenca-da-presidente-do-iac-dulce-rocha\\\/\",\"name\":\"Lan\u00e7amento do Conto \u201cSol e o Centro de Sa\u00fade\u201d hoje pelas 14.30 na USF Descobertas em Alc\u00e2ntara, com a presen\u00e7a da Presidente do IAC Dulce Rocha | Instituto de Apoio \u00e0 Crian\u00e7a\",\"isPartOf\":{\"@id\":\"https:\\\/\\\/iacrianca.pt\\\/en\\\/#website\"},\"primaryImageOfPage\":{\"@id\":\"https:\\\/\\\/iacrianca.pt\\\/en\\\/2021\\\/06\\\/lancamento-do-conto-sol-e-o-centro-de-saude-hoje-pelas-14-30-na-usf-descobertas-em-alcantara-com-a-presenca-da-presidente-do-iac-dulce-rocha\\\/#primaryimage\"},\"image\":{\"@id\":\"https:\\\/\\\/iacrianca.pt\\\/en\\\/2021\\\/06\\\/lancamento-do-conto-sol-e-o-centro-de-saude-hoje-pelas-14-30-na-usf-descobertas-em-alcantara-com-a-presenca-da-presidente-do-iac-dulce-rocha\\\/#primaryimage\"},\"thumbnailUrl\":\"https:\\\/\\\/iacrianca.pt\\\/wp-content\\\/uploads\\\/2021\\\/05\\\/thumbnail_Divulgacao_Lancamento_CSP_Lancamento.jpg\",\"datePublished\":\"2021-06-01T10:06:37+00:00\",\"dateModified\":\"2021-06-01T10:15:04+00:00\",\"breadcrumb\":{\"@id\":\"https:\\\/\\\/iacrianca.pt\\\/en\\\/2021\\\/06\\\/lancamento-do-conto-sol-e-o-centro-de-saude-hoje-pelas-14-30-na-usf-descobertas-em-alcantara-com-a-presenca-da-presidente-do-iac-dulce-rocha\\\/#breadcrumb\"},\"inLanguage\":\"en-US\",\"potentialAction\":[{\"@type\":\"ReadAction\",\"target\":[\"https:\\\/\\\/iacrianca.pt\\\/en\\\/2021\\\/06\\\/lancamento-do-conto-sol-e-o-centro-de-saude-hoje-pelas-14-30-na-usf-descobertas-em-alcantara-com-a-presenca-da-presidente-do-iac-dulce-rocha\\\/\"]}]},{\"@type\":\"ImageObject\",\"inLanguage\":\"en-US\",\"@id\":\"https:\\\/\\\/iacrianca.pt\\\/en\\\/2021\\\/06\\\/lancamento-do-conto-sol-e-o-centro-de-saude-hoje-pelas-14-30-na-usf-descobertas-em-alcantara-com-a-presenca-da-presidente-do-iac-dulce-rocha\\\/#primaryimage\",\"url\":\"https:\\\/\\\/iacrianca.pt\\\/wp-content\\\/uploads\\\/2021\\\/05\\\/thumbnail_Divulgacao_Lancamento_CSP_Lancamento.jpg\",\"contentUrl\":\"https:\\\/\\\/iacrianca.pt\\\/wp-content\\\/uploads\\\/2021\\\/05\\\/thumbnail_Divulgacao_Lancamento_CSP_Lancamento.jpg\",\"width\":904,\"height\":1280},{\"@type\":\"BreadcrumbList\",\"@id\":\"https:\\\/\\\/iacrianca.pt\\\/en\\\/2021\\\/06\\\/lancamento-do-conto-sol-e-o-centro-de-saude-hoje-pelas-14-30-na-usf-descobertas-em-alcantara-com-a-presenca-da-presidente-do-iac-dulce-rocha\\\/#breadcrumb\",\"itemListElement\":[{\"@type\":\"ListItem\",\"position\":1,\"name\":\"In\u00edcio\",\"item\":\"https:\\\/\\\/iacrianca.pt\\\/en\\\/\"},{\"@type\":\"ListItem\",\"position\":2,\"name\":\"Lan\u00e7amento do Conto \u201cSol e o Centro de Sa\u00fade\u201d hoje pelas 14.30 na USF Descobertas em Alc\u00e2ntara, com a presen\u00e7a da Presidente do IAC Dulce Rocha\"}]},{\"@type\":\"WebSite\",\"@id\":\"https:\\\/\\\/iacrianca.pt\\\/en\\\/#website\",\"url\":\"https:\\\/\\\/iacrianca.pt\\\/en\\\/\",\"name\":\"Instituto de Apoio \u00e0 Crian\u00e7a\",\"description\":\"Desde 1983 na defesa e promo\u00e7\u00e3o dos direitos da crian\u00e7a\",\"publisher\":{\"@id\":\"https:\\\/\\\/iacrianca.pt\\\/en\\\/#organization\"},\"potentialAction\":[{\"@type\":\"SearchAction\",\"target\":{\"@type\":\"EntryPoint\",\"urlTemplate\":\"https:\\\/\\\/iacrianca.pt\\\/en\\\/?s={search_term_string}\"},\"query-input\":{\"@type\":\"PropertyValueSpecification\",\"valueRequired\":true,\"valueName\":\"search_term_string\"}}],\"inLanguage\":\"en-US\"},{\"@type\":\"Organization\",\"@id\":\"https:\\\/\\\/iacrianca.pt\\\/en\\\/#organization\",\"name\":\"Instituto de Apoio \u00e0 Crian\u00e7a\",\"url\":\"https:\\\/\\\/iacrianca.pt\\\/en\\\/\",\"logo\":{\"@type\":\"ImageObject\",\"inLanguage\":\"en-US\",\"@id\":\"https:\\\/\\\/iacrianca.pt\\\/en\\\/#\\\/schema\\\/logo\\\/image\\\/\",\"url\":\"https:\\\/\\\/iacrianca.pt\\\/wp-content\\\/uploads\\\/2020\\\/04\\\/logo-iac-SD.jpg\",\"contentUrl\":\"https:\\\/\\\/iacrianca.pt\\\/wp-content\\\/uploads\\\/2020\\\/04\\\/logo-iac-SD.jpg\",\"width\":152,\"height\":73,\"caption\":\"Instituto de Apoio \u00e0 Crian\u00e7a\"},\"image\":{\"@id\":\"https:\\\/\\\/iacrianca.pt\\\/en\\\/#\\\/schema\\\/logo\\\/image\\\/\"},\"sameAs\":[\"https:\\\/\\\/www.facebook.com\\\/iacinstitutodeapoioacrianca\",\"https:\\\/\\\/x.com\\\/iacapoiocrianca\",\"https:\\\/\\\/www.youtube.com\\\/channel\\\/UC0jjfZ_xkN_59gJf_RQ-ZnQ\",\"https:\\\/\\\/www.linkedin.com\\\/company\\\/instituto-de-apoio--criana\\\/\",\"https:\\\/\\\/www.instagram.com\\\/iacinstitutodeapoioacrianca\\\/\",\"https:\\\/\\\/criancasatortoeadireitos.wordpress.com\\\/\"]},{\"@type\":\"Person\",\"@id\":\"https:\\\/\\\/iacrianca.pt\\\/en\\\/#\\\/schema\\\/person\\\/1c48c6e4b70d0dc7360e4b28ceaa5f6b\",\"name\":\"Administra\u00e7\u00e3o IAC\",\"image\":{\"@type\":\"ImageObject\",\"inLanguage\":\"en-US\",\"@id\":\"https:\\\/\\\/secure.gravatar.com\\\/avatar\\\/60b998c71de37dcc1398fc6d48c6b5ed7533e3ceec837c948055f072e3158ff1?s=96&d=mm&r=g\",\"url\":\"https:\\\/\\\/secure.gravatar.com\\\/avatar\\\/60b998c71de37dcc1398fc6d48c6b5ed7533e3ceec837c948055f072e3158ff1?s=96&d=mm&r=g\",\"contentUrl\":\"https:\\\/\\\/secure.gravatar.com\\\/avatar\\\/60b998c71de37dcc1398fc6d48c6b5ed7533e3ceec837c948055f072e3158ff1?s=96&d=mm&r=g\",\"caption\":\"Administra\u00e7\u00e3o IAC\"}}]}<\/script>\n<!-- \/ Yoast SEO plugin. -->","yoast_head_json":{"title":"Lan\u00e7amento do Conto \u201cSol e o Centro de Sa\u00fade\u201d hoje pelas 14.30 na USF Descobertas em Alc\u00e2ntara, com a presen\u00e7a da Presidente do IAC Dulce Rocha | Instituto de Apoio \u00e0 Crian\u00e7a","robots":{"index":"index","follow":"follow","max-snippet":"max-snippet:-1","max-image-preview":"max-image-preview:large","max-video-preview":"max-video-preview:-1"},"canonical":"https:\/\/iacrianca.pt\/en\/2021\/06\/lancamento-do-conto-sol-e-o-centro-de-saude-hoje-pelas-14-30-na-usf-descobertas-em-alcantara-com-a-presenca-da-presidente-do-iac-dulce-rocha\/","og_locale":"en_US","og_type":"article","og_title":"Lan\u00e7amento do Conto \u201cSol e o Centro de Sa\u00fade\u201d hoje pelas 14.30 na USF Descobertas em Alc\u00e2ntara, com a presen\u00e7a da Presidente do IAC Dulce Rocha | Instituto de Apoio \u00e0 Crian\u00e7a","og_description":"Evento de comemora\u00e7\u00e3o do Dia Mundial da Crian\u00e7a, no dia 1 de junho, pelas 14.30H, nas instala\u00e7\u00f5es da USF Descobertas em Alc\u00e2ntara. Neste evento ser\u00e1 lan\u00e7ado o conto \u201cSol e o centro de sa\u00fade \u2013 uma viagem pelos teus direitos\u201d que foi elaborado pelo Instituto de Apoio \u00e0 Crian\u00e7a em parceria com a Dire\u00e7\u00e3o-Geral da&hellip;","og_url":"https:\/\/iacrianca.pt\/en\/2021\/06\/lancamento-do-conto-sol-e-o-centro-de-saude-hoje-pelas-14-30-na-usf-descobertas-em-alcantara-com-a-presenca-da-presidente-do-iac-dulce-rocha\/","og_site_name":"Instituto de Apoio \u00e0 Crian\u00e7a","article_publisher":"https:\/\/www.facebook.com\/iacinstitutodeapoioacrianca","article_published_time":"2021-06-01T10:06:37+00:00","article_modified_time":"2021-06-01T10:15:04+00:00","og_image":[{"width":904,"height":1280,"url":"https:\/\/iacrianca.pt\/wp-content\/uploads\/2021\/05\/thumbnail_Divulgacao_Lancamento_CSP_Lancamento.jpg","type":"image\/jpeg"}],"author":"Administra\u00e7\u00e3o IAC","twitter_card":"summary_large_image","twitter_creator":"@iacapoiocrianca","twitter_site":"@iacapoiocrianca","twitter_misc":{"Written by":"Administra\u00e7\u00e3o IAC","Est. reading time":"1 minute"},"schema":{"@context":"https:\/\/schema.org","@graph":[{"@type":"Article","@id":"https:\/\/iacrianca.pt\/en\/2021\/06\/lancamento-do-conto-sol-e-o-centro-de-saude-hoje-pelas-14-30-na-usf-descobertas-em-alcantara-com-a-presenca-da-presidente-do-iac-dulce-rocha\/#article","isPartOf":{"@id":"https:\/\/iacrianca.pt\/en\/2021\/06\/lancamento-do-conto-sol-e-o-centro-de-saude-hoje-pelas-14-30-na-usf-descobertas-em-alcantara-com-a-presenca-da-presidente-do-iac-dulce-rocha\/"},"author":{"name":"Administra\u00e7\u00e3o IAC","@id":"https:\/\/iacrianca.pt\/en\/#\/schema\/person\/1c48c6e4b70d0dc7360e4b28ceaa5f6b"},"headline":"Lan\u00e7amento do Conto \u201cSol e o Centro de Sa\u00fade\u201d hoje pelas 14.30 na USF Descobertas em Alc\u00e2ntara, com a presen\u00e7a da Presidente do IAC Dulce Rocha","datePublished":"2021-06-01T10:06:37+00:00","dateModified":"2021-06-01T10:15:04+00:00","mainEntityOfPage":{"@id":"https:\/\/iacrianca.pt\/en\/2021\/06\/lancamento-do-conto-sol-e-o-centro-de-saude-hoje-pelas-14-30-na-usf-descobertas-em-alcantara-com-a-presenca-da-presidente-do-iac-dulce-rocha\/"},"wordCount":190,"publisher":{"@id":"https:\/\/iacrianca.pt\/en\/#organization"},"image":{"@id":"https:\/\/iacrianca.pt\/en\/2021\/06\/lancamento-do-conto-sol-e-o-centro-de-saude-hoje-pelas-14-30-na-usf-descobertas-em-alcantara-com-a-presenca-da-presidente-do-iac-dulce-rocha\/#primaryimage"},"thumbnailUrl":"https:\/\/iacrianca.pt\/wp-content\/uploads\/2021\/05\/thumbnail_Divulgacao_Lancamento_CSP_Lancamento.jpg","articleSection":["Not\u00edcias"],"inLanguage":"en-US"},{"@type":"WebPage","@id":"https:\/\/iacrianca.pt\/en\/2021\/06\/lancamento-do-conto-sol-e-o-centro-de-saude-hoje-pelas-14-30-na-usf-descobertas-em-alcantara-com-a-presenca-da-presidente-do-iac-dulce-rocha\/","url":"https:\/\/iacrianca.pt\/en\/2021\/06\/lancamento-do-conto-sol-e-o-centro-de-saude-hoje-pelas-14-30-na-usf-descobertas-em-alcantara-com-a-presenca-da-presidente-do-iac-dulce-rocha\/","name":"Lan\u00e7amento do Conto \u201cSol e o Centro de Sa\u00fade\u201d hoje pelas 14.30 na USF Descobertas em Alc\u00e2ntara, com a presen\u00e7a da Presidente do IAC Dulce Rocha | Instituto de Apoio \u00e0 Crian\u00e7a","isPartOf":{"@id":"https:\/\/iacrianca.pt\/en\/#website"},"primaryImageOfPage":{"@id":"https:\/\/iacrianca.pt\/en\/2021\/06\/lancamento-do-conto-sol-e-o-centro-de-saude-hoje-pelas-14-30-na-usf-descobertas-em-alcantara-com-a-presenca-da-presidente-do-iac-dulce-rocha\/#primaryimage"},"image":{"@id":"https:\/\/iacrianca.pt\/en\/2021\/06\/lancamento-do-conto-sol-e-o-centro-de-saude-hoje-pelas-14-30-na-usf-descobertas-em-alcantara-com-a-presenca-da-presidente-do-iac-dulce-rocha\/#primaryimage"},"thumbnailUrl":"https:\/\/iacrianca.pt\/wp-content\/uploads\/2021\/05\/thumbnail_Divulgacao_Lancamento_CSP_Lancamento.jpg","datePublished":"2021-06-01T10:06:37+00:00","dateModified":"2021-06-01T10:15:04+00:00","breadcrumb":{"@id":"https:\/\/iacrianca.pt\/en\/2021\/06\/lancamento-do-conto-sol-e-o-centro-de-saude-hoje-pelas-14-30-na-usf-descobertas-em-alcantara-com-a-presenca-da-presidente-do-iac-dulce-rocha\/#breadcrumb"},"inLanguage":"en-US","potentialAction":[{"@type":"ReadAction","target":["https:\/\/iacrianca.pt\/en\/2021\/06\/lancamento-do-conto-sol-e-o-centro-de-saude-hoje-pelas-14-30-na-usf-descobertas-em-alcantara-com-a-presenca-da-presidente-do-iac-dulce-rocha\/"]}]},{"@type":"ImageObject","inLanguage":"en-US","@id":"https:\/\/iacrianca.pt\/en\/2021\/06\/lancamento-do-conto-sol-e-o-centro-de-saude-hoje-pelas-14-30-na-usf-descobertas-em-alcantara-com-a-presenca-da-presidente-do-iac-dulce-rocha\/#primaryimage","url":"https:\/\/iacrianca.pt\/wp-content\/uploads\/2021\/05\/thumbnail_Divulgacao_Lancamento_CSP_Lancamento.jpg","contentUrl":"https:\/\/iacrianca.pt\/wp-content\/uploads\/2021\/05\/thumbnail_Divulgacao_Lancamento_CSP_Lancamento.jpg","width":904,"height":1280},{"@type":"BreadcrumbList","@id":"https:\/\/iacrianca.pt\/en\/2021\/06\/lancamento-do-conto-sol-e-o-centro-de-saude-hoje-pelas-14-30-na-usf-descobertas-em-alcantara-com-a-presenca-da-presidente-do-iac-dulce-rocha\/#breadcrumb","itemListElement":[{"@type":"ListItem","position":1,"name":"In\u00edcio","item":"https:\/\/iacrianca.pt\/en\/"},{"@type":"ListItem","position":2,"name":"Lan\u00e7amento do Conto \u201cSol e o Centro de Sa\u00fade\u201d hoje pelas 14.30 na USF Descobertas em Alc\u00e2ntara, com a presen\u00e7a da Presidente do IAC Dulce Rocha"}]},{"@type":"WebSite","@id":"https:\/\/iacrianca.pt\/en\/#website","url":"https:\/\/iacrianca.pt\/en\/","name":"Instituto de Apoio \u00e0 Crian\u00e7a","description":"Desde 1983 na defesa e promo\u00e7\u00e3o dos direitos da crian\u00e7a","publisher":{"@id":"https:\/\/iacrianca.pt\/en\/#organization"},"potentialAction":[{"@type":"SearchAction","target":{"@type":"EntryPoint","urlTemplate":"https:\/\/iacrianca.pt\/en\/?s={search_term_string}"},"query-input":{"@type":"PropertyValueSpecification","valueRequired":true,"valueName":"search_term_string"}}],"inLanguage":"en-US"},{"@type":"Organization","@id":"https:\/\/iacrianca.pt\/en\/#organization","name":"Instituto de Apoio \u00e0 Crian\u00e7a","url":"https:\/\/iacrianca.pt\/en\/","logo":{"@type":"ImageObject","inLanguage":"en-US","@id":"https:\/\/iacrianca.pt\/en\/#\/schema\/logo\/image\/","url":"https:\/\/iacrianca.pt\/wp-content\/uploads\/2020\/04\/logo-iac-SD.jpg","contentUrl":"https:\/\/iacrianca.pt\/wp-content\/uploads\/2020\/04\/logo-iac-SD.jpg","width":152,"height":73,"caption":"Instituto de Apoio \u00e0 Crian\u00e7a"},"image":{"@id":"https:\/\/iacrianca.pt\/en\/#\/schema\/logo\/image\/"},"sameAs":["https:\/\/www.facebook.com\/iacinstitutodeapoioacrianca","https:\/\/x.com\/iacapoiocrianca","https:\/\/www.youtube.com\/channel\/UC0jjfZ_xkN_59gJf_RQ-ZnQ","https:\/\/www.linkedin.com\/company\/instituto-de-apoio--criana\/","https:\/\/www.instagram.com\/iacinstitutodeapoioacrianca\/","https:\/\/criancasatortoeadireitos.wordpress.com\/"]},{"@type":"Person","@id":"https:\/\/iacrianca.pt\/en\/#\/schema\/person\/1c48c6e4b70d0dc7360e4b28ceaa5f6b","name":"Administra\u00e7\u00e3o IAC","image":{"@type":"ImageObject","inLanguage":"en-US","@id":"https:\/\/secure.gravatar.com\/avatar\/60b998c71de37dcc1398fc6d48c6b5ed7533e3ceec837c948055f072e3158ff1?s=96&d=mm&r=g","url":"https:\/\/secure.gravatar.com\/avatar\/60b998c71de37dcc1398fc6d48c6b5ed7533e3ceec837c948055f072e3158ff1?s=96&d=mm&r=g","contentUrl":"https:\/\/secure.gravatar.com\/avatar\/60b998c71de37dcc1398fc6d48c6b5ed7533e3ceec837c948055f072e3158ff1?s=96&d=mm&r=g","caption":"Administra\u00e7\u00e3o IAC"}}]}},"_links":{"self":[{"href":"https:\/\/iacrianca.pt\/en\/wp-json\/wp\/v2\/posts\/7867","targetHints":{"allow":["GET"]}}],"collection":[{"href":"https:\/\/iacrianca.pt\/en\/wp-json\/wp\/v2\/posts"}],"about":[{"href":"https:\/\/iacrianca.pt\/en\/wp-json\/wp\/v2\/types\/post"}],"author":[{"embeddable":true,"href":"https:\/\/iacrianca.pt\/en\/wp-json\/wp\/v2\/users\/2"}],"replies":[{"embeddable":true,"href":"https:\/\/iacrianca.pt\/en\/wp-json\/wp\/v2\/comments?post=7867"}],"version-history":[{"count":0,"href":"https:\/\/iacrianca.pt\/en\/wp-json\/wp\/v2\/posts\/7867\/revisions"}],"wp:featuredmedia":[{"embeddable":true,"href":"https:\/\/iacrianca.pt\/en\/wp-json\/wp\/v2\/media\/7866"}],"wp:attachment":[{"href":"https:\/\/iacrianca.pt\/en\/wp-json\/wp\/v2\/media?parent=7867"}],"wp:term":[{"taxonomy":"category","embeddable":true,"href":"https:\/\/iacrianca.pt\/en\/wp-json\/wp\/v2\/categories?post=7867"},{"taxonomy":"post_tag","embeddable":true,"href":"https:\/\/iacrianca.pt\/en\/wp-json\/wp\/v2\/tags?post=7867"}],"curies":[{"name":"wp","href":"https:\/\/api.w.org\/{rel}","templated":true}]}}