{"id":7877,"date":"2021-06-02T08:00:02","date_gmt":"2021-06-02T08:00:02","guid":{"rendered":"https:\/\/iacrianca.pt\/?p=7877"},"modified":"2021-06-01T14:27:59","modified_gmt":"2021-06-01T14:27:59","slug":"cerimonia-de-entrega-do-premio-os-direitos-da-crianca-em-noticia-7-junho-15-00-em-lisboa","status":"publish","type":"post","link":"https:\/\/iacrianca.pt\/en\/2021\/06\/cerimonia-de-entrega-do-premio-os-direitos-da-crianca-em-noticia-7-junho-15-00-em-lisboa\/","title":{"rendered":"Cerim\u00f3nia de entrega do pr\u00e9mio &#8220;Os Direitos da Crian\u00e7a em Not\u00edcia&#8221; 7 junho, 15.00 em Lisboa"},"content":{"rendered":"<p><img fetchpriority=\"high\" decoding=\"async\" class=\"alignnone size-medium wp-image-7878\" src=\"https:\/\/iacrianca.pt\/wp-content\/uploads\/2021\/06\/premio-300x285.jpg\" alt=\"\" width=\"300\" height=\"285\" srcset=\"https:\/\/iacrianca.pt\/wp-content\/uploads\/2021\/06\/premio-300x285.jpg 300w, https:\/\/iacrianca.pt\/wp-content\/uploads\/2021\/06\/premio-1024x973.jpg 1024w, https:\/\/iacrianca.pt\/wp-content\/uploads\/2021\/06\/premio-768x729.jpg 768w, https:\/\/iacrianca.pt\/wp-content\/uploads\/2021\/06\/premio.jpg 1136w\" sizes=\"(max-width: 300px) 100vw, 300px\" \/><\/p>\n<p><strong>Solicita-se confirma\u00e7\u00e3o de presen\u00e7a\u00a0at\u00e9 dia 4 de junho\u00a0para:\u00a0<a href=\"mailto:CNPDPCJ.noticias@cnpdpcj.pt\" target=\"_blank\" rel=\"noreferrer noopener\">CNPDPCJ.noticias@cnpdpcj.pt<\/a><\/strong><\/p>\n<p>&nbsp;<\/p>\n<p>&nbsp;<\/p>\n","protected":false},"excerpt":{"rendered":"<p>Solicita-se confirma\u00e7\u00e3o de presen\u00e7a\u00a0at\u00e9 dia 4 de junho\u00a0para:\u00a0CNPDPCJ.noticias@cnpdpcj.pt &nbsp; &nbsp;<\/p>\n","protected":false},"author":2,"featured_media":7878,"comment_status":"closed","ping_status":"open","sticky":false,"template":"","format":"standard","meta":{"_acf_changed":false,"footnotes":""},"categories":[1],"tags":[],"class_list":["post-7877","post","type-post","status-publish","format-standard","has-post-thumbnail","hentry","category-noticias","category-1","description-off"],"acf":[],"yoast_head":"<!-- This site is optimized with the Yoast SEO plugin v27.5 - https:\/\/yoast.com\/product\/yoast-seo-wordpress\/ -->\n<title>Cerim\u00f3nia de entrega do pr\u00e9mio &quot;Os Direitos da Crian\u00e7a em Not\u00edcia&quot; 7 junho, 15.00 em Lisboa | Instituto de Apoio \u00e0 Crian\u00e7a<\/title>\n<meta name=\"robots\" content=\"index, follow, max-snippet:-1, max-image-preview:large, max-video-preview:-1\" \/>\n<link rel=\"canonical\" href=\"https:\/\/iacrianca.pt\/en\/2021\/06\/cerimonia-de-entrega-do-premio-os-direitos-da-crianca-em-noticia-7-junho-15-00-em-lisboa\/\" \/>\n<meta property=\"og:locale\" content=\"en_US\" \/>\n<meta property=\"og:type\" content=\"article\" \/>\n<meta property=\"og:title\" content=\"Cerim\u00f3nia de entrega do pr\u00e9mio &quot;Os Direitos da Crian\u00e7a em Not\u00edcia&quot; 7 junho, 15.00 em Lisboa | Instituto de Apoio \u00e0 Crian\u00e7a\" \/>\n<meta property=\"og:description\" content=\"Solicita-se confirma\u00e7\u00e3o de presen\u00e7a\u00a0at\u00e9 dia 4 de junho\u00a0para:\u00a0CNPDPCJ.noticias@cnpdpcj.pt &nbsp; &nbsp;\" \/>\n<meta property=\"og:url\" content=\"https:\/\/iacrianca.pt\/en\/2021\/06\/cerimonia-de-entrega-do-premio-os-direitos-da-crianca-em-noticia-7-junho-15-00-em-lisboa\/\" \/>\n<meta property=\"og:site_name\" content=\"Instituto de Apoio \u00e0 Crian\u00e7a\" \/>\n<meta property=\"article:publisher\" content=\"https:\/\/www.facebook.com\/iacinstitutodeapoioacrianca\" \/>\n<meta property=\"article:published_time\" content=\"2021-06-02T08:00:02+00:00\" \/>\n<meta property=\"og:image\" content=\"https:\/\/iacrianca.pt\/wp-content\/uploads\/2021\/06\/premio.jpg\" \/>\n\t<meta property=\"og:image:width\" content=\"1136\" \/>\n\t<meta property=\"og:image:height\" content=\"1079\" \/>\n\t<meta property=\"og:image:type\" content=\"image\/jpeg\" \/>\n<meta name=\"author\" content=\"Administra\u00e7\u00e3o IAC\" \/>\n<meta name=\"twitter:card\" content=\"summary_large_image\" \/>\n<meta name=\"twitter:creator\" content=\"@iacapoiocrianca\" \/>\n<meta name=\"twitter:site\" content=\"@iacapoiocrianca\" \/>\n<meta name=\"twitter:label1\" content=\"Written by\" \/>\n\t<meta name=\"twitter:data1\" content=\"Administra\u00e7\u00e3o IAC\" \/>\n<script type=\"application\/ld+json\" class=\"yoast-schema-graph\">{\"@context\":\"https:\\\/\\\/schema.org\",\"@graph\":[{\"@type\":\"Article\",\"@id\":\"https:\\\/\\\/iacrianca.pt\\\/en\\\/2021\\\/06\\\/cerimonia-de-entrega-do-premio-os-direitos-da-crianca-em-noticia-7-junho-15-00-em-lisboa\\\/#article\",\"isPartOf\":{\"@id\":\"https:\\\/\\\/iacrianca.pt\\\/en\\\/2021\\\/06\\\/cerimonia-de-entrega-do-premio-os-direitos-da-crianca-em-noticia-7-junho-15-00-em-lisboa\\\/\"},\"author\":{\"name\":\"Administra\u00e7\u00e3o IAC\",\"@id\":\"https:\\\/\\\/iacrianca.pt\\\/en\\\/#\\\/schema\\\/person\\\/1c48c6e4b70d0dc7360e4b28ceaa5f6b\"},\"headline\":\"Cerim\u00f3nia de entrega do pr\u00e9mio &#8220;Os Direitos da Crian\u00e7a em Not\u00edcia&#8221; 7 junho, 15.00 em Lisboa\",\"datePublished\":\"2021-06-02T08:00:02+00:00\",\"mainEntityOfPage\":{\"@id\":\"https:\\\/\\\/iacrianca.pt\\\/en\\\/2021\\\/06\\\/cerimonia-de-entrega-do-premio-os-direitos-da-crianca-em-noticia-7-junho-15-00-em-lisboa\\\/\"},\"wordCount\":35,\"publisher\":{\"@id\":\"https:\\\/\\\/iacrianca.pt\\\/en\\\/#organization\"},\"image\":{\"@id\":\"https:\\\/\\\/iacrianca.pt\\\/en\\\/2021\\\/06\\\/cerimonia-de-entrega-do-premio-os-direitos-da-crianca-em-noticia-7-junho-15-00-em-lisboa\\\/#primaryimage\"},\"thumbnailUrl\":\"https:\\\/\\\/iacrianca.pt\\\/wp-content\\\/uploads\\\/2021\\\/06\\\/premio.jpg\",\"articleSection\":[\"Not\u00edcias\"],\"inLanguage\":\"en-US\"},{\"@type\":\"WebPage\",\"@id\":\"https:\\\/\\\/iacrianca.pt\\\/en\\\/2021\\\/06\\\/cerimonia-de-entrega-do-premio-os-direitos-da-crianca-em-noticia-7-junho-15-00-em-lisboa\\\/\",\"url\":\"https:\\\/\\\/iacrianca.pt\\\/en\\\/2021\\\/06\\\/cerimonia-de-entrega-do-premio-os-direitos-da-crianca-em-noticia-7-junho-15-00-em-lisboa\\\/\",\"name\":\"Cerim\u00f3nia de entrega do pr\u00e9mio \\\"Os Direitos da Crian\u00e7a em Not\u00edcia\\\" 7 junho, 15.00 em Lisboa | Instituto de Apoio \u00e0 Crian\u00e7a\",\"isPartOf\":{\"@id\":\"https:\\\/\\\/iacrianca.pt\\\/en\\\/#website\"},\"primaryImageOfPage\":{\"@id\":\"https:\\\/\\\/iacrianca.pt\\\/en\\\/2021\\\/06\\\/cerimonia-de-entrega-do-premio-os-direitos-da-crianca-em-noticia-7-junho-15-00-em-lisboa\\\/#primaryimage\"},\"image\":{\"@id\":\"https:\\\/\\\/iacrianca.pt\\\/en\\\/2021\\\/06\\\/cerimonia-de-entrega-do-premio-os-direitos-da-crianca-em-noticia-7-junho-15-00-em-lisboa\\\/#primaryimage\"},\"thumbnailUrl\":\"https:\\\/\\\/iacrianca.pt\\\/wp-content\\\/uploads\\\/2021\\\/06\\\/premio.jpg\",\"datePublished\":\"2021-06-02T08:00:02+00:00\",\"breadcrumb\":{\"@id\":\"https:\\\/\\\/iacrianca.pt\\\/en\\\/2021\\\/06\\\/cerimonia-de-entrega-do-premio-os-direitos-da-crianca-em-noticia-7-junho-15-00-em-lisboa\\\/#breadcrumb\"},\"inLanguage\":\"en-US\",\"potentialAction\":[{\"@type\":\"ReadAction\",\"target\":[\"https:\\\/\\\/iacrianca.pt\\\/en\\\/2021\\\/06\\\/cerimonia-de-entrega-do-premio-os-direitos-da-crianca-em-noticia-7-junho-15-00-em-lisboa\\\/\"]}]},{\"@type\":\"ImageObject\",\"inLanguage\":\"en-US\",\"@id\":\"https:\\\/\\\/iacrianca.pt\\\/en\\\/2021\\\/06\\\/cerimonia-de-entrega-do-premio-os-direitos-da-crianca-em-noticia-7-junho-15-00-em-lisboa\\\/#primaryimage\",\"url\":\"https:\\\/\\\/iacrianca.pt\\\/wp-content\\\/uploads\\\/2021\\\/06\\\/premio.jpg\",\"contentUrl\":\"https:\\\/\\\/iacrianca.pt\\\/wp-content\\\/uploads\\\/2021\\\/06\\\/premio.jpg\",\"width\":1136,\"height\":1079},{\"@type\":\"BreadcrumbList\",\"@id\":\"https:\\\/\\\/iacrianca.pt\\\/en\\\/2021\\\/06\\\/cerimonia-de-entrega-do-premio-os-direitos-da-crianca-em-noticia-7-junho-15-00-em-lisboa\\\/#breadcrumb\",\"itemListElement\":[{\"@type\":\"ListItem\",\"position\":1,\"name\":\"In\u00edcio\",\"item\":\"https:\\\/\\\/iacrianca.pt\\\/en\\\/\"},{\"@type\":\"ListItem\",\"position\":2,\"name\":\"Cerim\u00f3nia de entrega do pr\u00e9mio &#8220;Os Direitos da Crian\u00e7a em Not\u00edcia&#8221; 7 junho, 15.00 em Lisboa\"}]},{\"@type\":\"WebSite\",\"@id\":\"https:\\\/\\\/iacrianca.pt\\\/en\\\/#website\",\"url\":\"https:\\\/\\\/iacrianca.pt\\\/en\\\/\",\"name\":\"Instituto de Apoio \u00e0 Crian\u00e7a\",\"description\":\"Desde 1983 na defesa e promo\u00e7\u00e3o dos direitos da crian\u00e7a\",\"publisher\":{\"@id\":\"https:\\\/\\\/iacrianca.pt\\\/en\\\/#organization\"},\"potentialAction\":[{\"@type\":\"SearchAction\",\"target\":{\"@type\":\"EntryPoint\",\"urlTemplate\":\"https:\\\/\\\/iacrianca.pt\\\/en\\\/?s={search_term_string}\"},\"query-input\":{\"@type\":\"PropertyValueSpecification\",\"valueRequired\":true,\"valueName\":\"search_term_string\"}}],\"inLanguage\":\"en-US\"},{\"@type\":\"Organization\",\"@id\":\"https:\\\/\\\/iacrianca.pt\\\/en\\\/#organization\",\"name\":\"Instituto de Apoio \u00e0 Crian\u00e7a\",\"url\":\"https:\\\/\\\/iacrianca.pt\\\/en\\\/\",\"logo\":{\"@type\":\"ImageObject\",\"inLanguage\":\"en-US\",\"@id\":\"https:\\\/\\\/iacrianca.pt\\\/en\\\/#\\\/schema\\\/logo\\\/image\\\/\",\"url\":\"https:\\\/\\\/iacrianca.pt\\\/wp-content\\\/uploads\\\/2020\\\/04\\\/logo-iac-SD.jpg\",\"contentUrl\":\"https:\\\/\\\/iacrianca.pt\\\/wp-content\\\/uploads\\\/2020\\\/04\\\/logo-iac-SD.jpg\",\"width\":152,\"height\":73,\"caption\":\"Instituto de Apoio \u00e0 Crian\u00e7a\"},\"image\":{\"@id\":\"https:\\\/\\\/iacrianca.pt\\\/en\\\/#\\\/schema\\\/logo\\\/image\\\/\"},\"sameAs\":[\"https:\\\/\\\/www.facebook.com\\\/iacinstitutodeapoioacrianca\",\"https:\\\/\\\/x.com\\\/iacapoiocrianca\",\"https:\\\/\\\/www.youtube.com\\\/channel\\\/UC0jjfZ_xkN_59gJf_RQ-ZnQ\",\"https:\\\/\\\/www.linkedin.com\\\/company\\\/instituto-de-apoio--criana\\\/\",\"https:\\\/\\\/www.instagram.com\\\/iacinstitutodeapoioacrianca\\\/\",\"https:\\\/\\\/criancasatortoeadireitos.wordpress.com\\\/\"]},{\"@type\":\"Person\",\"@id\":\"https:\\\/\\\/iacrianca.pt\\\/en\\\/#\\\/schema\\\/person\\\/1c48c6e4b70d0dc7360e4b28ceaa5f6b\",\"name\":\"Administra\u00e7\u00e3o IAC\",\"image\":{\"@type\":\"ImageObject\",\"inLanguage\":\"en-US\",\"@id\":\"https:\\\/\\\/secure.gravatar.com\\\/avatar\\\/60b998c71de37dcc1398fc6d48c6b5ed7533e3ceec837c948055f072e3158ff1?s=96&d=mm&r=g\",\"url\":\"https:\\\/\\\/secure.gravatar.com\\\/avatar\\\/60b998c71de37dcc1398fc6d48c6b5ed7533e3ceec837c948055f072e3158ff1?s=96&d=mm&r=g\",\"contentUrl\":\"https:\\\/\\\/secure.gravatar.com\\\/avatar\\\/60b998c71de37dcc1398fc6d48c6b5ed7533e3ceec837c948055f072e3158ff1?s=96&d=mm&r=g\",\"caption\":\"Administra\u00e7\u00e3o IAC\"}}]}<\/script>\n<!-- \/ Yoast SEO plugin. -->","yoast_head_json":{"title":"Cerim\u00f3nia de entrega do pr\u00e9mio \"Os Direitos da Crian\u00e7a em Not\u00edcia\" 7 junho, 15.00 em Lisboa | Instituto de Apoio \u00e0 Crian\u00e7a","robots":{"index":"index","follow":"follow","max-snippet":"max-snippet:-1","max-image-preview":"max-image-preview:large","max-video-preview":"max-video-preview:-1"},"canonical":"https:\/\/iacrianca.pt\/en\/2021\/06\/cerimonia-de-entrega-do-premio-os-direitos-da-crianca-em-noticia-7-junho-15-00-em-lisboa\/","og_locale":"en_US","og_type":"article","og_title":"Cerim\u00f3nia de entrega do pr\u00e9mio \"Os Direitos da Crian\u00e7a em Not\u00edcia\" 7 junho, 15.00 em Lisboa | Instituto de Apoio \u00e0 Crian\u00e7a","og_description":"Solicita-se confirma\u00e7\u00e3o de presen\u00e7a\u00a0at\u00e9 dia 4 de junho\u00a0para:\u00a0CNPDPCJ.noticias@cnpdpcj.pt &nbsp; &nbsp;","og_url":"https:\/\/iacrianca.pt\/en\/2021\/06\/cerimonia-de-entrega-do-premio-os-direitos-da-crianca-em-noticia-7-junho-15-00-em-lisboa\/","og_site_name":"Instituto de Apoio \u00e0 Crian\u00e7a","article_publisher":"https:\/\/www.facebook.com\/iacinstitutodeapoioacrianca","article_published_time":"2021-06-02T08:00:02+00:00","og_image":[{"width":1136,"height":1079,"url":"https:\/\/iacrianca.pt\/wp-content\/uploads\/2021\/06\/premio.jpg","type":"image\/jpeg"}],"author":"Administra\u00e7\u00e3o IAC","twitter_card":"summary_large_image","twitter_creator":"@iacapoiocrianca","twitter_site":"@iacapoiocrianca","twitter_misc":{"Written by":"Administra\u00e7\u00e3o IAC"},"schema":{"@context":"https:\/\/schema.org","@graph":[{"@type":"Article","@id":"https:\/\/iacrianca.pt\/en\/2021\/06\/cerimonia-de-entrega-do-premio-os-direitos-da-crianca-em-noticia-7-junho-15-00-em-lisboa\/#article","isPartOf":{"@id":"https:\/\/iacrianca.pt\/en\/2021\/06\/cerimonia-de-entrega-do-premio-os-direitos-da-crianca-em-noticia-7-junho-15-00-em-lisboa\/"},"author":{"name":"Administra\u00e7\u00e3o IAC","@id":"https:\/\/iacrianca.pt\/en\/#\/schema\/person\/1c48c6e4b70d0dc7360e4b28ceaa5f6b"},"headline":"Cerim\u00f3nia de entrega do pr\u00e9mio &#8220;Os Direitos da Crian\u00e7a em Not\u00edcia&#8221; 7 junho, 15.00 em Lisboa","datePublished":"2021-06-02T08:00:02+00:00","mainEntityOfPage":{"@id":"https:\/\/iacrianca.pt\/en\/2021\/06\/cerimonia-de-entrega-do-premio-os-direitos-da-crianca-em-noticia-7-junho-15-00-em-lisboa\/"},"wordCount":35,"publisher":{"@id":"https:\/\/iacrianca.pt\/en\/#organization"},"image":{"@id":"https:\/\/iacrianca.pt\/en\/2021\/06\/cerimonia-de-entrega-do-premio-os-direitos-da-crianca-em-noticia-7-junho-15-00-em-lisboa\/#primaryimage"},"thumbnailUrl":"https:\/\/iacrianca.pt\/wp-content\/uploads\/2021\/06\/premio.jpg","articleSection":["Not\u00edcias"],"inLanguage":"en-US"},{"@type":"WebPage","@id":"https:\/\/iacrianca.pt\/en\/2021\/06\/cerimonia-de-entrega-do-premio-os-direitos-da-crianca-em-noticia-7-junho-15-00-em-lisboa\/","url":"https:\/\/iacrianca.pt\/en\/2021\/06\/cerimonia-de-entrega-do-premio-os-direitos-da-crianca-em-noticia-7-junho-15-00-em-lisboa\/","name":"Cerim\u00f3nia de entrega do pr\u00e9mio \"Os Direitos da Crian\u00e7a em Not\u00edcia\" 7 junho, 15.00 em Lisboa | Instituto de Apoio \u00e0 Crian\u00e7a","isPartOf":{"@id":"https:\/\/iacrianca.pt\/en\/#website"},"primaryImageOfPage":{"@id":"https:\/\/iacrianca.pt\/en\/2021\/06\/cerimonia-de-entrega-do-premio-os-direitos-da-crianca-em-noticia-7-junho-15-00-em-lisboa\/#primaryimage"},"image":{"@id":"https:\/\/iacrianca.pt\/en\/2021\/06\/cerimonia-de-entrega-do-premio-os-direitos-da-crianca-em-noticia-7-junho-15-00-em-lisboa\/#primaryimage"},"thumbnailUrl":"https:\/\/iacrianca.pt\/wp-content\/uploads\/2021\/06\/premio.jpg","datePublished":"2021-06-02T08:00:02+00:00","breadcrumb":{"@id":"https:\/\/iacrianca.pt\/en\/2021\/06\/cerimonia-de-entrega-do-premio-os-direitos-da-crianca-em-noticia-7-junho-15-00-em-lisboa\/#breadcrumb"},"inLanguage":"en-US","potentialAction":[{"@type":"ReadAction","target":["https:\/\/iacrianca.pt\/en\/2021\/06\/cerimonia-de-entrega-do-premio-os-direitos-da-crianca-em-noticia-7-junho-15-00-em-lisboa\/"]}]},{"@type":"ImageObject","inLanguage":"en-US","@id":"https:\/\/iacrianca.pt\/en\/2021\/06\/cerimonia-de-entrega-do-premio-os-direitos-da-crianca-em-noticia-7-junho-15-00-em-lisboa\/#primaryimage","url":"https:\/\/iacrianca.pt\/wp-content\/uploads\/2021\/06\/premio.jpg","contentUrl":"https:\/\/iacrianca.pt\/wp-content\/uploads\/2021\/06\/premio.jpg","width":1136,"height":1079},{"@type":"BreadcrumbList","@id":"https:\/\/iacrianca.pt\/en\/2021\/06\/cerimonia-de-entrega-do-premio-os-direitos-da-crianca-em-noticia-7-junho-15-00-em-lisboa\/#breadcrumb","itemListElement":[{"@type":"ListItem","position":1,"name":"In\u00edcio","item":"https:\/\/iacrianca.pt\/en\/"},{"@type":"ListItem","position":2,"name":"Cerim\u00f3nia de entrega do pr\u00e9mio &#8220;Os Direitos da Crian\u00e7a em Not\u00edcia&#8221; 7 junho, 15.00 em Lisboa"}]},{"@type":"WebSite","@id":"https:\/\/iacrianca.pt\/en\/#website","url":"https:\/\/iacrianca.pt\/en\/","name":"Instituto de Apoio \u00e0 Crian\u00e7a","description":"Desde 1983 na defesa e promo\u00e7\u00e3o dos direitos da crian\u00e7a","publisher":{"@id":"https:\/\/iacrianca.pt\/en\/#organization"},"potentialAction":[{"@type":"SearchAction","target":{"@type":"EntryPoint","urlTemplate":"https:\/\/iacrianca.pt\/en\/?s={search_term_string}"},"query-input":{"@type":"PropertyValueSpecification","valueRequired":true,"valueName":"search_term_string"}}],"inLanguage":"en-US"},{"@type":"Organization","@id":"https:\/\/iacrianca.pt\/en\/#organization","name":"Instituto de Apoio \u00e0 Crian\u00e7a","url":"https:\/\/iacrianca.pt\/en\/","logo":{"@type":"ImageObject","inLanguage":"en-US","@id":"https:\/\/iacrianca.pt\/en\/#\/schema\/logo\/image\/","url":"https:\/\/iacrianca.pt\/wp-content\/uploads\/2020\/04\/logo-iac-SD.jpg","contentUrl":"https:\/\/iacrianca.pt\/wp-content\/uploads\/2020\/04\/logo-iac-SD.jpg","width":152,"height":73,"caption":"Instituto de Apoio \u00e0 Crian\u00e7a"},"image":{"@id":"https:\/\/iacrianca.pt\/en\/#\/schema\/logo\/image\/"},"sameAs":["https:\/\/www.facebook.com\/iacinstitutodeapoioacrianca","https:\/\/x.com\/iacapoiocrianca","https:\/\/www.youtube.com\/channel\/UC0jjfZ_xkN_59gJf_RQ-ZnQ","https:\/\/www.linkedin.com\/company\/instituto-de-apoio--criana\/","https:\/\/www.instagram.com\/iacinstitutodeapoioacrianca\/","https:\/\/criancasatortoeadireitos.wordpress.com\/"]},{"@type":"Person","@id":"https:\/\/iacrianca.pt\/en\/#\/schema\/person\/1c48c6e4b70d0dc7360e4b28ceaa5f6b","name":"Administra\u00e7\u00e3o IAC","image":{"@type":"ImageObject","inLanguage":"en-US","@id":"https:\/\/secure.gravatar.com\/avatar\/60b998c71de37dcc1398fc6d48c6b5ed7533e3ceec837c948055f072e3158ff1?s=96&d=mm&r=g","url":"https:\/\/secure.gravatar.com\/avatar\/60b998c71de37dcc1398fc6d48c6b5ed7533e3ceec837c948055f072e3158ff1?s=96&d=mm&r=g","contentUrl":"https:\/\/secure.gravatar.com\/avatar\/60b998c71de37dcc1398fc6d48c6b5ed7533e3ceec837c948055f072e3158ff1?s=96&d=mm&r=g","caption":"Administra\u00e7\u00e3o IAC"}}]}},"_links":{"self":[{"href":"https:\/\/iacrianca.pt\/en\/wp-json\/wp\/v2\/posts\/7877","targetHints":{"allow":["GET"]}}],"collection":[{"href":"https:\/\/iacrianca.pt\/en\/wp-json\/wp\/v2\/posts"}],"about":[{"href":"https:\/\/iacrianca.pt\/en\/wp-json\/wp\/v2\/types\/post"}],"author":[{"embeddable":true,"href":"https:\/\/iacrianca.pt\/en\/wp-json\/wp\/v2\/users\/2"}],"replies":[{"embeddable":true,"href":"https:\/\/iacrianca.pt\/en\/wp-json\/wp\/v2\/comments?post=7877"}],"version-history":[{"count":0,"href":"https:\/\/iacrianca.pt\/en\/wp-json\/wp\/v2\/posts\/7877\/revisions"}],"wp:featuredmedia":[{"embeddable":true,"href":"https:\/\/iacrianca.pt\/en\/wp-json\/wp\/v2\/media\/7878"}],"wp:attachment":[{"href":"https:\/\/iacrianca.pt\/en\/wp-json\/wp\/v2\/media?parent=7877"}],"wp:term":[{"taxonomy":"category","embeddable":true,"href":"https:\/\/iacrianca.pt\/en\/wp-json\/wp\/v2\/categories?post=7877"},{"taxonomy":"post_tag","embeddable":true,"href":"https:\/\/iacrianca.pt\/en\/wp-json\/wp\/v2\/tags?post=7877"}],"curies":[{"name":"wp","href":"https:\/\/api.w.org\/{rel}","templated":true}]}}