{"id":7911,"date":"2021-06-07T11:00:15","date_gmt":"2021-06-07T11:00:15","guid":{"rendered":"https:\/\/iacrianca.pt\/?p=7911"},"modified":"2021-06-15T08:26:28","modified_gmt":"2021-06-15T08:26:28","slug":"webinar-gestao-de-conflitos-no-contexto-da-mediacao-escolar","status":"publish","type":"post","link":"https:\/\/iacrianca.pt\/en\/2021\/06\/webinar-gestao-de-conflitos-no-contexto-da-mediacao-escolar\/","title":{"rendered":"Webinar \u201cGest\u00e3o de Conflitos no Contexto da Media\u00e7\u00e3o Escolar\u201d"},"content":{"rendered":"<p>O Webinar \u201cGest\u00e3o de Conflitos no Contexto da Media\u00e7\u00e3o Escolar\u201d contou com a presen\u00e7a de 26 participantes. A participa\u00e7\u00e3o da escola com uma \u201cvoz\u201d ativa e o papel de t\u00e9cnicos e docentes deu in\u00edcio \u00e0 dinamiza\u00e7\u00e3o. O papel da escola dentro do contexto da Media\u00e7\u00e3o Escolar deu, portanto, aso a uma reflex\u00e3o conjunta em que se compreendeu que, nesse espa\u00e7o, o aluno est\u00e1 integrado numa rede de interdepend\u00eancias complexas, em que existem situa\u00e7\u00f5es pass\u00edveis de conflito ou disputa com os pares que lhe abrem outras oportunidades de realiza\u00e7\u00e3o e de melhoria da sua sociabilidade. As escolas n\u00e3o s\u00e3o somente um lugar para aquisi\u00e7\u00e3o de conhecimentos, como um ambiente de aprendizagem, de compet\u00eancias, de relacionamento interpessoal e de conv\u00edvio social. S\u00e3o um espa\u00e7o de autonomiza\u00e7\u00e3o e de desafiar limites. Neste contexto, os jovens desenvolvem di\u00e1logos, constituem-se em grupos, aceitam as diferen\u00e7as nas motiva\u00e7\u00f5es e comportamentos entre os indiv\u00edduos e retiram satisfa\u00e7\u00e3o em estar e vivenciar diferentes situa\u00e7\u00f5es com os seus pares. Contudo, aparecem conflitos que parecem ser um obst\u00e1culo ao desenvolvimento destas compet\u00eancias e que transformam a ida para a escola como uma viv\u00eancia de ansiedade e desmotiva\u00e7\u00e3o para alguns alunos.<\/p>\n<p>Passando pelas condutas disruptivas e entrando em mais detalhe na resolu\u00e7\u00e3o de conflitos, sabe-se, \u00e0 partida, que o conflito \u00e9 inerente ao ser humano e que, por conseguinte, deve ser encarado n\u00e3o como um problema ou como autodestrutivo, mas sim como uma diverg\u00eancia de ideias e\/ou opini\u00f5es. O conflito pode se um instrumento de mudan\u00e7a social uma vez que sem conflito, n\u00e3o h\u00e1 mudan\u00e7a, n\u00e3o h\u00e1 crescimento, n\u00e3o h\u00e1 possibilidade de aperfei\u00e7oamento de certas estruturas e de mudan\u00e7a face a situa\u00e7\u00f5es discriminat\u00f3rias e injustas existentes na escola e na sociedade. Em segundo lugar, o conflito pode ser apreciado como uma oportunidade para aprender, podendo constituir uma ferramenta de ensino. Nasce, assim, a media\u00e7\u00e3o escolar e o papel do mediador, uma terceira pessoa imparcial, que permite alcan\u00e7ar um acordo satisfat\u00f3rio para ambas as partes que se encontram em conflito. A media\u00e7\u00e3o do conflito escolar oferece um conjunto de vantagens tais como o desenvolvimento na escola um ambiente tranquilo e produtivo; ajuda o reconhecimento e valoriza\u00e7\u00e3o dos sentimentos, valores, interesses e necessidades pr\u00f3prias do outro; permite que os alunos desenvolvam compet\u00eancias para participar na resolu\u00e7\u00e3o dos seus pr\u00f3prios problemas e, simultaneamente, outras capacidades, como pensamento cr\u00edtico, escuta ativa e tomada de decis\u00f5es; aumenta o desenvolvimento de atitudes cooperativas na gest\u00e3o do conflito; favorece a autorregula\u00e7\u00e3o atrav\u00e9s da procura de solu\u00e7\u00f5es aut\u00f3nomas e negociadas; reduz o n\u00famero de san\u00e7\u00f5es e expuls\u00f5es; diminui o n\u00famero de conflitos e, por conseguinte, o tempo dedicado \u00e0 sua resolu\u00e7\u00e3o e, ainda, contribui para o desenvolvimento de atitudes de interesse e respeito pelo outro e para melhorar as rela\u00e7\u00f5es interpessoais.<\/p>\n<p>Se consideramos a media\u00e7\u00e3o como uma forma de gest\u00e3o de conflitos na sala de aula, estamos a dar ocasi\u00e3o para que os alunos ganhem autonomia e se desenvolvam. Al\u00e9m de que a escola, ao estabelecer a media\u00e7\u00e3o como mecanismo de gest\u00e3o de conflitos, permite n\u00e3o s\u00f3 que os alunos encarem os conflitos e compreendam que nem sempre s\u00e3o negativos, como tamb\u00e9m que existe uma solu\u00e7\u00e3o para eles.<\/p>\n<p><img fetchpriority=\"high\" decoding=\"async\" class=\"alignnone size-medium wp-image-7912\" src=\"https:\/\/iacrianca.pt\/wp-content\/uploads\/2021\/06\/web-220x300.png\" alt=\"\" width=\"220\" height=\"300\" srcset=\"https:\/\/iacrianca.pt\/wp-content\/uploads\/2021\/06\/web-220x300.png 220w, https:\/\/iacrianca.pt\/wp-content\/uploads\/2021\/06\/web.png 502w\" sizes=\"(max-width: 220px) 100vw, 220px\" \/><\/p>\n<p>&nbsp;<\/p>\n","protected":false},"excerpt":{"rendered":"<p> No dia 9 assinala-se o Dia da Internet Segura cujo tema este ano \u00e9 \u201cJuntos por uma internet melhor\u201d. o IAC em parceria com\u00a0o Projecto MiudosSegurosNa.Net e a a Associa\u00e7\u00e3o AjudAjudar lan\u00e7aram recentemente um apelo \u00e0 Presid\u00eancia Portuguesa da Uni\u00e3o Europeia para que se chegue com celeridade a um acordo de Derroga\u00e7\u00e3o Tempor\u00e1ria da Diretiva da Privacidade Eletr\u00f3nica, para que assim sejam reativadas ferramentas (tecnologias espec\u00edficas) que eram usadas para detetar, denunciar, remover e bloquear materiais com conte\u00fados abusivos envolvendo crian\u00e7as.\u00a0<\/p>\n","protected":false},"author":2,"featured_media":7912,"comment_status":"open","ping_status":"open","sticky":false,"template":"","format":"standard","meta":{"_acf_changed":false,"footnotes":""},"categories":[63],"tags":[],"class_list":["post-7911","post","type-post","status-publish","format-standard","has-post-thumbnail","hentry","category-newsletter","category-63","description-off"],"acf":[],"yoast_head":"<!-- This site is optimized with the Yoast SEO plugin v27.5 - https:\/\/yoast.com\/product\/yoast-seo-wordpress\/ -->\n<title>Webinar \u201cGest\u00e3o de Conflitos no Contexto da Media\u00e7\u00e3o Escolar\u201d | Instituto de Apoio \u00e0 Crian\u00e7a<\/title>\n<meta name=\"robots\" content=\"index, follow, max-snippet:-1, max-image-preview:large, max-video-preview:-1\" \/>\n<link rel=\"canonical\" href=\"https:\/\/iacrianca.pt\/en\/2021\/06\/webinar-gestao-de-conflitos-no-contexto-da-mediacao-escolar\/\" \/>\n<meta property=\"og:locale\" content=\"en_US\" \/>\n<meta property=\"og:type\" content=\"article\" \/>\n<meta property=\"og:title\" content=\"Webinar \u201cGest\u00e3o de Conflitos no Contexto da Media\u00e7\u00e3o Escolar\u201d | Instituto de Apoio \u00e0 Crian\u00e7a\" \/>\n<meta property=\"og:description\" content=\"No dia 9 assinala-se o Dia da Internet Segura cujo tema este ano \u00e9 \u201cJuntos por uma internet melhor\u201d. o IAC em parceria com\u00a0o Projecto MiudosSegurosNa.Net e a a Associa\u00e7\u00e3o AjudAjudar lan\u00e7aram recentemente um apelo \u00e0 Presid\u00eancia Portuguesa da Uni\u00e3o Europeia para que se chegue com celeridade a um acordo de Derroga\u00e7\u00e3o Tempor\u00e1ria da Diretiva da Privacidade Eletr\u00f3nica, para que assim sejam reativadas ferramentas (tecnologias espec\u00edficas) que eram usadas para detetar, denunciar, remover e bloquear materiais com conte\u00fados abusivos envolvendo crian\u00e7as.\u00a0\" \/>\n<meta property=\"og:url\" content=\"https:\/\/iacrianca.pt\/en\/2021\/06\/webinar-gestao-de-conflitos-no-contexto-da-mediacao-escolar\/\" \/>\n<meta property=\"og:site_name\" content=\"Instituto de Apoio \u00e0 Crian\u00e7a\" \/>\n<meta property=\"article:publisher\" content=\"https:\/\/www.facebook.com\/iacinstitutodeapoioacrianca\" \/>\n<meta property=\"article:published_time\" content=\"2021-06-07T11:00:15+00:00\" \/>\n<meta property=\"article:modified_time\" content=\"2021-06-15T08:26:28+00:00\" \/>\n<meta property=\"og:image\" content=\"https:\/\/iacrianca.pt\/wp-content\/uploads\/2021\/06\/web.png\" \/>\n\t<meta property=\"og:image:width\" content=\"502\" \/>\n\t<meta property=\"og:image:height\" content=\"686\" \/>\n\t<meta property=\"og:image:type\" content=\"image\/png\" \/>\n<meta name=\"author\" content=\"Administra\u00e7\u00e3o IAC\" \/>\n<meta name=\"twitter:card\" content=\"summary_large_image\" \/>\n<meta name=\"twitter:creator\" content=\"@iacapoiocrianca\" \/>\n<meta name=\"twitter:site\" content=\"@iacapoiocrianca\" \/>\n<meta name=\"twitter:label1\" content=\"Written by\" \/>\n\t<meta name=\"twitter:data1\" content=\"Administra\u00e7\u00e3o IAC\" \/>\n\t<meta name=\"twitter:label2\" content=\"Est. reading time\" \/>\n\t<meta name=\"twitter:data2\" content=\"3 minutes\" \/>\n<script type=\"application\/ld+json\" class=\"yoast-schema-graph\">{\"@context\":\"https:\\\/\\\/schema.org\",\"@graph\":[{\"@type\":\"Article\",\"@id\":\"https:\\\/\\\/iacrianca.pt\\\/en\\\/2021\\\/06\\\/webinar-gestao-de-conflitos-no-contexto-da-mediacao-escolar\\\/#article\",\"isPartOf\":{\"@id\":\"https:\\\/\\\/iacrianca.pt\\\/en\\\/2021\\\/06\\\/webinar-gestao-de-conflitos-no-contexto-da-mediacao-escolar\\\/\"},\"author\":{\"name\":\"Administra\u00e7\u00e3o IAC\",\"@id\":\"https:\\\/\\\/iacrianca.pt\\\/en\\\/#\\\/schema\\\/person\\\/1c48c6e4b70d0dc7360e4b28ceaa5f6b\"},\"headline\":\"Webinar \u201cGest\u00e3o de Conflitos no Contexto da Media\u00e7\u00e3o Escolar\u201d\",\"datePublished\":\"2021-06-07T11:00:15+00:00\",\"dateModified\":\"2021-06-15T08:26:28+00:00\",\"mainEntityOfPage\":{\"@id\":\"https:\\\/\\\/iacrianca.pt\\\/en\\\/2021\\\/06\\\/webinar-gestao-de-conflitos-no-contexto-da-mediacao-escolar\\\/\"},\"wordCount\":604,\"commentCount\":0,\"publisher\":{\"@id\":\"https:\\\/\\\/iacrianca.pt\\\/en\\\/#organization\"},\"image\":{\"@id\":\"https:\\\/\\\/iacrianca.pt\\\/en\\\/2021\\\/06\\\/webinar-gestao-de-conflitos-no-contexto-da-mediacao-escolar\\\/#primaryimage\"},\"thumbnailUrl\":\"https:\\\/\\\/iacrianca.pt\\\/wp-content\\\/uploads\\\/2021\\\/06\\\/web.png\",\"articleSection\":[\"Newsletter\"],\"inLanguage\":\"en-US\",\"potentialAction\":[{\"@type\":\"CommentAction\",\"name\":\"Comment\",\"target\":[\"https:\\\/\\\/iacrianca.pt\\\/en\\\/2021\\\/06\\\/webinar-gestao-de-conflitos-no-contexto-da-mediacao-escolar\\\/#respond\"]}]},{\"@type\":\"WebPage\",\"@id\":\"https:\\\/\\\/iacrianca.pt\\\/en\\\/2021\\\/06\\\/webinar-gestao-de-conflitos-no-contexto-da-mediacao-escolar\\\/\",\"url\":\"https:\\\/\\\/iacrianca.pt\\\/en\\\/2021\\\/06\\\/webinar-gestao-de-conflitos-no-contexto-da-mediacao-escolar\\\/\",\"name\":\"Webinar \u201cGest\u00e3o de Conflitos no Contexto da Media\u00e7\u00e3o Escolar\u201d | Instituto de Apoio \u00e0 Crian\u00e7a\",\"isPartOf\":{\"@id\":\"https:\\\/\\\/iacrianca.pt\\\/en\\\/#website\"},\"primaryImageOfPage\":{\"@id\":\"https:\\\/\\\/iacrianca.pt\\\/en\\\/2021\\\/06\\\/webinar-gestao-de-conflitos-no-contexto-da-mediacao-escolar\\\/#primaryimage\"},\"image\":{\"@id\":\"https:\\\/\\\/iacrianca.pt\\\/en\\\/2021\\\/06\\\/webinar-gestao-de-conflitos-no-contexto-da-mediacao-escolar\\\/#primaryimage\"},\"thumbnailUrl\":\"https:\\\/\\\/iacrianca.pt\\\/wp-content\\\/uploads\\\/2021\\\/06\\\/web.png\",\"datePublished\":\"2021-06-07T11:00:15+00:00\",\"dateModified\":\"2021-06-15T08:26:28+00:00\",\"breadcrumb\":{\"@id\":\"https:\\\/\\\/iacrianca.pt\\\/en\\\/2021\\\/06\\\/webinar-gestao-de-conflitos-no-contexto-da-mediacao-escolar\\\/#breadcrumb\"},\"inLanguage\":\"en-US\",\"potentialAction\":[{\"@type\":\"ReadAction\",\"target\":[\"https:\\\/\\\/iacrianca.pt\\\/en\\\/2021\\\/06\\\/webinar-gestao-de-conflitos-no-contexto-da-mediacao-escolar\\\/\"]}]},{\"@type\":\"ImageObject\",\"inLanguage\":\"en-US\",\"@id\":\"https:\\\/\\\/iacrianca.pt\\\/en\\\/2021\\\/06\\\/webinar-gestao-de-conflitos-no-contexto-da-mediacao-escolar\\\/#primaryimage\",\"url\":\"https:\\\/\\\/iacrianca.pt\\\/wp-content\\\/uploads\\\/2021\\\/06\\\/web.png\",\"contentUrl\":\"https:\\\/\\\/iacrianca.pt\\\/wp-content\\\/uploads\\\/2021\\\/06\\\/web.png\",\"width\":502,\"height\":686},{\"@type\":\"BreadcrumbList\",\"@id\":\"https:\\\/\\\/iacrianca.pt\\\/en\\\/2021\\\/06\\\/webinar-gestao-de-conflitos-no-contexto-da-mediacao-escolar\\\/#breadcrumb\",\"itemListElement\":[{\"@type\":\"ListItem\",\"position\":1,\"name\":\"In\u00edcio\",\"item\":\"https:\\\/\\\/iacrianca.pt\\\/en\\\/\"},{\"@type\":\"ListItem\",\"position\":2,\"name\":\"Webinar \u201cGest\u00e3o de Conflitos no Contexto da Media\u00e7\u00e3o Escolar\u201d\"}]},{\"@type\":\"WebSite\",\"@id\":\"https:\\\/\\\/iacrianca.pt\\\/en\\\/#website\",\"url\":\"https:\\\/\\\/iacrianca.pt\\\/en\\\/\",\"name\":\"Instituto de Apoio \u00e0 Crian\u00e7a\",\"description\":\"Desde 1983 na defesa e promo\u00e7\u00e3o dos direitos da crian\u00e7a\",\"publisher\":{\"@id\":\"https:\\\/\\\/iacrianca.pt\\\/en\\\/#organization\"},\"potentialAction\":[{\"@type\":\"SearchAction\",\"target\":{\"@type\":\"EntryPoint\",\"urlTemplate\":\"https:\\\/\\\/iacrianca.pt\\\/en\\\/?s={search_term_string}\"},\"query-input\":{\"@type\":\"PropertyValueSpecification\",\"valueRequired\":true,\"valueName\":\"search_term_string\"}}],\"inLanguage\":\"en-US\"},{\"@type\":\"Organization\",\"@id\":\"https:\\\/\\\/iacrianca.pt\\\/en\\\/#organization\",\"name\":\"Instituto de Apoio \u00e0 Crian\u00e7a\",\"url\":\"https:\\\/\\\/iacrianca.pt\\\/en\\\/\",\"logo\":{\"@type\":\"ImageObject\",\"inLanguage\":\"en-US\",\"@id\":\"https:\\\/\\\/iacrianca.pt\\\/en\\\/#\\\/schema\\\/logo\\\/image\\\/\",\"url\":\"https:\\\/\\\/iacrianca.pt\\\/wp-content\\\/uploads\\\/2020\\\/04\\\/logo-iac-SD.jpg\",\"contentUrl\":\"https:\\\/\\\/iacrianca.pt\\\/wp-content\\\/uploads\\\/2020\\\/04\\\/logo-iac-SD.jpg\",\"width\":152,\"height\":73,\"caption\":\"Instituto de Apoio \u00e0 Crian\u00e7a\"},\"image\":{\"@id\":\"https:\\\/\\\/iacrianca.pt\\\/en\\\/#\\\/schema\\\/logo\\\/image\\\/\"},\"sameAs\":[\"https:\\\/\\\/www.facebook.com\\\/iacinstitutodeapoioacrianca\",\"https:\\\/\\\/x.com\\\/iacapoiocrianca\",\"https:\\\/\\\/www.youtube.com\\\/channel\\\/UC0jjfZ_xkN_59gJf_RQ-ZnQ\",\"https:\\\/\\\/www.linkedin.com\\\/company\\\/instituto-de-apoio--criana\\\/\",\"https:\\\/\\\/www.instagram.com\\\/iacinstitutodeapoioacrianca\\\/\",\"https:\\\/\\\/criancasatortoeadireitos.wordpress.com\\\/\"]},{\"@type\":\"Person\",\"@id\":\"https:\\\/\\\/iacrianca.pt\\\/en\\\/#\\\/schema\\\/person\\\/1c48c6e4b70d0dc7360e4b28ceaa5f6b\",\"name\":\"Administra\u00e7\u00e3o IAC\",\"image\":{\"@type\":\"ImageObject\",\"inLanguage\":\"en-US\",\"@id\":\"https:\\\/\\\/secure.gravatar.com\\\/avatar\\\/60b998c71de37dcc1398fc6d48c6b5ed7533e3ceec837c948055f072e3158ff1?s=96&d=mm&r=g\",\"url\":\"https:\\\/\\\/secure.gravatar.com\\\/avatar\\\/60b998c71de37dcc1398fc6d48c6b5ed7533e3ceec837c948055f072e3158ff1?s=96&d=mm&r=g\",\"contentUrl\":\"https:\\\/\\\/secure.gravatar.com\\\/avatar\\\/60b998c71de37dcc1398fc6d48c6b5ed7533e3ceec837c948055f072e3158ff1?s=96&d=mm&r=g\",\"caption\":\"Administra\u00e7\u00e3o IAC\"}}]}<\/script>\n<!-- \/ Yoast SEO plugin. -->","yoast_head_json":{"title":"Webinar \u201cGest\u00e3o de Conflitos no Contexto da Media\u00e7\u00e3o Escolar\u201d | Instituto de Apoio \u00e0 Crian\u00e7a","robots":{"index":"index","follow":"follow","max-snippet":"max-snippet:-1","max-image-preview":"max-image-preview:large","max-video-preview":"max-video-preview:-1"},"canonical":"https:\/\/iacrianca.pt\/en\/2021\/06\/webinar-gestao-de-conflitos-no-contexto-da-mediacao-escolar\/","og_locale":"en_US","og_type":"article","og_title":"Webinar \u201cGest\u00e3o de Conflitos no Contexto da Media\u00e7\u00e3o Escolar\u201d | Instituto de Apoio \u00e0 Crian\u00e7a","og_description":"No dia 9 assinala-se o Dia da Internet Segura cujo tema este ano \u00e9 \u201cJuntos por uma internet melhor\u201d. o IAC em parceria com\u00a0o Projecto MiudosSegurosNa.Net e a a Associa\u00e7\u00e3o AjudAjudar lan\u00e7aram recentemente um apelo \u00e0 Presid\u00eancia Portuguesa da Uni\u00e3o Europeia para que se chegue com celeridade a um acordo de Derroga\u00e7\u00e3o Tempor\u00e1ria da Diretiva da Privacidade Eletr\u00f3nica, para que assim sejam reativadas ferramentas (tecnologias espec\u00edficas) que eram usadas para detetar, denunciar, remover e bloquear materiais com conte\u00fados abusivos envolvendo crian\u00e7as.\u00a0","og_url":"https:\/\/iacrianca.pt\/en\/2021\/06\/webinar-gestao-de-conflitos-no-contexto-da-mediacao-escolar\/","og_site_name":"Instituto de Apoio \u00e0 Crian\u00e7a","article_publisher":"https:\/\/www.facebook.com\/iacinstitutodeapoioacrianca","article_published_time":"2021-06-07T11:00:15+00:00","article_modified_time":"2021-06-15T08:26:28+00:00","og_image":[{"width":502,"height":686,"url":"https:\/\/iacrianca.pt\/wp-content\/uploads\/2021\/06\/web.png","type":"image\/png"}],"author":"Administra\u00e7\u00e3o IAC","twitter_card":"summary_large_image","twitter_creator":"@iacapoiocrianca","twitter_site":"@iacapoiocrianca","twitter_misc":{"Written by":"Administra\u00e7\u00e3o IAC","Est. reading time":"3 minutes"},"schema":{"@context":"https:\/\/schema.org","@graph":[{"@type":"Article","@id":"https:\/\/iacrianca.pt\/en\/2021\/06\/webinar-gestao-de-conflitos-no-contexto-da-mediacao-escolar\/#article","isPartOf":{"@id":"https:\/\/iacrianca.pt\/en\/2021\/06\/webinar-gestao-de-conflitos-no-contexto-da-mediacao-escolar\/"},"author":{"name":"Administra\u00e7\u00e3o IAC","@id":"https:\/\/iacrianca.pt\/en\/#\/schema\/person\/1c48c6e4b70d0dc7360e4b28ceaa5f6b"},"headline":"Webinar \u201cGest\u00e3o de Conflitos no Contexto da Media\u00e7\u00e3o Escolar\u201d","datePublished":"2021-06-07T11:00:15+00:00","dateModified":"2021-06-15T08:26:28+00:00","mainEntityOfPage":{"@id":"https:\/\/iacrianca.pt\/en\/2021\/06\/webinar-gestao-de-conflitos-no-contexto-da-mediacao-escolar\/"},"wordCount":604,"commentCount":0,"publisher":{"@id":"https:\/\/iacrianca.pt\/en\/#organization"},"image":{"@id":"https:\/\/iacrianca.pt\/en\/2021\/06\/webinar-gestao-de-conflitos-no-contexto-da-mediacao-escolar\/#primaryimage"},"thumbnailUrl":"https:\/\/iacrianca.pt\/wp-content\/uploads\/2021\/06\/web.png","articleSection":["Newsletter"],"inLanguage":"en-US","potentialAction":[{"@type":"CommentAction","name":"Comment","target":["https:\/\/iacrianca.pt\/en\/2021\/06\/webinar-gestao-de-conflitos-no-contexto-da-mediacao-escolar\/#respond"]}]},{"@type":"WebPage","@id":"https:\/\/iacrianca.pt\/en\/2021\/06\/webinar-gestao-de-conflitos-no-contexto-da-mediacao-escolar\/","url":"https:\/\/iacrianca.pt\/en\/2021\/06\/webinar-gestao-de-conflitos-no-contexto-da-mediacao-escolar\/","name":"Webinar \u201cGest\u00e3o de Conflitos no Contexto da Media\u00e7\u00e3o Escolar\u201d | Instituto de Apoio \u00e0 Crian\u00e7a","isPartOf":{"@id":"https:\/\/iacrianca.pt\/en\/#website"},"primaryImageOfPage":{"@id":"https:\/\/iacrianca.pt\/en\/2021\/06\/webinar-gestao-de-conflitos-no-contexto-da-mediacao-escolar\/#primaryimage"},"image":{"@id":"https:\/\/iacrianca.pt\/en\/2021\/06\/webinar-gestao-de-conflitos-no-contexto-da-mediacao-escolar\/#primaryimage"},"thumbnailUrl":"https:\/\/iacrianca.pt\/wp-content\/uploads\/2021\/06\/web.png","datePublished":"2021-06-07T11:00:15+00:00","dateModified":"2021-06-15T08:26:28+00:00","breadcrumb":{"@id":"https:\/\/iacrianca.pt\/en\/2021\/06\/webinar-gestao-de-conflitos-no-contexto-da-mediacao-escolar\/#breadcrumb"},"inLanguage":"en-US","potentialAction":[{"@type":"ReadAction","target":["https:\/\/iacrianca.pt\/en\/2021\/06\/webinar-gestao-de-conflitos-no-contexto-da-mediacao-escolar\/"]}]},{"@type":"ImageObject","inLanguage":"en-US","@id":"https:\/\/iacrianca.pt\/en\/2021\/06\/webinar-gestao-de-conflitos-no-contexto-da-mediacao-escolar\/#primaryimage","url":"https:\/\/iacrianca.pt\/wp-content\/uploads\/2021\/06\/web.png","contentUrl":"https:\/\/iacrianca.pt\/wp-content\/uploads\/2021\/06\/web.png","width":502,"height":686},{"@type":"BreadcrumbList","@id":"https:\/\/iacrianca.pt\/en\/2021\/06\/webinar-gestao-de-conflitos-no-contexto-da-mediacao-escolar\/#breadcrumb","itemListElement":[{"@type":"ListItem","position":1,"name":"In\u00edcio","item":"https:\/\/iacrianca.pt\/en\/"},{"@type":"ListItem","position":2,"name":"Webinar \u201cGest\u00e3o de Conflitos no Contexto da Media\u00e7\u00e3o Escolar\u201d"}]},{"@type":"WebSite","@id":"https:\/\/iacrianca.pt\/en\/#website","url":"https:\/\/iacrianca.pt\/en\/","name":"Instituto de Apoio \u00e0 Crian\u00e7a","description":"Desde 1983 na defesa e promo\u00e7\u00e3o dos direitos da crian\u00e7a","publisher":{"@id":"https:\/\/iacrianca.pt\/en\/#organization"},"potentialAction":[{"@type":"SearchAction","target":{"@type":"EntryPoint","urlTemplate":"https:\/\/iacrianca.pt\/en\/?s={search_term_string}"},"query-input":{"@type":"PropertyValueSpecification","valueRequired":true,"valueName":"search_term_string"}}],"inLanguage":"en-US"},{"@type":"Organization","@id":"https:\/\/iacrianca.pt\/en\/#organization","name":"Instituto de Apoio \u00e0 Crian\u00e7a","url":"https:\/\/iacrianca.pt\/en\/","logo":{"@type":"ImageObject","inLanguage":"en-US","@id":"https:\/\/iacrianca.pt\/en\/#\/schema\/logo\/image\/","url":"https:\/\/iacrianca.pt\/wp-content\/uploads\/2020\/04\/logo-iac-SD.jpg","contentUrl":"https:\/\/iacrianca.pt\/wp-content\/uploads\/2020\/04\/logo-iac-SD.jpg","width":152,"height":73,"caption":"Instituto de Apoio \u00e0 Crian\u00e7a"},"image":{"@id":"https:\/\/iacrianca.pt\/en\/#\/schema\/logo\/image\/"},"sameAs":["https:\/\/www.facebook.com\/iacinstitutodeapoioacrianca","https:\/\/x.com\/iacapoiocrianca","https:\/\/www.youtube.com\/channel\/UC0jjfZ_xkN_59gJf_RQ-ZnQ","https:\/\/www.linkedin.com\/company\/instituto-de-apoio--criana\/","https:\/\/www.instagram.com\/iacinstitutodeapoioacrianca\/","https:\/\/criancasatortoeadireitos.wordpress.com\/"]},{"@type":"Person","@id":"https:\/\/iacrianca.pt\/en\/#\/schema\/person\/1c48c6e4b70d0dc7360e4b28ceaa5f6b","name":"Administra\u00e7\u00e3o IAC","image":{"@type":"ImageObject","inLanguage":"en-US","@id":"https:\/\/secure.gravatar.com\/avatar\/60b998c71de37dcc1398fc6d48c6b5ed7533e3ceec837c948055f072e3158ff1?s=96&d=mm&r=g","url":"https:\/\/secure.gravatar.com\/avatar\/60b998c71de37dcc1398fc6d48c6b5ed7533e3ceec837c948055f072e3158ff1?s=96&d=mm&r=g","contentUrl":"https:\/\/secure.gravatar.com\/avatar\/60b998c71de37dcc1398fc6d48c6b5ed7533e3ceec837c948055f072e3158ff1?s=96&d=mm&r=g","caption":"Administra\u00e7\u00e3o IAC"}}]}},"_links":{"self":[{"href":"https:\/\/iacrianca.pt\/en\/wp-json\/wp\/v2\/posts\/7911","targetHints":{"allow":["GET"]}}],"collection":[{"href":"https:\/\/iacrianca.pt\/en\/wp-json\/wp\/v2\/posts"}],"about":[{"href":"https:\/\/iacrianca.pt\/en\/wp-json\/wp\/v2\/types\/post"}],"author":[{"embeddable":true,"href":"https:\/\/iacrianca.pt\/en\/wp-json\/wp\/v2\/users\/2"}],"replies":[{"embeddable":true,"href":"https:\/\/iacrianca.pt\/en\/wp-json\/wp\/v2\/comments?post=7911"}],"version-history":[{"count":0,"href":"https:\/\/iacrianca.pt\/en\/wp-json\/wp\/v2\/posts\/7911\/revisions"}],"wp:featuredmedia":[{"embeddable":true,"href":"https:\/\/iacrianca.pt\/en\/wp-json\/wp\/v2\/media\/7912"}],"wp:attachment":[{"href":"https:\/\/iacrianca.pt\/en\/wp-json\/wp\/v2\/media?parent=7911"}],"wp:term":[{"taxonomy":"category","embeddable":true,"href":"https:\/\/iacrianca.pt\/en\/wp-json\/wp\/v2\/categories?post=7911"},{"taxonomy":"post_tag","embeddable":true,"href":"https:\/\/iacrianca.pt\/en\/wp-json\/wp\/v2\/tags?post=7911"}],"curies":[{"name":"wp","href":"https:\/\/api.w.org\/{rel}","templated":true}]}}