{"id":8005,"date":"2021-06-15T10:08:46","date_gmt":"2021-06-15T10:08:46","guid":{"rendered":"https:\/\/iacrianca.pt\/?p=8005"},"modified":"2021-06-15T10:18:15","modified_gmt":"2021-06-15T10:18:15","slug":"webinar-criancas-desaparecidas-e-exploradas-sexualmente-25-de-maio-2","status":"publish","type":"post","link":"https:\/\/iacrianca.pt\/en\/2021\/06\/webinar-criancas-desaparecidas-e-exploradas-sexualmente-25-de-maio-2\/","title":{"rendered":"Webinar Crian\u00e7as Desaparecidas e Exploradas Sexualmente 25 de Maio"},"content":{"rendered":"<p>Desde 2004 que o IAC assinala o Dia Internacional das Crian\u00e7as Desaparecidas e Exploradas Sexualmente com uma Confer\u00eancia, na qual s\u00e3o tratadas mat\u00e9rias associadas a esta problem\u00e1tica. Este ano dando especial relev\u00e2ncia ao flagelo das crian\u00e7as e jovens migrantes n\u00e3o acompanhados, \u00e0 explora\u00e7\u00e3o e abuso sexual de crian\u00e7as online e ao tr\u00e1fico de seres humanos, a Confer\u00eancia contou com a participa\u00e7\u00e3o de 3 oradores de excel\u00eancia.<\/p>\n<p>A deputada Susana Amador que tem sido uma lutadora incans\u00e1vel no que respeita \u00e0 sensibiliza\u00e7\u00e3o para os problemas dos migrantes, e nomeadamente para flagelo das crian\u00e7as e jovens n\u00e3o acompanhados, proferiu uma comunica\u00e7\u00e3o sob o t\u00edtulo &#8221; A prote\u00e7\u00e3o das Crian\u00e7as refugiadas e menores desamcompanhados &#8211; um imperativo internacional, \u00e9tico e pol\u00edtico&#8221;.<\/p>\n<p>Partindo de uma vis\u00e3o global sobre a situa\u00e7\u00e3o dos refugiados no mundo, alertou que o impacto da viola\u00e7\u00e3o dos Direitos Humanos n\u00e3o se esgota nas fronteiras nacionais. Olhando para a dimens\u00e3o da Crian\u00e7a em busca de prote\u00e7\u00e3o atrav\u00e9s de uma an\u00e1lise quantitativa e qualitativa refor\u00e7ou que a defesa dos direitos de todas as Crian\u00e7as dever\u00e1 prevalecer sobre qualquer balan\u00e7a comercial.<\/p>\n<p>Focou igualmente a sua interven\u00e7\u00e3o na situa\u00e7\u00e3o nacional e no papel que Portugal tem assumido mais recentemente nos programas de recoloca\u00e7\u00e3o de menores desacompanhados, chamando a aten\u00e7\u00e3o para as fragilidades j\u00e1 apontadas pelo Comit\u00e9 dos Direitos da Crian\u00e7a e pelo Comit\u00e9 da tortura e para os desafios que nos s\u00e3o colocados enquanto sociedade para ajudar a atenuar estes flagelos.<\/p>\n<p>O deputado Jos\u00e9 Magalh\u00e3es, um pioneiro no que respeita \u00e0 necessidade de regular o mundo do acesso aos sites no ciberespa\u00e7o, na sua apresenta\u00e7\u00e3o &#8221; A Uni\u00e3o Europeia face \u00e0 pornopandemia contra os menores&#8221; acentuou que o aumento da utiliza\u00e7\u00e3o das redes levou a que aumentasse a procura de material de abuso sexual de menores, alertando para o aumento do abuso sexual online.<\/p>\n<p>A luta contra o abuso sexual de crian\u00e7as constitui uma prioridade da Uni\u00e3o Europeia, cuja estrat\u00e9gia para o per\u00edodo de 2020-2025 \u00e9 orientada no sentido de combater a crescente amea\u00e7a de abuso sexual de crian\u00e7as, tanto offline como online, aperfei\u00e7oando os mecanismos de preven\u00e7\u00e3o, investiga\u00e7\u00e3o, mas tamb\u00e9m de apoio \u00e0s v\u00edtimas.<\/p>\n<p>Felizmente, recentemente, foi poss\u00edvel chegar a um acordo que prev\u00ea a derroga\u00e7\u00e3o da Diretiva ePrivacy, a fim de permitir que os prestadores de servi\u00e7os continuem a detetar, bloquear, remover e denunciar conte\u00fado relacionado com abusos sexuais de crian\u00e7as online, at\u00e9 que seja aprovada a legisla\u00e7\u00e3o permanente anunciada pela Comiss\u00e3o Europeia<\/p>\n<p>Como \u00faltimo palestrante contamos com o antigo eurodeputado Carlos Coelho, que fez parte durante muito tempo do grupo encarregado da prote\u00e7\u00e3o das crian\u00e7as no Parlamento Europeu e que nos apresentou uma comunica\u00e7\u00e3o sob o tema &#8220;Crian\u00e7as Desaparecidas &#8211; Uma trag\u00e9dia global e atual&#8221;, referindo as crian\u00e7as v\u00edtimas de tr\u00e1fico, alertando para o crescendo deste fen\u00f3meno, que exige uma resposta concertada. Uma trag\u00e9dia atual que obriga a uma a\u00e7\u00e3o imediata.<\/p>\n<p>Este webinar contou ainda com a participa\u00e7\u00e3o Patr\u00edcia Cipriano &#8211; Presidente da Associa\u00e7\u00e3o Portuguesa de Crian\u00e7as Desaparecidas e Vulner\u00e1veis, associa\u00e7\u00e3o com a qual o IAC celebrou um protocolo de coopera\u00e7\u00e3o, para uma resposta mais eficaz nesta \u00e1rea.<\/p>\n<p>O webinar terminou com a apresenta\u00e7\u00e3o de um v\u00eddeo que reflete o trabalho dos diferentes servi\u00e7os intervenientes do IAC no combate ao flagelo das Crian\u00e7as Desaparecidas.<\/p>\n<p>Pode assistir ao v\u00eddeo do webinar <a href=\"https:\/\/www.youtube.com\/watch?v=LKAn2rSloWo\">aqui<\/a><\/p>\n<p>IAC &#8211; Crian\u00e7a Desaparecida: Uma Interven\u00e7\u00e3o Integrada. <a href=\"https:\/\/youtu.be\/q2q5Ru5hK6E\">V\u00eddeo<\/a> apresentado no webinar.<\/p>\n<p><span data-ccp-props=\"{&quot;201341983&quot;:0,&quot;335551550&quot;:6,&quot;335551620&quot;:6,&quot;335559739&quot;:160,&quot;335559740&quot;:360}\"><img fetchpriority=\"high\" decoding=\"async\" class=\"alignnone size-medium wp-image-8006\" src=\"https:\/\/iacrianca.pt\/wp-content\/uploads\/2021\/06\/web-300x300.jpg\" alt=\"\" width=\"300\" height=\"300\" srcset=\"https:\/\/iacrianca.pt\/wp-content\/uploads\/2021\/06\/web-300x300.jpg 300w, https:\/\/iacrianca.pt\/wp-content\/uploads\/2021\/06\/web-1024x1024.jpg 1024w, https:\/\/iacrianca.pt\/wp-content\/uploads\/2021\/06\/web-150x150.jpg 150w, https:\/\/iacrianca.pt\/wp-content\/uploads\/2021\/06\/web-768x768.jpg 768w, https:\/\/iacrianca.pt\/wp-content\/uploads\/2021\/06\/web-1536x1536.jpg 1536w, https:\/\/iacrianca.pt\/wp-content\/uploads\/2021\/06\/web.jpg 1920w\" sizes=\"(max-width: 300px) 100vw, 300px\" \/>\u00a0<\/span><\/p>\n<p>&nbsp;<\/p>\n<p><span data-ccp-props=\"{&quot;201341983&quot;:0,&quot;335559739&quot;:160,&quot;335559740&quot;:259}\">\u00a0<\/span><\/p>\n<p>&nbsp;<\/p>\n","protected":false},"excerpt":{"rendered":"<p> No dia 9 assinala-se o Dia da Internet Segura cujo tema este ano \u00e9 \u201cJuntos por uma internet melhor\u201d. o IAC em parceria com\u00a0o Projecto MiudosSegurosNa.Net e a a Associa\u00e7\u00e3o AjudAjudar lan\u00e7aram recentemente um apelo \u00e0 Presid\u00eancia Portuguesa da Uni\u00e3o Europeia para que se chegue com celeridade a um acordo de Derroga\u00e7\u00e3o Tempor\u00e1ria da Diretiva da Privacidade Eletr\u00f3nica, para que assim sejam reativadas ferramentas (tecnologias espec\u00edficas) que eram usadas para detetar, denunciar, remover e bloquear materiais com conte\u00fados abusivos envolvendo crian\u00e7as.\u00a0<\/p>\n","protected":false},"author":2,"featured_media":8006,"comment_status":"open","ping_status":"open","sticky":false,"template":"","format":"standard","meta":{"_acf_changed":false,"footnotes":""},"categories":[63],"tags":[],"class_list":["post-8005","post","type-post","status-publish","format-standard","has-post-thumbnail","hentry","category-newsletter","category-63","description-off"],"acf":[],"yoast_head":"<!-- This site is optimized with the Yoast SEO plugin v27.4 - https:\/\/yoast.com\/product\/yoast-seo-wordpress\/ -->\n<title>Webinar Crian\u00e7as Desaparecidas e Exploradas Sexualmente 25 de Maio | Instituto de Apoio \u00e0 Crian\u00e7a<\/title>\n<meta name=\"robots\" content=\"index, follow, max-snippet:-1, max-image-preview:large, max-video-preview:-1\" \/>\n<link rel=\"canonical\" href=\"https:\/\/iacrianca.pt\/en\/2021\/06\/webinar-criancas-desaparecidas-e-exploradas-sexualmente-25-de-maio-2\/\" \/>\n<meta property=\"og:locale\" content=\"en_US\" \/>\n<meta property=\"og:type\" content=\"article\" \/>\n<meta property=\"og:title\" content=\"Webinar Crian\u00e7as Desaparecidas e Exploradas Sexualmente 25 de Maio | Instituto de Apoio \u00e0 Crian\u00e7a\" \/>\n<meta property=\"og:description\" content=\"No dia 9 assinala-se o Dia da Internet Segura cujo tema este ano \u00e9 \u201cJuntos por uma internet melhor\u201d. o IAC em parceria com\u00a0o Projecto MiudosSegurosNa.Net e a a Associa\u00e7\u00e3o AjudAjudar lan\u00e7aram recentemente um apelo \u00e0 Presid\u00eancia Portuguesa da Uni\u00e3o Europeia para que se chegue com celeridade a um acordo de Derroga\u00e7\u00e3o Tempor\u00e1ria da Diretiva da Privacidade Eletr\u00f3nica, para que assim sejam reativadas ferramentas (tecnologias espec\u00edficas) que eram usadas para detetar, denunciar, remover e bloquear materiais com conte\u00fados abusivos envolvendo crian\u00e7as.\u00a0\" \/>\n<meta property=\"og:url\" content=\"https:\/\/iacrianca.pt\/en\/2021\/06\/webinar-criancas-desaparecidas-e-exploradas-sexualmente-25-de-maio-2\/\" \/>\n<meta property=\"og:site_name\" content=\"Instituto de Apoio \u00e0 Crian\u00e7a\" \/>\n<meta property=\"article:publisher\" content=\"https:\/\/www.facebook.com\/iacinstitutodeapoioacrianca\" \/>\n<meta property=\"article:published_time\" content=\"2021-06-15T10:08:46+00:00\" \/>\n<meta property=\"article:modified_time\" content=\"2021-06-15T10:18:15+00:00\" \/>\n<meta property=\"og:image\" content=\"https:\/\/iacrianca.pt\/wp-content\/uploads\/2021\/06\/web.jpg\" \/>\n\t<meta property=\"og:image:width\" content=\"1920\" \/>\n\t<meta property=\"og:image:height\" content=\"1920\" \/>\n\t<meta property=\"og:image:type\" content=\"image\/jpeg\" \/>\n<meta name=\"author\" content=\"Administra\u00e7\u00e3o IAC\" \/>\n<meta name=\"twitter:card\" content=\"summary_large_image\" \/>\n<meta name=\"twitter:creator\" content=\"@iacapoiocrianca\" \/>\n<meta name=\"twitter:site\" content=\"@iacapoiocrianca\" \/>\n<meta name=\"twitter:label1\" content=\"Written by\" \/>\n\t<meta name=\"twitter:data1\" content=\"Administra\u00e7\u00e3o IAC\" \/>\n\t<meta name=\"twitter:label2\" content=\"Est. reading time\" \/>\n\t<meta name=\"twitter:data2\" content=\"3 minutes\" \/>\n<script type=\"application\/ld+json\" class=\"yoast-schema-graph\">{\"@context\":\"https:\\\/\\\/schema.org\",\"@graph\":[{\"@type\":\"Article\",\"@id\":\"https:\\\/\\\/iacrianca.pt\\\/en\\\/2021\\\/06\\\/webinar-criancas-desaparecidas-e-exploradas-sexualmente-25-de-maio-2\\\/#article\",\"isPartOf\":{\"@id\":\"https:\\\/\\\/iacrianca.pt\\\/en\\\/2021\\\/06\\\/webinar-criancas-desaparecidas-e-exploradas-sexualmente-25-de-maio-2\\\/\"},\"author\":{\"name\":\"Administra\u00e7\u00e3o IAC\",\"@id\":\"https:\\\/\\\/iacrianca.pt\\\/en\\\/#\\\/schema\\\/person\\\/1c48c6e4b70d0dc7360e4b28ceaa5f6b\"},\"headline\":\"Webinar Crian\u00e7as Desaparecidas e Exploradas Sexualmente 25 de Maio\",\"datePublished\":\"2021-06-15T10:08:46+00:00\",\"dateModified\":\"2021-06-15T10:18:15+00:00\",\"mainEntityOfPage\":{\"@id\":\"https:\\\/\\\/iacrianca.pt\\\/en\\\/2021\\\/06\\\/webinar-criancas-desaparecidas-e-exploradas-sexualmente-25-de-maio-2\\\/\"},\"wordCount\":643,\"commentCount\":0,\"publisher\":{\"@id\":\"https:\\\/\\\/iacrianca.pt\\\/en\\\/#organization\"},\"image\":{\"@id\":\"https:\\\/\\\/iacrianca.pt\\\/en\\\/2021\\\/06\\\/webinar-criancas-desaparecidas-e-exploradas-sexualmente-25-de-maio-2\\\/#primaryimage\"},\"thumbnailUrl\":\"https:\\\/\\\/iacrianca.pt\\\/wp-content\\\/uploads\\\/2021\\\/06\\\/web.jpg\",\"articleSection\":[\"Newsletter\"],\"inLanguage\":\"en-US\",\"potentialAction\":[{\"@type\":\"CommentAction\",\"name\":\"Comment\",\"target\":[\"https:\\\/\\\/iacrianca.pt\\\/en\\\/2021\\\/06\\\/webinar-criancas-desaparecidas-e-exploradas-sexualmente-25-de-maio-2\\\/#respond\"]}]},{\"@type\":\"WebPage\",\"@id\":\"https:\\\/\\\/iacrianca.pt\\\/en\\\/2021\\\/06\\\/webinar-criancas-desaparecidas-e-exploradas-sexualmente-25-de-maio-2\\\/\",\"url\":\"https:\\\/\\\/iacrianca.pt\\\/en\\\/2021\\\/06\\\/webinar-criancas-desaparecidas-e-exploradas-sexualmente-25-de-maio-2\\\/\",\"name\":\"Webinar Crian\u00e7as Desaparecidas e Exploradas Sexualmente 25 de Maio | Instituto de Apoio \u00e0 Crian\u00e7a\",\"isPartOf\":{\"@id\":\"https:\\\/\\\/iacrianca.pt\\\/en\\\/#website\"},\"primaryImageOfPage\":{\"@id\":\"https:\\\/\\\/iacrianca.pt\\\/en\\\/2021\\\/06\\\/webinar-criancas-desaparecidas-e-exploradas-sexualmente-25-de-maio-2\\\/#primaryimage\"},\"image\":{\"@id\":\"https:\\\/\\\/iacrianca.pt\\\/en\\\/2021\\\/06\\\/webinar-criancas-desaparecidas-e-exploradas-sexualmente-25-de-maio-2\\\/#primaryimage\"},\"thumbnailUrl\":\"https:\\\/\\\/iacrianca.pt\\\/wp-content\\\/uploads\\\/2021\\\/06\\\/web.jpg\",\"datePublished\":\"2021-06-15T10:08:46+00:00\",\"dateModified\":\"2021-06-15T10:18:15+00:00\",\"breadcrumb\":{\"@id\":\"https:\\\/\\\/iacrianca.pt\\\/en\\\/2021\\\/06\\\/webinar-criancas-desaparecidas-e-exploradas-sexualmente-25-de-maio-2\\\/#breadcrumb\"},\"inLanguage\":\"en-US\",\"potentialAction\":[{\"@type\":\"ReadAction\",\"target\":[\"https:\\\/\\\/iacrianca.pt\\\/en\\\/2021\\\/06\\\/webinar-criancas-desaparecidas-e-exploradas-sexualmente-25-de-maio-2\\\/\"]}]},{\"@type\":\"ImageObject\",\"inLanguage\":\"en-US\",\"@id\":\"https:\\\/\\\/iacrianca.pt\\\/en\\\/2021\\\/06\\\/webinar-criancas-desaparecidas-e-exploradas-sexualmente-25-de-maio-2\\\/#primaryimage\",\"url\":\"https:\\\/\\\/iacrianca.pt\\\/wp-content\\\/uploads\\\/2021\\\/06\\\/web.jpg\",\"contentUrl\":\"https:\\\/\\\/iacrianca.pt\\\/wp-content\\\/uploads\\\/2021\\\/06\\\/web.jpg\",\"width\":1920,\"height\":1920},{\"@type\":\"BreadcrumbList\",\"@id\":\"https:\\\/\\\/iacrianca.pt\\\/en\\\/2021\\\/06\\\/webinar-criancas-desaparecidas-e-exploradas-sexualmente-25-de-maio-2\\\/#breadcrumb\",\"itemListElement\":[{\"@type\":\"ListItem\",\"position\":1,\"name\":\"In\u00edcio\",\"item\":\"https:\\\/\\\/iacrianca.pt\\\/en\\\/\"},{\"@type\":\"ListItem\",\"position\":2,\"name\":\"Webinar Crian\u00e7as Desaparecidas e Exploradas Sexualmente 25 de Maio\"}]},{\"@type\":\"WebSite\",\"@id\":\"https:\\\/\\\/iacrianca.pt\\\/en\\\/#website\",\"url\":\"https:\\\/\\\/iacrianca.pt\\\/en\\\/\",\"name\":\"Instituto de Apoio \u00e0 Crian\u00e7a\",\"description\":\"Desde 1983 na defesa e promo\u00e7\u00e3o dos direitos da crian\u00e7a\",\"publisher\":{\"@id\":\"https:\\\/\\\/iacrianca.pt\\\/en\\\/#organization\"},\"potentialAction\":[{\"@type\":\"SearchAction\",\"target\":{\"@type\":\"EntryPoint\",\"urlTemplate\":\"https:\\\/\\\/iacrianca.pt\\\/en\\\/?s={search_term_string}\"},\"query-input\":{\"@type\":\"PropertyValueSpecification\",\"valueRequired\":true,\"valueName\":\"search_term_string\"}}],\"inLanguage\":\"en-US\"},{\"@type\":\"Organization\",\"@id\":\"https:\\\/\\\/iacrianca.pt\\\/en\\\/#organization\",\"name\":\"Instituto de Apoio \u00e0 Crian\u00e7a\",\"url\":\"https:\\\/\\\/iacrianca.pt\\\/en\\\/\",\"logo\":{\"@type\":\"ImageObject\",\"inLanguage\":\"en-US\",\"@id\":\"https:\\\/\\\/iacrianca.pt\\\/en\\\/#\\\/schema\\\/logo\\\/image\\\/\",\"url\":\"https:\\\/\\\/iacrianca.pt\\\/wp-content\\\/uploads\\\/2020\\\/04\\\/logo-iac-SD.jpg\",\"contentUrl\":\"https:\\\/\\\/iacrianca.pt\\\/wp-content\\\/uploads\\\/2020\\\/04\\\/logo-iac-SD.jpg\",\"width\":152,\"height\":73,\"caption\":\"Instituto de Apoio \u00e0 Crian\u00e7a\"},\"image\":{\"@id\":\"https:\\\/\\\/iacrianca.pt\\\/en\\\/#\\\/schema\\\/logo\\\/image\\\/\"},\"sameAs\":[\"https:\\\/\\\/www.facebook.com\\\/iacinstitutodeapoioacrianca\",\"https:\\\/\\\/x.com\\\/iacapoiocrianca\",\"https:\\\/\\\/www.youtube.com\\\/channel\\\/UC0jjfZ_xkN_59gJf_RQ-ZnQ\",\"https:\\\/\\\/www.linkedin.com\\\/company\\\/instituto-de-apoio--criana\\\/\",\"https:\\\/\\\/www.instagram.com\\\/iacinstitutodeapoioacrianca\\\/\",\"https:\\\/\\\/criancasatortoeadireitos.wordpress.com\\\/\"]},{\"@type\":\"Person\",\"@id\":\"https:\\\/\\\/iacrianca.pt\\\/en\\\/#\\\/schema\\\/person\\\/1c48c6e4b70d0dc7360e4b28ceaa5f6b\",\"name\":\"Administra\u00e7\u00e3o IAC\",\"image\":{\"@type\":\"ImageObject\",\"inLanguage\":\"en-US\",\"@id\":\"https:\\\/\\\/secure.gravatar.com\\\/avatar\\\/60b998c71de37dcc1398fc6d48c6b5ed7533e3ceec837c948055f072e3158ff1?s=96&d=mm&r=g\",\"url\":\"https:\\\/\\\/secure.gravatar.com\\\/avatar\\\/60b998c71de37dcc1398fc6d48c6b5ed7533e3ceec837c948055f072e3158ff1?s=96&d=mm&r=g\",\"contentUrl\":\"https:\\\/\\\/secure.gravatar.com\\\/avatar\\\/60b998c71de37dcc1398fc6d48c6b5ed7533e3ceec837c948055f072e3158ff1?s=96&d=mm&r=g\",\"caption\":\"Administra\u00e7\u00e3o IAC\"}}]}<\/script>\n<!-- \/ Yoast SEO plugin. -->","yoast_head_json":{"title":"Webinar Crian\u00e7as Desaparecidas e Exploradas Sexualmente 25 de Maio | Instituto de Apoio \u00e0 Crian\u00e7a","robots":{"index":"index","follow":"follow","max-snippet":"max-snippet:-1","max-image-preview":"max-image-preview:large","max-video-preview":"max-video-preview:-1"},"canonical":"https:\/\/iacrianca.pt\/en\/2021\/06\/webinar-criancas-desaparecidas-e-exploradas-sexualmente-25-de-maio-2\/","og_locale":"en_US","og_type":"article","og_title":"Webinar Crian\u00e7as Desaparecidas e Exploradas Sexualmente 25 de Maio | Instituto de Apoio \u00e0 Crian\u00e7a","og_description":"No dia 9 assinala-se o Dia da Internet Segura cujo tema este ano \u00e9 \u201cJuntos por uma internet melhor\u201d. o IAC em parceria com\u00a0o Projecto MiudosSegurosNa.Net e a a Associa\u00e7\u00e3o AjudAjudar lan\u00e7aram recentemente um apelo \u00e0 Presid\u00eancia Portuguesa da Uni\u00e3o Europeia para que se chegue com celeridade a um acordo de Derroga\u00e7\u00e3o Tempor\u00e1ria da Diretiva da Privacidade Eletr\u00f3nica, para que assim sejam reativadas ferramentas (tecnologias espec\u00edficas) que eram usadas para detetar, denunciar, remover e bloquear materiais com conte\u00fados abusivos envolvendo crian\u00e7as.\u00a0","og_url":"https:\/\/iacrianca.pt\/en\/2021\/06\/webinar-criancas-desaparecidas-e-exploradas-sexualmente-25-de-maio-2\/","og_site_name":"Instituto de Apoio \u00e0 Crian\u00e7a","article_publisher":"https:\/\/www.facebook.com\/iacinstitutodeapoioacrianca","article_published_time":"2021-06-15T10:08:46+00:00","article_modified_time":"2021-06-15T10:18:15+00:00","og_image":[{"width":1920,"height":1920,"url":"https:\/\/iacrianca.pt\/wp-content\/uploads\/2021\/06\/web.jpg","type":"image\/jpeg"}],"author":"Administra\u00e7\u00e3o IAC","twitter_card":"summary_large_image","twitter_creator":"@iacapoiocrianca","twitter_site":"@iacapoiocrianca","twitter_misc":{"Written by":"Administra\u00e7\u00e3o IAC","Est. reading time":"3 minutes"},"schema":{"@context":"https:\/\/schema.org","@graph":[{"@type":"Article","@id":"https:\/\/iacrianca.pt\/en\/2021\/06\/webinar-criancas-desaparecidas-e-exploradas-sexualmente-25-de-maio-2\/#article","isPartOf":{"@id":"https:\/\/iacrianca.pt\/en\/2021\/06\/webinar-criancas-desaparecidas-e-exploradas-sexualmente-25-de-maio-2\/"},"author":{"name":"Administra\u00e7\u00e3o IAC","@id":"https:\/\/iacrianca.pt\/en\/#\/schema\/person\/1c48c6e4b70d0dc7360e4b28ceaa5f6b"},"headline":"Webinar Crian\u00e7as Desaparecidas e Exploradas Sexualmente 25 de Maio","datePublished":"2021-06-15T10:08:46+00:00","dateModified":"2021-06-15T10:18:15+00:00","mainEntityOfPage":{"@id":"https:\/\/iacrianca.pt\/en\/2021\/06\/webinar-criancas-desaparecidas-e-exploradas-sexualmente-25-de-maio-2\/"},"wordCount":643,"commentCount":0,"publisher":{"@id":"https:\/\/iacrianca.pt\/en\/#organization"},"image":{"@id":"https:\/\/iacrianca.pt\/en\/2021\/06\/webinar-criancas-desaparecidas-e-exploradas-sexualmente-25-de-maio-2\/#primaryimage"},"thumbnailUrl":"https:\/\/iacrianca.pt\/wp-content\/uploads\/2021\/06\/web.jpg","articleSection":["Newsletter"],"inLanguage":"en-US","potentialAction":[{"@type":"CommentAction","name":"Comment","target":["https:\/\/iacrianca.pt\/en\/2021\/06\/webinar-criancas-desaparecidas-e-exploradas-sexualmente-25-de-maio-2\/#respond"]}]},{"@type":"WebPage","@id":"https:\/\/iacrianca.pt\/en\/2021\/06\/webinar-criancas-desaparecidas-e-exploradas-sexualmente-25-de-maio-2\/","url":"https:\/\/iacrianca.pt\/en\/2021\/06\/webinar-criancas-desaparecidas-e-exploradas-sexualmente-25-de-maio-2\/","name":"Webinar Crian\u00e7as Desaparecidas e Exploradas Sexualmente 25 de Maio | Instituto de Apoio \u00e0 Crian\u00e7a","isPartOf":{"@id":"https:\/\/iacrianca.pt\/en\/#website"},"primaryImageOfPage":{"@id":"https:\/\/iacrianca.pt\/en\/2021\/06\/webinar-criancas-desaparecidas-e-exploradas-sexualmente-25-de-maio-2\/#primaryimage"},"image":{"@id":"https:\/\/iacrianca.pt\/en\/2021\/06\/webinar-criancas-desaparecidas-e-exploradas-sexualmente-25-de-maio-2\/#primaryimage"},"thumbnailUrl":"https:\/\/iacrianca.pt\/wp-content\/uploads\/2021\/06\/web.jpg","datePublished":"2021-06-15T10:08:46+00:00","dateModified":"2021-06-15T10:18:15+00:00","breadcrumb":{"@id":"https:\/\/iacrianca.pt\/en\/2021\/06\/webinar-criancas-desaparecidas-e-exploradas-sexualmente-25-de-maio-2\/#breadcrumb"},"inLanguage":"en-US","potentialAction":[{"@type":"ReadAction","target":["https:\/\/iacrianca.pt\/en\/2021\/06\/webinar-criancas-desaparecidas-e-exploradas-sexualmente-25-de-maio-2\/"]}]},{"@type":"ImageObject","inLanguage":"en-US","@id":"https:\/\/iacrianca.pt\/en\/2021\/06\/webinar-criancas-desaparecidas-e-exploradas-sexualmente-25-de-maio-2\/#primaryimage","url":"https:\/\/iacrianca.pt\/wp-content\/uploads\/2021\/06\/web.jpg","contentUrl":"https:\/\/iacrianca.pt\/wp-content\/uploads\/2021\/06\/web.jpg","width":1920,"height":1920},{"@type":"BreadcrumbList","@id":"https:\/\/iacrianca.pt\/en\/2021\/06\/webinar-criancas-desaparecidas-e-exploradas-sexualmente-25-de-maio-2\/#breadcrumb","itemListElement":[{"@type":"ListItem","position":1,"name":"In\u00edcio","item":"https:\/\/iacrianca.pt\/en\/"},{"@type":"ListItem","position":2,"name":"Webinar Crian\u00e7as Desaparecidas e Exploradas Sexualmente 25 de Maio"}]},{"@type":"WebSite","@id":"https:\/\/iacrianca.pt\/en\/#website","url":"https:\/\/iacrianca.pt\/en\/","name":"Instituto de Apoio \u00e0 Crian\u00e7a","description":"Desde 1983 na defesa e promo\u00e7\u00e3o dos direitos da crian\u00e7a","publisher":{"@id":"https:\/\/iacrianca.pt\/en\/#organization"},"potentialAction":[{"@type":"SearchAction","target":{"@type":"EntryPoint","urlTemplate":"https:\/\/iacrianca.pt\/en\/?s={search_term_string}"},"query-input":{"@type":"PropertyValueSpecification","valueRequired":true,"valueName":"search_term_string"}}],"inLanguage":"en-US"},{"@type":"Organization","@id":"https:\/\/iacrianca.pt\/en\/#organization","name":"Instituto de Apoio \u00e0 Crian\u00e7a","url":"https:\/\/iacrianca.pt\/en\/","logo":{"@type":"ImageObject","inLanguage":"en-US","@id":"https:\/\/iacrianca.pt\/en\/#\/schema\/logo\/image\/","url":"https:\/\/iacrianca.pt\/wp-content\/uploads\/2020\/04\/logo-iac-SD.jpg","contentUrl":"https:\/\/iacrianca.pt\/wp-content\/uploads\/2020\/04\/logo-iac-SD.jpg","width":152,"height":73,"caption":"Instituto de Apoio \u00e0 Crian\u00e7a"},"image":{"@id":"https:\/\/iacrianca.pt\/en\/#\/schema\/logo\/image\/"},"sameAs":["https:\/\/www.facebook.com\/iacinstitutodeapoioacrianca","https:\/\/x.com\/iacapoiocrianca","https:\/\/www.youtube.com\/channel\/UC0jjfZ_xkN_59gJf_RQ-ZnQ","https:\/\/www.linkedin.com\/company\/instituto-de-apoio--criana\/","https:\/\/www.instagram.com\/iacinstitutodeapoioacrianca\/","https:\/\/criancasatortoeadireitos.wordpress.com\/"]},{"@type":"Person","@id":"https:\/\/iacrianca.pt\/en\/#\/schema\/person\/1c48c6e4b70d0dc7360e4b28ceaa5f6b","name":"Administra\u00e7\u00e3o IAC","image":{"@type":"ImageObject","inLanguage":"en-US","@id":"https:\/\/secure.gravatar.com\/avatar\/60b998c71de37dcc1398fc6d48c6b5ed7533e3ceec837c948055f072e3158ff1?s=96&d=mm&r=g","url":"https:\/\/secure.gravatar.com\/avatar\/60b998c71de37dcc1398fc6d48c6b5ed7533e3ceec837c948055f072e3158ff1?s=96&d=mm&r=g","contentUrl":"https:\/\/secure.gravatar.com\/avatar\/60b998c71de37dcc1398fc6d48c6b5ed7533e3ceec837c948055f072e3158ff1?s=96&d=mm&r=g","caption":"Administra\u00e7\u00e3o IAC"}}]}},"_links":{"self":[{"href":"https:\/\/iacrianca.pt\/en\/wp-json\/wp\/v2\/posts\/8005","targetHints":{"allow":["GET"]}}],"collection":[{"href":"https:\/\/iacrianca.pt\/en\/wp-json\/wp\/v2\/posts"}],"about":[{"href":"https:\/\/iacrianca.pt\/en\/wp-json\/wp\/v2\/types\/post"}],"author":[{"embeddable":true,"href":"https:\/\/iacrianca.pt\/en\/wp-json\/wp\/v2\/users\/2"}],"replies":[{"embeddable":true,"href":"https:\/\/iacrianca.pt\/en\/wp-json\/wp\/v2\/comments?post=8005"}],"version-history":[{"count":0,"href":"https:\/\/iacrianca.pt\/en\/wp-json\/wp\/v2\/posts\/8005\/revisions"}],"wp:featuredmedia":[{"embeddable":true,"href":"https:\/\/iacrianca.pt\/en\/wp-json\/wp\/v2\/media\/8006"}],"wp:attachment":[{"href":"https:\/\/iacrianca.pt\/en\/wp-json\/wp\/v2\/media?parent=8005"}],"wp:term":[{"taxonomy":"category","embeddable":true,"href":"https:\/\/iacrianca.pt\/en\/wp-json\/wp\/v2\/categories?post=8005"},{"taxonomy":"post_tag","embeddable":true,"href":"https:\/\/iacrianca.pt\/en\/wp-json\/wp\/v2\/tags?post=8005"}],"curies":[{"name":"wp","href":"https:\/\/api.w.org\/{rel}","templated":true}]}}