{"id":8065,"date":"2021-07-02T14:32:12","date_gmt":"2021-07-02T14:32:12","guid":{"rendered":"https:\/\/iacrianca.pt\/?p=8065"},"modified":"2021-07-12T15:59:16","modified_gmt":"2021-07-12T15:59:16","slug":"acoes-de-sensibilizacao-tecnicas-de-comunicacao-assertiva-e-empatia","status":"publish","type":"post","link":"https:\/\/iacrianca.pt\/en\/2021\/07\/acoes-de-sensibilizacao-tecnicas-de-comunicacao-assertiva-e-empatia\/","title":{"rendered":"A\u00e7\u00f5es de sensibiliza\u00e7\u00e3o \u2013 T\u00e9cnicas de Comunica\u00e7\u00e3o Assertiva e Empatia"},"content":{"rendered":"<p>No \u00e2mbito do projeto de Media\u00e7\u00e3o Escolar, os t\u00e9cnicos do IAC &#8211; Polo de Coimbra, Ana Vicente, Jos\u00e9 Coelho, Cristina Barros e Cristiana Basto dinamizaram duas a\u00e7\u00f5es de sensibiliza\u00e7\u00e3o dirigidas a Assistentes Operacionais sobre t\u00e9cnicas de comunica\u00e7\u00e3o assertiva e empatia. Assim, no dia 9 de junho, dinamizou-se, em formato online, a sess\u00e3o Uma Escola com e para Todos!, para 40 Assistentes Operacionais do Agrupamento de Escolas de Ansi\u00e3o e, no dia 30 de junho, Gest\u00e3o Positiva de Conflitos &#8211; Vamos ser assertivos!, em formato presencial, para 22 Assistentes Operacionais do Agrupamento de Escolas de Miranda do Corvo.<\/p>\n<p>Os Assistentes Operacionais s\u00e3o membros integrantes e ativos da comunidade escolar. O desempenho das suas fun\u00e7\u00f5es requer que interajam na escola, tanto com os professores como com os alunos e demais membros da comunidade.<\/p>\n<p>Numa \u00f3ptica de preven\u00e7\u00e3o e combate aos conflitos escolares, tem sido importante desenvolver forma\u00e7\u00e3o espec\u00edfica para assistentes operacionais, agentes educativos com papel crucial na preven\u00e7\u00e3o do conflito entre os alunos, principalmente, o que ocorre nos espa\u00e7os e tempos de recreio, no sentido de os capacitar com estrat\u00e9gias e ferramentas que lhes permitam contribuir, de forma positiva e eficaz, para a exist\u00eancia de uma escola mais pac\u00edfica.<\/p>\n<p>Assim, a valoriza\u00e7\u00e3o pessoal e profissional dos assistentes operacionais \u00e9 de extrema import\u00e2ncia, uma vez que lidam diretamente com as crian\u00e7as e com os jovens de contextos familiares e sociais muito variados, acompanhando-os em atividades escolares di\u00e1rias.<\/p>\n<p>Estas sess\u00f5es permitiram refletir sobre a necessidade de lidar de forma positiva com o conflito, com enfoque numa comunica\u00e7\u00e3o emp\u00e1tica e assertiva e tendo em vista o estabelecimento de rela\u00e7\u00f5es interpessoais e laborais mais saud\u00e1veis e bem-sucedidas.<\/p>\n<p><img fetchpriority=\"high\" decoding=\"async\" class=\"alignnone size-medium wp-image-8066\" src=\"https:\/\/iacrianca.pt\/wp-content\/uploads\/2021\/07\/gestao-300x167.png\" alt=\"\" width=\"300\" height=\"167\" srcset=\"https:\/\/iacrianca.pt\/wp-content\/uploads\/2021\/07\/gestao-300x167.png 300w, https:\/\/iacrianca.pt\/wp-content\/uploads\/2021\/07\/gestao-768x427.png 768w, https:\/\/iacrianca.pt\/wp-content\/uploads\/2021\/07\/gestao.png 821w\" sizes=\"(max-width: 300px) 100vw, 300px\" \/><\/p>\n<p><img decoding=\"async\" class=\"alignnone size-medium wp-image-8074\" src=\"https:\/\/iacrianca.pt\/wp-content\/uploads\/2021\/07\/ansiao-300x156.png\" alt=\"\" width=\"300\" height=\"156\" srcset=\"https:\/\/iacrianca.pt\/wp-content\/uploads\/2021\/07\/ansiao-300x156.png 300w, https:\/\/iacrianca.pt\/wp-content\/uploads\/2021\/07\/ansiao-1024x533.png 1024w, https:\/\/iacrianca.pt\/wp-content\/uploads\/2021\/07\/ansiao-768x400.png 768w, https:\/\/iacrianca.pt\/wp-content\/uploads\/2021\/07\/ansiao.png 1280w\" sizes=\"(max-width: 300px) 100vw, 300px\" \/><\/p>\n<p>&nbsp;<\/p>\n<p>&nbsp;<\/p>\n<p><span data-ccp-props=\"{&quot;201341983&quot;:0,&quot;335559739&quot;:160,&quot;335559740&quot;:259}\">\u00a0<\/span><\/p>\n<p>&nbsp;<\/p>\n","protected":false},"excerpt":{"rendered":"<p> No dia 9 assinala-se o Dia da Internet Segura cujo tema este ano \u00e9 \u201cJuntos por uma internet melhor\u201d. o IAC em parceria com\u00a0o Projecto MiudosSegurosNa.Net e a a Associa\u00e7\u00e3o AjudAjudar lan\u00e7aram recentemente um apelo \u00e0 Presid\u00eancia Portuguesa da Uni\u00e3o Europeia para que se chegue com celeridade a um acordo de Derroga\u00e7\u00e3o Tempor\u00e1ria da Diretiva da Privacidade Eletr\u00f3nica, para que assim sejam reativadas ferramentas (tecnologias espec\u00edficas) que eram usadas para detetar, denunciar, remover e bloquear materiais com conte\u00fados abusivos envolvendo crian\u00e7as.\u00a0<\/p>\n","protected":false},"author":2,"featured_media":8066,"comment_status":"open","ping_status":"open","sticky":false,"template":"","format":"standard","meta":{"_acf_changed":false,"footnotes":""},"categories":[63],"tags":[],"class_list":["post-8065","post","type-post","status-publish","format-standard","has-post-thumbnail","hentry","category-newsletter","category-63","description-off"],"acf":[],"yoast_head":"<!-- This site is optimized with the Yoast SEO plugin v27.5 - https:\/\/yoast.com\/product\/yoast-seo-wordpress\/ -->\n<title>A\u00e7\u00f5es de sensibiliza\u00e7\u00e3o \u2013 T\u00e9cnicas de Comunica\u00e7\u00e3o Assertiva e Empatia | Instituto de Apoio \u00e0 Crian\u00e7a<\/title>\n<meta name=\"robots\" content=\"index, follow, max-snippet:-1, max-image-preview:large, max-video-preview:-1\" \/>\n<link rel=\"canonical\" href=\"https:\/\/iacrianca.pt\/en\/2021\/07\/acoes-de-sensibilizacao-tecnicas-de-comunicacao-assertiva-e-empatia\/\" \/>\n<meta property=\"og:locale\" content=\"en_US\" \/>\n<meta property=\"og:type\" content=\"article\" \/>\n<meta property=\"og:title\" content=\"A\u00e7\u00f5es de sensibiliza\u00e7\u00e3o \u2013 T\u00e9cnicas de Comunica\u00e7\u00e3o Assertiva e Empatia | Instituto de Apoio \u00e0 Crian\u00e7a\" \/>\n<meta property=\"og:description\" content=\"No dia 9 assinala-se o Dia da Internet Segura cujo tema este ano \u00e9 \u201cJuntos por uma internet melhor\u201d. o IAC em parceria com\u00a0o Projecto MiudosSegurosNa.Net e a a Associa\u00e7\u00e3o AjudAjudar lan\u00e7aram recentemente um apelo \u00e0 Presid\u00eancia Portuguesa da Uni\u00e3o Europeia para que se chegue com celeridade a um acordo de Derroga\u00e7\u00e3o Tempor\u00e1ria da Diretiva da Privacidade Eletr\u00f3nica, para que assim sejam reativadas ferramentas (tecnologias espec\u00edficas) que eram usadas para detetar, denunciar, remover e bloquear materiais com conte\u00fados abusivos envolvendo crian\u00e7as.\u00a0\" \/>\n<meta property=\"og:url\" content=\"https:\/\/iacrianca.pt\/en\/2021\/07\/acoes-de-sensibilizacao-tecnicas-de-comunicacao-assertiva-e-empatia\/\" \/>\n<meta property=\"og:site_name\" content=\"Instituto de Apoio \u00e0 Crian\u00e7a\" \/>\n<meta property=\"article:publisher\" content=\"https:\/\/www.facebook.com\/iacinstitutodeapoioacrianca\" \/>\n<meta property=\"article:published_time\" content=\"2021-07-02T14:32:12+00:00\" \/>\n<meta property=\"article:modified_time\" content=\"2021-07-12T15:59:16+00:00\" \/>\n<meta property=\"og:image\" content=\"https:\/\/iacrianca.pt\/wp-content\/uploads\/2021\/07\/gestao.png\" \/>\n\t<meta property=\"og:image:width\" content=\"821\" \/>\n\t<meta property=\"og:image:height\" content=\"457\" \/>\n\t<meta property=\"og:image:type\" content=\"image\/png\" \/>\n<meta name=\"author\" content=\"Administra\u00e7\u00e3o IAC\" \/>\n<meta name=\"twitter:card\" content=\"summary_large_image\" \/>\n<meta name=\"twitter:creator\" content=\"@iacapoiocrianca\" \/>\n<meta name=\"twitter:site\" content=\"@iacapoiocrianca\" \/>\n<meta name=\"twitter:label1\" content=\"Written by\" \/>\n\t<meta name=\"twitter:data1\" content=\"Administra\u00e7\u00e3o IAC\" \/>\n\t<meta name=\"twitter:label2\" content=\"Est. reading time\" \/>\n\t<meta name=\"twitter:data2\" content=\"1 minute\" \/>\n<script type=\"application\/ld+json\" class=\"yoast-schema-graph\">{\"@context\":\"https:\\\/\\\/schema.org\",\"@graph\":[{\"@type\":\"Article\",\"@id\":\"https:\\\/\\\/iacrianca.pt\\\/en\\\/2021\\\/07\\\/acoes-de-sensibilizacao-tecnicas-de-comunicacao-assertiva-e-empatia\\\/#article\",\"isPartOf\":{\"@id\":\"https:\\\/\\\/iacrianca.pt\\\/en\\\/2021\\\/07\\\/acoes-de-sensibilizacao-tecnicas-de-comunicacao-assertiva-e-empatia\\\/\"},\"author\":{\"name\":\"Administra\u00e7\u00e3o IAC\",\"@id\":\"https:\\\/\\\/iacrianca.pt\\\/en\\\/#\\\/schema\\\/person\\\/1c48c6e4b70d0dc7360e4b28ceaa5f6b\"},\"headline\":\"A\u00e7\u00f5es de sensibiliza\u00e7\u00e3o \u2013 T\u00e9cnicas de Comunica\u00e7\u00e3o Assertiva e Empatia\",\"datePublished\":\"2021-07-02T14:32:12+00:00\",\"dateModified\":\"2021-07-12T15:59:16+00:00\",\"mainEntityOfPage\":{\"@id\":\"https:\\\/\\\/iacrianca.pt\\\/en\\\/2021\\\/07\\\/acoes-de-sensibilizacao-tecnicas-de-comunicacao-assertiva-e-empatia\\\/\"},\"wordCount\":310,\"commentCount\":0,\"publisher\":{\"@id\":\"https:\\\/\\\/iacrianca.pt\\\/en\\\/#organization\"},\"image\":{\"@id\":\"https:\\\/\\\/iacrianca.pt\\\/en\\\/2021\\\/07\\\/acoes-de-sensibilizacao-tecnicas-de-comunicacao-assertiva-e-empatia\\\/#primaryimage\"},\"thumbnailUrl\":\"https:\\\/\\\/iacrianca.pt\\\/wp-content\\\/uploads\\\/2021\\\/07\\\/gestao.png\",\"articleSection\":[\"Newsletter\"],\"inLanguage\":\"en-US\",\"potentialAction\":[{\"@type\":\"CommentAction\",\"name\":\"Comment\",\"target\":[\"https:\\\/\\\/iacrianca.pt\\\/en\\\/2021\\\/07\\\/acoes-de-sensibilizacao-tecnicas-de-comunicacao-assertiva-e-empatia\\\/#respond\"]}]},{\"@type\":\"WebPage\",\"@id\":\"https:\\\/\\\/iacrianca.pt\\\/en\\\/2021\\\/07\\\/acoes-de-sensibilizacao-tecnicas-de-comunicacao-assertiva-e-empatia\\\/\",\"url\":\"https:\\\/\\\/iacrianca.pt\\\/en\\\/2021\\\/07\\\/acoes-de-sensibilizacao-tecnicas-de-comunicacao-assertiva-e-empatia\\\/\",\"name\":\"A\u00e7\u00f5es de sensibiliza\u00e7\u00e3o \u2013 T\u00e9cnicas de Comunica\u00e7\u00e3o Assertiva e Empatia | Instituto de Apoio \u00e0 Crian\u00e7a\",\"isPartOf\":{\"@id\":\"https:\\\/\\\/iacrianca.pt\\\/en\\\/#website\"},\"primaryImageOfPage\":{\"@id\":\"https:\\\/\\\/iacrianca.pt\\\/en\\\/2021\\\/07\\\/acoes-de-sensibilizacao-tecnicas-de-comunicacao-assertiva-e-empatia\\\/#primaryimage\"},\"image\":{\"@id\":\"https:\\\/\\\/iacrianca.pt\\\/en\\\/2021\\\/07\\\/acoes-de-sensibilizacao-tecnicas-de-comunicacao-assertiva-e-empatia\\\/#primaryimage\"},\"thumbnailUrl\":\"https:\\\/\\\/iacrianca.pt\\\/wp-content\\\/uploads\\\/2021\\\/07\\\/gestao.png\",\"datePublished\":\"2021-07-02T14:32:12+00:00\",\"dateModified\":\"2021-07-12T15:59:16+00:00\",\"breadcrumb\":{\"@id\":\"https:\\\/\\\/iacrianca.pt\\\/en\\\/2021\\\/07\\\/acoes-de-sensibilizacao-tecnicas-de-comunicacao-assertiva-e-empatia\\\/#breadcrumb\"},\"inLanguage\":\"en-US\",\"potentialAction\":[{\"@type\":\"ReadAction\",\"target\":[\"https:\\\/\\\/iacrianca.pt\\\/en\\\/2021\\\/07\\\/acoes-de-sensibilizacao-tecnicas-de-comunicacao-assertiva-e-empatia\\\/\"]}]},{\"@type\":\"ImageObject\",\"inLanguage\":\"en-US\",\"@id\":\"https:\\\/\\\/iacrianca.pt\\\/en\\\/2021\\\/07\\\/acoes-de-sensibilizacao-tecnicas-de-comunicacao-assertiva-e-empatia\\\/#primaryimage\",\"url\":\"https:\\\/\\\/iacrianca.pt\\\/wp-content\\\/uploads\\\/2021\\\/07\\\/gestao.png\",\"contentUrl\":\"https:\\\/\\\/iacrianca.pt\\\/wp-content\\\/uploads\\\/2021\\\/07\\\/gestao.png\",\"width\":821,\"height\":457},{\"@type\":\"BreadcrumbList\",\"@id\":\"https:\\\/\\\/iacrianca.pt\\\/en\\\/2021\\\/07\\\/acoes-de-sensibilizacao-tecnicas-de-comunicacao-assertiva-e-empatia\\\/#breadcrumb\",\"itemListElement\":[{\"@type\":\"ListItem\",\"position\":1,\"name\":\"In\u00edcio\",\"item\":\"https:\\\/\\\/iacrianca.pt\\\/en\\\/\"},{\"@type\":\"ListItem\",\"position\":2,\"name\":\"A\u00e7\u00f5es de sensibiliza\u00e7\u00e3o \u2013 T\u00e9cnicas de Comunica\u00e7\u00e3o Assertiva e Empatia\"}]},{\"@type\":\"WebSite\",\"@id\":\"https:\\\/\\\/iacrianca.pt\\\/en\\\/#website\",\"url\":\"https:\\\/\\\/iacrianca.pt\\\/en\\\/\",\"name\":\"Instituto de Apoio \u00e0 Crian\u00e7a\",\"description\":\"Desde 1983 na defesa e promo\u00e7\u00e3o dos direitos da crian\u00e7a\",\"publisher\":{\"@id\":\"https:\\\/\\\/iacrianca.pt\\\/en\\\/#organization\"},\"potentialAction\":[{\"@type\":\"SearchAction\",\"target\":{\"@type\":\"EntryPoint\",\"urlTemplate\":\"https:\\\/\\\/iacrianca.pt\\\/en\\\/?s={search_term_string}\"},\"query-input\":{\"@type\":\"PropertyValueSpecification\",\"valueRequired\":true,\"valueName\":\"search_term_string\"}}],\"inLanguage\":\"en-US\"},{\"@type\":\"Organization\",\"@id\":\"https:\\\/\\\/iacrianca.pt\\\/en\\\/#organization\",\"name\":\"Instituto de Apoio \u00e0 Crian\u00e7a\",\"url\":\"https:\\\/\\\/iacrianca.pt\\\/en\\\/\",\"logo\":{\"@type\":\"ImageObject\",\"inLanguage\":\"en-US\",\"@id\":\"https:\\\/\\\/iacrianca.pt\\\/en\\\/#\\\/schema\\\/logo\\\/image\\\/\",\"url\":\"https:\\\/\\\/iacrianca.pt\\\/wp-content\\\/uploads\\\/2020\\\/04\\\/logo-iac-SD.jpg\",\"contentUrl\":\"https:\\\/\\\/iacrianca.pt\\\/wp-content\\\/uploads\\\/2020\\\/04\\\/logo-iac-SD.jpg\",\"width\":152,\"height\":73,\"caption\":\"Instituto de Apoio \u00e0 Crian\u00e7a\"},\"image\":{\"@id\":\"https:\\\/\\\/iacrianca.pt\\\/en\\\/#\\\/schema\\\/logo\\\/image\\\/\"},\"sameAs\":[\"https:\\\/\\\/www.facebook.com\\\/iacinstitutodeapoioacrianca\",\"https:\\\/\\\/x.com\\\/iacapoiocrianca\",\"https:\\\/\\\/www.youtube.com\\\/channel\\\/UC0jjfZ_xkN_59gJf_RQ-ZnQ\",\"https:\\\/\\\/www.linkedin.com\\\/company\\\/instituto-de-apoio--criana\\\/\",\"https:\\\/\\\/www.instagram.com\\\/iacinstitutodeapoioacrianca\\\/\",\"https:\\\/\\\/criancasatortoeadireitos.wordpress.com\\\/\"]},{\"@type\":\"Person\",\"@id\":\"https:\\\/\\\/iacrianca.pt\\\/en\\\/#\\\/schema\\\/person\\\/1c48c6e4b70d0dc7360e4b28ceaa5f6b\",\"name\":\"Administra\u00e7\u00e3o IAC\",\"image\":{\"@type\":\"ImageObject\",\"inLanguage\":\"en-US\",\"@id\":\"https:\\\/\\\/secure.gravatar.com\\\/avatar\\\/60b998c71de37dcc1398fc6d48c6b5ed7533e3ceec837c948055f072e3158ff1?s=96&d=mm&r=g\",\"url\":\"https:\\\/\\\/secure.gravatar.com\\\/avatar\\\/60b998c71de37dcc1398fc6d48c6b5ed7533e3ceec837c948055f072e3158ff1?s=96&d=mm&r=g\",\"contentUrl\":\"https:\\\/\\\/secure.gravatar.com\\\/avatar\\\/60b998c71de37dcc1398fc6d48c6b5ed7533e3ceec837c948055f072e3158ff1?s=96&d=mm&r=g\",\"caption\":\"Administra\u00e7\u00e3o IAC\"}}]}<\/script>\n<!-- \/ Yoast SEO plugin. -->","yoast_head_json":{"title":"A\u00e7\u00f5es de sensibiliza\u00e7\u00e3o \u2013 T\u00e9cnicas de Comunica\u00e7\u00e3o Assertiva e Empatia | Instituto de Apoio \u00e0 Crian\u00e7a","robots":{"index":"index","follow":"follow","max-snippet":"max-snippet:-1","max-image-preview":"max-image-preview:large","max-video-preview":"max-video-preview:-1"},"canonical":"https:\/\/iacrianca.pt\/en\/2021\/07\/acoes-de-sensibilizacao-tecnicas-de-comunicacao-assertiva-e-empatia\/","og_locale":"en_US","og_type":"article","og_title":"A\u00e7\u00f5es de sensibiliza\u00e7\u00e3o \u2013 T\u00e9cnicas de Comunica\u00e7\u00e3o Assertiva e Empatia | Instituto de Apoio \u00e0 Crian\u00e7a","og_description":"No dia 9 assinala-se o Dia da Internet Segura cujo tema este ano \u00e9 \u201cJuntos por uma internet melhor\u201d. o IAC em parceria com\u00a0o Projecto MiudosSegurosNa.Net e a a Associa\u00e7\u00e3o AjudAjudar lan\u00e7aram recentemente um apelo \u00e0 Presid\u00eancia Portuguesa da Uni\u00e3o Europeia para que se chegue com celeridade a um acordo de Derroga\u00e7\u00e3o Tempor\u00e1ria da Diretiva da Privacidade Eletr\u00f3nica, para que assim sejam reativadas ferramentas (tecnologias espec\u00edficas) que eram usadas para detetar, denunciar, remover e bloquear materiais com conte\u00fados abusivos envolvendo crian\u00e7as.\u00a0","og_url":"https:\/\/iacrianca.pt\/en\/2021\/07\/acoes-de-sensibilizacao-tecnicas-de-comunicacao-assertiva-e-empatia\/","og_site_name":"Instituto de Apoio \u00e0 Crian\u00e7a","article_publisher":"https:\/\/www.facebook.com\/iacinstitutodeapoioacrianca","article_published_time":"2021-07-02T14:32:12+00:00","article_modified_time":"2021-07-12T15:59:16+00:00","og_image":[{"width":821,"height":457,"url":"https:\/\/iacrianca.pt\/wp-content\/uploads\/2021\/07\/gestao.png","type":"image\/png"}],"author":"Administra\u00e7\u00e3o IAC","twitter_card":"summary_large_image","twitter_creator":"@iacapoiocrianca","twitter_site":"@iacapoiocrianca","twitter_misc":{"Written by":"Administra\u00e7\u00e3o IAC","Est. reading time":"1 minute"},"schema":{"@context":"https:\/\/schema.org","@graph":[{"@type":"Article","@id":"https:\/\/iacrianca.pt\/en\/2021\/07\/acoes-de-sensibilizacao-tecnicas-de-comunicacao-assertiva-e-empatia\/#article","isPartOf":{"@id":"https:\/\/iacrianca.pt\/en\/2021\/07\/acoes-de-sensibilizacao-tecnicas-de-comunicacao-assertiva-e-empatia\/"},"author":{"name":"Administra\u00e7\u00e3o IAC","@id":"https:\/\/iacrianca.pt\/en\/#\/schema\/person\/1c48c6e4b70d0dc7360e4b28ceaa5f6b"},"headline":"A\u00e7\u00f5es de sensibiliza\u00e7\u00e3o \u2013 T\u00e9cnicas de Comunica\u00e7\u00e3o Assertiva e Empatia","datePublished":"2021-07-02T14:32:12+00:00","dateModified":"2021-07-12T15:59:16+00:00","mainEntityOfPage":{"@id":"https:\/\/iacrianca.pt\/en\/2021\/07\/acoes-de-sensibilizacao-tecnicas-de-comunicacao-assertiva-e-empatia\/"},"wordCount":310,"commentCount":0,"publisher":{"@id":"https:\/\/iacrianca.pt\/en\/#organization"},"image":{"@id":"https:\/\/iacrianca.pt\/en\/2021\/07\/acoes-de-sensibilizacao-tecnicas-de-comunicacao-assertiva-e-empatia\/#primaryimage"},"thumbnailUrl":"https:\/\/iacrianca.pt\/wp-content\/uploads\/2021\/07\/gestao.png","articleSection":["Newsletter"],"inLanguage":"en-US","potentialAction":[{"@type":"CommentAction","name":"Comment","target":["https:\/\/iacrianca.pt\/en\/2021\/07\/acoes-de-sensibilizacao-tecnicas-de-comunicacao-assertiva-e-empatia\/#respond"]}]},{"@type":"WebPage","@id":"https:\/\/iacrianca.pt\/en\/2021\/07\/acoes-de-sensibilizacao-tecnicas-de-comunicacao-assertiva-e-empatia\/","url":"https:\/\/iacrianca.pt\/en\/2021\/07\/acoes-de-sensibilizacao-tecnicas-de-comunicacao-assertiva-e-empatia\/","name":"A\u00e7\u00f5es de sensibiliza\u00e7\u00e3o \u2013 T\u00e9cnicas de Comunica\u00e7\u00e3o Assertiva e Empatia | Instituto de Apoio \u00e0 Crian\u00e7a","isPartOf":{"@id":"https:\/\/iacrianca.pt\/en\/#website"},"primaryImageOfPage":{"@id":"https:\/\/iacrianca.pt\/en\/2021\/07\/acoes-de-sensibilizacao-tecnicas-de-comunicacao-assertiva-e-empatia\/#primaryimage"},"image":{"@id":"https:\/\/iacrianca.pt\/en\/2021\/07\/acoes-de-sensibilizacao-tecnicas-de-comunicacao-assertiva-e-empatia\/#primaryimage"},"thumbnailUrl":"https:\/\/iacrianca.pt\/wp-content\/uploads\/2021\/07\/gestao.png","datePublished":"2021-07-02T14:32:12+00:00","dateModified":"2021-07-12T15:59:16+00:00","breadcrumb":{"@id":"https:\/\/iacrianca.pt\/en\/2021\/07\/acoes-de-sensibilizacao-tecnicas-de-comunicacao-assertiva-e-empatia\/#breadcrumb"},"inLanguage":"en-US","potentialAction":[{"@type":"ReadAction","target":["https:\/\/iacrianca.pt\/en\/2021\/07\/acoes-de-sensibilizacao-tecnicas-de-comunicacao-assertiva-e-empatia\/"]}]},{"@type":"ImageObject","inLanguage":"en-US","@id":"https:\/\/iacrianca.pt\/en\/2021\/07\/acoes-de-sensibilizacao-tecnicas-de-comunicacao-assertiva-e-empatia\/#primaryimage","url":"https:\/\/iacrianca.pt\/wp-content\/uploads\/2021\/07\/gestao.png","contentUrl":"https:\/\/iacrianca.pt\/wp-content\/uploads\/2021\/07\/gestao.png","width":821,"height":457},{"@type":"BreadcrumbList","@id":"https:\/\/iacrianca.pt\/en\/2021\/07\/acoes-de-sensibilizacao-tecnicas-de-comunicacao-assertiva-e-empatia\/#breadcrumb","itemListElement":[{"@type":"ListItem","position":1,"name":"In\u00edcio","item":"https:\/\/iacrianca.pt\/en\/"},{"@type":"ListItem","position":2,"name":"A\u00e7\u00f5es de sensibiliza\u00e7\u00e3o \u2013 T\u00e9cnicas de Comunica\u00e7\u00e3o Assertiva e Empatia"}]},{"@type":"WebSite","@id":"https:\/\/iacrianca.pt\/en\/#website","url":"https:\/\/iacrianca.pt\/en\/","name":"Instituto de Apoio \u00e0 Crian\u00e7a","description":"Desde 1983 na defesa e promo\u00e7\u00e3o dos direitos da crian\u00e7a","publisher":{"@id":"https:\/\/iacrianca.pt\/en\/#organization"},"potentialAction":[{"@type":"SearchAction","target":{"@type":"EntryPoint","urlTemplate":"https:\/\/iacrianca.pt\/en\/?s={search_term_string}"},"query-input":{"@type":"PropertyValueSpecification","valueRequired":true,"valueName":"search_term_string"}}],"inLanguage":"en-US"},{"@type":"Organization","@id":"https:\/\/iacrianca.pt\/en\/#organization","name":"Instituto de Apoio \u00e0 Crian\u00e7a","url":"https:\/\/iacrianca.pt\/en\/","logo":{"@type":"ImageObject","inLanguage":"en-US","@id":"https:\/\/iacrianca.pt\/en\/#\/schema\/logo\/image\/","url":"https:\/\/iacrianca.pt\/wp-content\/uploads\/2020\/04\/logo-iac-SD.jpg","contentUrl":"https:\/\/iacrianca.pt\/wp-content\/uploads\/2020\/04\/logo-iac-SD.jpg","width":152,"height":73,"caption":"Instituto de Apoio \u00e0 Crian\u00e7a"},"image":{"@id":"https:\/\/iacrianca.pt\/en\/#\/schema\/logo\/image\/"},"sameAs":["https:\/\/www.facebook.com\/iacinstitutodeapoioacrianca","https:\/\/x.com\/iacapoiocrianca","https:\/\/www.youtube.com\/channel\/UC0jjfZ_xkN_59gJf_RQ-ZnQ","https:\/\/www.linkedin.com\/company\/instituto-de-apoio--criana\/","https:\/\/www.instagram.com\/iacinstitutodeapoioacrianca\/","https:\/\/criancasatortoeadireitos.wordpress.com\/"]},{"@type":"Person","@id":"https:\/\/iacrianca.pt\/en\/#\/schema\/person\/1c48c6e4b70d0dc7360e4b28ceaa5f6b","name":"Administra\u00e7\u00e3o IAC","image":{"@type":"ImageObject","inLanguage":"en-US","@id":"https:\/\/secure.gravatar.com\/avatar\/60b998c71de37dcc1398fc6d48c6b5ed7533e3ceec837c948055f072e3158ff1?s=96&d=mm&r=g","url":"https:\/\/secure.gravatar.com\/avatar\/60b998c71de37dcc1398fc6d48c6b5ed7533e3ceec837c948055f072e3158ff1?s=96&d=mm&r=g","contentUrl":"https:\/\/secure.gravatar.com\/avatar\/60b998c71de37dcc1398fc6d48c6b5ed7533e3ceec837c948055f072e3158ff1?s=96&d=mm&r=g","caption":"Administra\u00e7\u00e3o IAC"}}]}},"_links":{"self":[{"href":"https:\/\/iacrianca.pt\/en\/wp-json\/wp\/v2\/posts\/8065","targetHints":{"allow":["GET"]}}],"collection":[{"href":"https:\/\/iacrianca.pt\/en\/wp-json\/wp\/v2\/posts"}],"about":[{"href":"https:\/\/iacrianca.pt\/en\/wp-json\/wp\/v2\/types\/post"}],"author":[{"embeddable":true,"href":"https:\/\/iacrianca.pt\/en\/wp-json\/wp\/v2\/users\/2"}],"replies":[{"embeddable":true,"href":"https:\/\/iacrianca.pt\/en\/wp-json\/wp\/v2\/comments?post=8065"}],"version-history":[{"count":0,"href":"https:\/\/iacrianca.pt\/en\/wp-json\/wp\/v2\/posts\/8065\/revisions"}],"wp:featuredmedia":[{"embeddable":true,"href":"https:\/\/iacrianca.pt\/en\/wp-json\/wp\/v2\/media\/8066"}],"wp:attachment":[{"href":"https:\/\/iacrianca.pt\/en\/wp-json\/wp\/v2\/media?parent=8065"}],"wp:term":[{"taxonomy":"category","embeddable":true,"href":"https:\/\/iacrianca.pt\/en\/wp-json\/wp\/v2\/categories?post=8065"},{"taxonomy":"post_tag","embeddable":true,"href":"https:\/\/iacrianca.pt\/en\/wp-json\/wp\/v2\/tags?post=8065"}],"curies":[{"name":"wp","href":"https:\/\/api.w.org\/{rel}","templated":true}]}}