{"id":8139,"date":"2021-07-06T14:20:34","date_gmt":"2021-07-06T14:20:34","guid":{"rendered":"https:\/\/iacrianca.pt\/?p=8139"},"modified":"2021-07-12T16:41:27","modified_gmt":"2021-07-12T16:41:27","slug":"danca-com-impacto-no-condado","status":"publish","type":"post","link":"https:\/\/iacrianca.pt\/en\/2021\/07\/danca-com-impacto-no-condado\/","title":{"rendered":"Dan\u00e7a com Impacto no Condado"},"content":{"rendered":"<p><span data-contrast=\"none\">Depois da apresenta\u00e7\u00e3o deste projeto no B\u00ba Dr. Alfredo Bensa\u00fade, consider\u00e1mos que fazia todo o sentido traz\u00ea-lo tamb\u00e9m para a freguesia de Marvila, pois as crian\u00e7as e jovens do B\u00ba do Condado, benefici\u00e1rios do Projeto Educa(CON)dado, tamb\u00e9m iriam gostar de dar um \u201cpezinho de dan\u00e7a\u201d. A express\u00e3o art\u00edstica \u00e9 uma das atividades que est\u00e1 prevista, com o objetivo de proporcionar experi\u00eancias diferentes. <\/span><span data-ccp-props=\"{&quot;134233117&quot;:true,&quot;134233118&quot;:true,&quot;201341983&quot;:0,&quot;335551550&quot;:6,&quot;335551620&quot;:6,&quot;335559740&quot;:240}\">\u00a0<\/span><\/p>\n<p><span data-contrast=\"none\">Assim, e com o apoio da Junta de Freguesia de Marvila, o Projeto Dan\u00e7a com Impacto tamb\u00e9m aconteceu no B\u00ba do Condado, com a realiza\u00e7\u00e3o de um 1\u00ba Workshop no passado dia 16 de junho e com o agendamento de mais duas atividades previstas para os meses de julho e agosto.<\/span><span data-ccp-props=\"{&quot;134233117&quot;:true,&quot;134233118&quot;:true,&quot;201341983&quot;:0,&quot;335551550&quot;:6,&quot;335551620&quot;:6,&quot;335559740&quot;:240}\">\u00a0<\/span><\/p>\n<p><span data-contrast=\"none\">Esta atividade, que teve como estilo\u00a0<\/span><i><span data-contrast=\"none\">Robot Dance<\/span><\/i><span data-contrast=\"none\">, aconteceu na rua, nas traseiras do Espa\u00e7o do IAC e contou com a participa\u00e7\u00e3o de muitas crian\u00e7as e jovens, ainda que, alguns mais t\u00edmidos n\u00e3o se tenham aventurado a experimentar e tenham preferido ficar como espectadores.\u00a0<\/span><span data-ccp-props=\"{&quot;134233117&quot;:true,&quot;134233118&quot;:true,&quot;201341983&quot;:0,&quot;335551550&quot;:6,&quot;335551620&quot;:6,&quot;335559740&quot;:240}\">\u00a0<\/span><\/p>\n<p><span data-contrast=\"none\">Vamos ver os pr\u00f3ximos workshops que novidades v\u00e3o trazer!<\/span><span data-ccp-props=\"{&quot;134233117&quot;:true,&quot;134233118&quot;:true,&quot;201341983&quot;:0,&quot;335551550&quot;:6,&quot;335551620&quot;:6,&quot;335559740&quot;:240}\">\u00a0<\/span><\/p>\n<p><span data-contrast=\"none\">Recordamos que este Projeto tem como miss\u00e3o apoiar crian\u00e7as e jovens em risco social, facultando ferramentas socioculturais atrav\u00e9s da dan\u00e7a e da m\u00fasica, permitindo criar oportunidades \u00fanicas.<\/span><span data-ccp-props=\"{&quot;134233117&quot;:true,&quot;134233118&quot;:true,&quot;201341983&quot;:0,&quot;335551550&quot;:6,&quot;335551620&quot;:6,&quot;335559740&quot;:240}\">\u00a0<\/span><\/p>\n<p><img decoding=\"async\" class=\"alignnone size-medium wp-image-8142\" src=\"https:\/\/iacrianca.pt\/wp-content\/uploads\/2021\/07\/20-300x41.png\" alt=\"\" width=\"300\" height=\"41\" srcset=\"https:\/\/iacrianca.pt\/wp-content\/uploads\/2021\/07\/20-300x41.png 300w, https:\/\/iacrianca.pt\/wp-content\/uploads\/2021\/07\/20-768x104.png 768w, https:\/\/iacrianca.pt\/wp-content\/uploads\/2021\/07\/20.png 858w\" sizes=\"(max-width: 300px) 100vw, 300px\" \/><\/p>\n<p><img fetchpriority=\"high\" decoding=\"async\" class=\"alignnone size-medium wp-image-8140\" src=\"https:\/\/iacrianca.pt\/wp-content\/uploads\/2021\/07\/danca-300x225.jpg\" alt=\"\" width=\"300\" height=\"225\" srcset=\"https:\/\/iacrianca.pt\/wp-content\/uploads\/2021\/07\/danca-300x225.jpg 300w, https:\/\/iacrianca.pt\/wp-content\/uploads\/2021\/07\/danca.jpg 640w\" sizes=\"(max-width: 300px) 100vw, 300px\" \/><\/p>\n<p><span data-ccp-props=\"{&quot;201341983&quot;:0,&quot;335559739&quot;:160,&quot;335559740&quot;:259}\">\u00a0<\/span><\/p>\n","protected":false},"excerpt":{"rendered":"<p> No dia 9 assinala-se o Dia da Internet Segura cujo tema este ano \u00e9 \u201cJuntos por uma internet melhor\u201d. o IAC em parceria com\u00a0o Projecto MiudosSegurosNa.Net e a a Associa\u00e7\u00e3o AjudAjudar lan\u00e7aram recentemente um apelo \u00e0 Presid\u00eancia Portuguesa da Uni\u00e3o Europeia para que se chegue com celeridade a um acordo de Derroga\u00e7\u00e3o Tempor\u00e1ria da Diretiva da Privacidade Eletr\u00f3nica, para que assim sejam reativadas ferramentas (tecnologias espec\u00edficas) que eram usadas para detetar, denunciar, remover e bloquear materiais com conte\u00fados abusivos envolvendo crian\u00e7as.\u00a0<\/p>\n","protected":false},"author":2,"featured_media":8140,"comment_status":"open","ping_status":"open","sticky":false,"template":"","format":"standard","meta":{"_acf_changed":false,"footnotes":""},"categories":[63],"tags":[],"class_list":["post-8139","post","type-post","status-publish","format-standard","has-post-thumbnail","hentry","category-newsletter","category-63","description-off"],"acf":[],"yoast_head":"<!-- This site is optimized with the Yoast SEO plugin v27.4 - https:\/\/yoast.com\/product\/yoast-seo-wordpress\/ -->\n<title>Dan\u00e7a com Impacto no Condado | Instituto de Apoio \u00e0 Crian\u00e7a<\/title>\n<meta name=\"robots\" content=\"index, follow, max-snippet:-1, max-image-preview:large, max-video-preview:-1\" \/>\n<link rel=\"canonical\" href=\"https:\/\/iacrianca.pt\/en\/2021\/07\/danca-com-impacto-no-condado\/\" \/>\n<meta property=\"og:locale\" content=\"en_US\" \/>\n<meta property=\"og:type\" content=\"article\" \/>\n<meta property=\"og:title\" content=\"Dan\u00e7a com Impacto no Condado | Instituto de Apoio \u00e0 Crian\u00e7a\" \/>\n<meta property=\"og:description\" content=\"No dia 9 assinala-se o Dia da Internet Segura cujo tema este ano \u00e9 \u201cJuntos por uma internet melhor\u201d. o IAC em parceria com\u00a0o Projecto MiudosSegurosNa.Net e a a Associa\u00e7\u00e3o AjudAjudar lan\u00e7aram recentemente um apelo \u00e0 Presid\u00eancia Portuguesa da Uni\u00e3o Europeia para que se chegue com celeridade a um acordo de Derroga\u00e7\u00e3o Tempor\u00e1ria da Diretiva da Privacidade Eletr\u00f3nica, para que assim sejam reativadas ferramentas (tecnologias espec\u00edficas) que eram usadas para detetar, denunciar, remover e bloquear materiais com conte\u00fados abusivos envolvendo crian\u00e7as.\u00a0\" \/>\n<meta property=\"og:url\" content=\"https:\/\/iacrianca.pt\/en\/2021\/07\/danca-com-impacto-no-condado\/\" \/>\n<meta property=\"og:site_name\" content=\"Instituto de Apoio \u00e0 Crian\u00e7a\" \/>\n<meta property=\"article:publisher\" content=\"https:\/\/www.facebook.com\/iacinstitutodeapoioacrianca\" \/>\n<meta property=\"article:published_time\" content=\"2021-07-06T14:20:34+00:00\" \/>\n<meta property=\"article:modified_time\" content=\"2021-07-12T16:41:27+00:00\" \/>\n<meta property=\"og:image\" content=\"https:\/\/iacrianca.pt\/wp-content\/uploads\/2021\/07\/danca.jpg\" \/>\n\t<meta property=\"og:image:width\" content=\"640\" \/>\n\t<meta property=\"og:image:height\" content=\"480\" \/>\n\t<meta property=\"og:image:type\" content=\"image\/jpeg\" \/>\n<meta name=\"author\" content=\"Administra\u00e7\u00e3o IAC\" \/>\n<meta name=\"twitter:card\" content=\"summary_large_image\" \/>\n<meta name=\"twitter:creator\" content=\"@iacapoiocrianca\" \/>\n<meta name=\"twitter:site\" content=\"@iacapoiocrianca\" \/>\n<meta name=\"twitter:label1\" content=\"Written by\" \/>\n\t<meta name=\"twitter:data1\" content=\"Administra\u00e7\u00e3o IAC\" \/>\n\t<meta name=\"twitter:label2\" content=\"Est. reading time\" \/>\n\t<meta name=\"twitter:data2\" content=\"1 minute\" \/>\n<script type=\"application\/ld+json\" class=\"yoast-schema-graph\">{\"@context\":\"https:\\\/\\\/schema.org\",\"@graph\":[{\"@type\":\"Article\",\"@id\":\"https:\\\/\\\/iacrianca.pt\\\/en\\\/2021\\\/07\\\/danca-com-impacto-no-condado\\\/#article\",\"isPartOf\":{\"@id\":\"https:\\\/\\\/iacrianca.pt\\\/en\\\/2021\\\/07\\\/danca-com-impacto-no-condado\\\/\"},\"author\":{\"name\":\"Administra\u00e7\u00e3o IAC\",\"@id\":\"https:\\\/\\\/iacrianca.pt\\\/en\\\/#\\\/schema\\\/person\\\/1c48c6e4b70d0dc7360e4b28ceaa5f6b\"},\"headline\":\"Dan\u00e7a com Impacto no Condado\",\"datePublished\":\"2021-07-06T14:20:34+00:00\",\"dateModified\":\"2021-07-12T16:41:27+00:00\",\"mainEntityOfPage\":{\"@id\":\"https:\\\/\\\/iacrianca.pt\\\/en\\\/2021\\\/07\\\/danca-com-impacto-no-condado\\\/\"},\"wordCount\":225,\"commentCount\":0,\"publisher\":{\"@id\":\"https:\\\/\\\/iacrianca.pt\\\/en\\\/#organization\"},\"image\":{\"@id\":\"https:\\\/\\\/iacrianca.pt\\\/en\\\/2021\\\/07\\\/danca-com-impacto-no-condado\\\/#primaryimage\"},\"thumbnailUrl\":\"https:\\\/\\\/iacrianca.pt\\\/wp-content\\\/uploads\\\/2021\\\/07\\\/danca.jpg\",\"articleSection\":[\"Newsletter\"],\"inLanguage\":\"en-US\",\"potentialAction\":[{\"@type\":\"CommentAction\",\"name\":\"Comment\",\"target\":[\"https:\\\/\\\/iacrianca.pt\\\/en\\\/2021\\\/07\\\/danca-com-impacto-no-condado\\\/#respond\"]}]},{\"@type\":\"WebPage\",\"@id\":\"https:\\\/\\\/iacrianca.pt\\\/en\\\/2021\\\/07\\\/danca-com-impacto-no-condado\\\/\",\"url\":\"https:\\\/\\\/iacrianca.pt\\\/en\\\/2021\\\/07\\\/danca-com-impacto-no-condado\\\/\",\"name\":\"Dan\u00e7a com Impacto no Condado | Instituto de Apoio \u00e0 Crian\u00e7a\",\"isPartOf\":{\"@id\":\"https:\\\/\\\/iacrianca.pt\\\/en\\\/#website\"},\"primaryImageOfPage\":{\"@id\":\"https:\\\/\\\/iacrianca.pt\\\/en\\\/2021\\\/07\\\/danca-com-impacto-no-condado\\\/#primaryimage\"},\"image\":{\"@id\":\"https:\\\/\\\/iacrianca.pt\\\/en\\\/2021\\\/07\\\/danca-com-impacto-no-condado\\\/#primaryimage\"},\"thumbnailUrl\":\"https:\\\/\\\/iacrianca.pt\\\/wp-content\\\/uploads\\\/2021\\\/07\\\/danca.jpg\",\"datePublished\":\"2021-07-06T14:20:34+00:00\",\"dateModified\":\"2021-07-12T16:41:27+00:00\",\"breadcrumb\":{\"@id\":\"https:\\\/\\\/iacrianca.pt\\\/en\\\/2021\\\/07\\\/danca-com-impacto-no-condado\\\/#breadcrumb\"},\"inLanguage\":\"en-US\",\"potentialAction\":[{\"@type\":\"ReadAction\",\"target\":[\"https:\\\/\\\/iacrianca.pt\\\/en\\\/2021\\\/07\\\/danca-com-impacto-no-condado\\\/\"]}]},{\"@type\":\"ImageObject\",\"inLanguage\":\"en-US\",\"@id\":\"https:\\\/\\\/iacrianca.pt\\\/en\\\/2021\\\/07\\\/danca-com-impacto-no-condado\\\/#primaryimage\",\"url\":\"https:\\\/\\\/iacrianca.pt\\\/wp-content\\\/uploads\\\/2021\\\/07\\\/danca.jpg\",\"contentUrl\":\"https:\\\/\\\/iacrianca.pt\\\/wp-content\\\/uploads\\\/2021\\\/07\\\/danca.jpg\",\"width\":640,\"height\":480},{\"@type\":\"BreadcrumbList\",\"@id\":\"https:\\\/\\\/iacrianca.pt\\\/en\\\/2021\\\/07\\\/danca-com-impacto-no-condado\\\/#breadcrumb\",\"itemListElement\":[{\"@type\":\"ListItem\",\"position\":1,\"name\":\"In\u00edcio\",\"item\":\"https:\\\/\\\/iacrianca.pt\\\/en\\\/\"},{\"@type\":\"ListItem\",\"position\":2,\"name\":\"Dan\u00e7a com Impacto no Condado\"}]},{\"@type\":\"WebSite\",\"@id\":\"https:\\\/\\\/iacrianca.pt\\\/en\\\/#website\",\"url\":\"https:\\\/\\\/iacrianca.pt\\\/en\\\/\",\"name\":\"Instituto de Apoio \u00e0 Crian\u00e7a\",\"description\":\"Desde 1983 na defesa e promo\u00e7\u00e3o dos direitos da crian\u00e7a\",\"publisher\":{\"@id\":\"https:\\\/\\\/iacrianca.pt\\\/en\\\/#organization\"},\"potentialAction\":[{\"@type\":\"SearchAction\",\"target\":{\"@type\":\"EntryPoint\",\"urlTemplate\":\"https:\\\/\\\/iacrianca.pt\\\/en\\\/?s={search_term_string}\"},\"query-input\":{\"@type\":\"PropertyValueSpecification\",\"valueRequired\":true,\"valueName\":\"search_term_string\"}}],\"inLanguage\":\"en-US\"},{\"@type\":\"Organization\",\"@id\":\"https:\\\/\\\/iacrianca.pt\\\/en\\\/#organization\",\"name\":\"Instituto de Apoio \u00e0 Crian\u00e7a\",\"url\":\"https:\\\/\\\/iacrianca.pt\\\/en\\\/\",\"logo\":{\"@type\":\"ImageObject\",\"inLanguage\":\"en-US\",\"@id\":\"https:\\\/\\\/iacrianca.pt\\\/en\\\/#\\\/schema\\\/logo\\\/image\\\/\",\"url\":\"https:\\\/\\\/iacrianca.pt\\\/wp-content\\\/uploads\\\/2020\\\/04\\\/logo-iac-SD.jpg\",\"contentUrl\":\"https:\\\/\\\/iacrianca.pt\\\/wp-content\\\/uploads\\\/2020\\\/04\\\/logo-iac-SD.jpg\",\"width\":152,\"height\":73,\"caption\":\"Instituto de Apoio \u00e0 Crian\u00e7a\"},\"image\":{\"@id\":\"https:\\\/\\\/iacrianca.pt\\\/en\\\/#\\\/schema\\\/logo\\\/image\\\/\"},\"sameAs\":[\"https:\\\/\\\/www.facebook.com\\\/iacinstitutodeapoioacrianca\",\"https:\\\/\\\/x.com\\\/iacapoiocrianca\",\"https:\\\/\\\/www.youtube.com\\\/channel\\\/UC0jjfZ_xkN_59gJf_RQ-ZnQ\",\"https:\\\/\\\/www.linkedin.com\\\/company\\\/instituto-de-apoio--criana\\\/\",\"https:\\\/\\\/www.instagram.com\\\/iacinstitutodeapoioacrianca\\\/\",\"https:\\\/\\\/criancasatortoeadireitos.wordpress.com\\\/\"]},{\"@type\":\"Person\",\"@id\":\"https:\\\/\\\/iacrianca.pt\\\/en\\\/#\\\/schema\\\/person\\\/1c48c6e4b70d0dc7360e4b28ceaa5f6b\",\"name\":\"Administra\u00e7\u00e3o IAC\",\"image\":{\"@type\":\"ImageObject\",\"inLanguage\":\"en-US\",\"@id\":\"https:\\\/\\\/secure.gravatar.com\\\/avatar\\\/60b998c71de37dcc1398fc6d48c6b5ed7533e3ceec837c948055f072e3158ff1?s=96&d=mm&r=g\",\"url\":\"https:\\\/\\\/secure.gravatar.com\\\/avatar\\\/60b998c71de37dcc1398fc6d48c6b5ed7533e3ceec837c948055f072e3158ff1?s=96&d=mm&r=g\",\"contentUrl\":\"https:\\\/\\\/secure.gravatar.com\\\/avatar\\\/60b998c71de37dcc1398fc6d48c6b5ed7533e3ceec837c948055f072e3158ff1?s=96&d=mm&r=g\",\"caption\":\"Administra\u00e7\u00e3o IAC\"}}]}<\/script>\n<!-- \/ Yoast SEO plugin. -->","yoast_head_json":{"title":"Dan\u00e7a com Impacto no Condado | Instituto de Apoio \u00e0 Crian\u00e7a","robots":{"index":"index","follow":"follow","max-snippet":"max-snippet:-1","max-image-preview":"max-image-preview:large","max-video-preview":"max-video-preview:-1"},"canonical":"https:\/\/iacrianca.pt\/en\/2021\/07\/danca-com-impacto-no-condado\/","og_locale":"en_US","og_type":"article","og_title":"Dan\u00e7a com Impacto no Condado | Instituto de Apoio \u00e0 Crian\u00e7a","og_description":"No dia 9 assinala-se o Dia da Internet Segura cujo tema este ano \u00e9 \u201cJuntos por uma internet melhor\u201d. o IAC em parceria com\u00a0o Projecto MiudosSegurosNa.Net e a a Associa\u00e7\u00e3o AjudAjudar lan\u00e7aram recentemente um apelo \u00e0 Presid\u00eancia Portuguesa da Uni\u00e3o Europeia para que se chegue com celeridade a um acordo de Derroga\u00e7\u00e3o Tempor\u00e1ria da Diretiva da Privacidade Eletr\u00f3nica, para que assim sejam reativadas ferramentas (tecnologias espec\u00edficas) que eram usadas para detetar, denunciar, remover e bloquear materiais com conte\u00fados abusivos envolvendo crian\u00e7as.\u00a0","og_url":"https:\/\/iacrianca.pt\/en\/2021\/07\/danca-com-impacto-no-condado\/","og_site_name":"Instituto de Apoio \u00e0 Crian\u00e7a","article_publisher":"https:\/\/www.facebook.com\/iacinstitutodeapoioacrianca","article_published_time":"2021-07-06T14:20:34+00:00","article_modified_time":"2021-07-12T16:41:27+00:00","og_image":[{"width":640,"height":480,"url":"https:\/\/iacrianca.pt\/wp-content\/uploads\/2021\/07\/danca.jpg","type":"image\/jpeg"}],"author":"Administra\u00e7\u00e3o IAC","twitter_card":"summary_large_image","twitter_creator":"@iacapoiocrianca","twitter_site":"@iacapoiocrianca","twitter_misc":{"Written by":"Administra\u00e7\u00e3o IAC","Est. reading time":"1 minute"},"schema":{"@context":"https:\/\/schema.org","@graph":[{"@type":"Article","@id":"https:\/\/iacrianca.pt\/en\/2021\/07\/danca-com-impacto-no-condado\/#article","isPartOf":{"@id":"https:\/\/iacrianca.pt\/en\/2021\/07\/danca-com-impacto-no-condado\/"},"author":{"name":"Administra\u00e7\u00e3o IAC","@id":"https:\/\/iacrianca.pt\/en\/#\/schema\/person\/1c48c6e4b70d0dc7360e4b28ceaa5f6b"},"headline":"Dan\u00e7a com Impacto no Condado","datePublished":"2021-07-06T14:20:34+00:00","dateModified":"2021-07-12T16:41:27+00:00","mainEntityOfPage":{"@id":"https:\/\/iacrianca.pt\/en\/2021\/07\/danca-com-impacto-no-condado\/"},"wordCount":225,"commentCount":0,"publisher":{"@id":"https:\/\/iacrianca.pt\/en\/#organization"},"image":{"@id":"https:\/\/iacrianca.pt\/en\/2021\/07\/danca-com-impacto-no-condado\/#primaryimage"},"thumbnailUrl":"https:\/\/iacrianca.pt\/wp-content\/uploads\/2021\/07\/danca.jpg","articleSection":["Newsletter"],"inLanguage":"en-US","potentialAction":[{"@type":"CommentAction","name":"Comment","target":["https:\/\/iacrianca.pt\/en\/2021\/07\/danca-com-impacto-no-condado\/#respond"]}]},{"@type":"WebPage","@id":"https:\/\/iacrianca.pt\/en\/2021\/07\/danca-com-impacto-no-condado\/","url":"https:\/\/iacrianca.pt\/en\/2021\/07\/danca-com-impacto-no-condado\/","name":"Dan\u00e7a com Impacto no Condado | Instituto de Apoio \u00e0 Crian\u00e7a","isPartOf":{"@id":"https:\/\/iacrianca.pt\/en\/#website"},"primaryImageOfPage":{"@id":"https:\/\/iacrianca.pt\/en\/2021\/07\/danca-com-impacto-no-condado\/#primaryimage"},"image":{"@id":"https:\/\/iacrianca.pt\/en\/2021\/07\/danca-com-impacto-no-condado\/#primaryimage"},"thumbnailUrl":"https:\/\/iacrianca.pt\/wp-content\/uploads\/2021\/07\/danca.jpg","datePublished":"2021-07-06T14:20:34+00:00","dateModified":"2021-07-12T16:41:27+00:00","breadcrumb":{"@id":"https:\/\/iacrianca.pt\/en\/2021\/07\/danca-com-impacto-no-condado\/#breadcrumb"},"inLanguage":"en-US","potentialAction":[{"@type":"ReadAction","target":["https:\/\/iacrianca.pt\/en\/2021\/07\/danca-com-impacto-no-condado\/"]}]},{"@type":"ImageObject","inLanguage":"en-US","@id":"https:\/\/iacrianca.pt\/en\/2021\/07\/danca-com-impacto-no-condado\/#primaryimage","url":"https:\/\/iacrianca.pt\/wp-content\/uploads\/2021\/07\/danca.jpg","contentUrl":"https:\/\/iacrianca.pt\/wp-content\/uploads\/2021\/07\/danca.jpg","width":640,"height":480},{"@type":"BreadcrumbList","@id":"https:\/\/iacrianca.pt\/en\/2021\/07\/danca-com-impacto-no-condado\/#breadcrumb","itemListElement":[{"@type":"ListItem","position":1,"name":"In\u00edcio","item":"https:\/\/iacrianca.pt\/en\/"},{"@type":"ListItem","position":2,"name":"Dan\u00e7a com Impacto no Condado"}]},{"@type":"WebSite","@id":"https:\/\/iacrianca.pt\/en\/#website","url":"https:\/\/iacrianca.pt\/en\/","name":"Instituto de Apoio \u00e0 Crian\u00e7a","description":"Desde 1983 na defesa e promo\u00e7\u00e3o dos direitos da crian\u00e7a","publisher":{"@id":"https:\/\/iacrianca.pt\/en\/#organization"},"potentialAction":[{"@type":"SearchAction","target":{"@type":"EntryPoint","urlTemplate":"https:\/\/iacrianca.pt\/en\/?s={search_term_string}"},"query-input":{"@type":"PropertyValueSpecification","valueRequired":true,"valueName":"search_term_string"}}],"inLanguage":"en-US"},{"@type":"Organization","@id":"https:\/\/iacrianca.pt\/en\/#organization","name":"Instituto de Apoio \u00e0 Crian\u00e7a","url":"https:\/\/iacrianca.pt\/en\/","logo":{"@type":"ImageObject","inLanguage":"en-US","@id":"https:\/\/iacrianca.pt\/en\/#\/schema\/logo\/image\/","url":"https:\/\/iacrianca.pt\/wp-content\/uploads\/2020\/04\/logo-iac-SD.jpg","contentUrl":"https:\/\/iacrianca.pt\/wp-content\/uploads\/2020\/04\/logo-iac-SD.jpg","width":152,"height":73,"caption":"Instituto de Apoio \u00e0 Crian\u00e7a"},"image":{"@id":"https:\/\/iacrianca.pt\/en\/#\/schema\/logo\/image\/"},"sameAs":["https:\/\/www.facebook.com\/iacinstitutodeapoioacrianca","https:\/\/x.com\/iacapoiocrianca","https:\/\/www.youtube.com\/channel\/UC0jjfZ_xkN_59gJf_RQ-ZnQ","https:\/\/www.linkedin.com\/company\/instituto-de-apoio--criana\/","https:\/\/www.instagram.com\/iacinstitutodeapoioacrianca\/","https:\/\/criancasatortoeadireitos.wordpress.com\/"]},{"@type":"Person","@id":"https:\/\/iacrianca.pt\/en\/#\/schema\/person\/1c48c6e4b70d0dc7360e4b28ceaa5f6b","name":"Administra\u00e7\u00e3o IAC","image":{"@type":"ImageObject","inLanguage":"en-US","@id":"https:\/\/secure.gravatar.com\/avatar\/60b998c71de37dcc1398fc6d48c6b5ed7533e3ceec837c948055f072e3158ff1?s=96&d=mm&r=g","url":"https:\/\/secure.gravatar.com\/avatar\/60b998c71de37dcc1398fc6d48c6b5ed7533e3ceec837c948055f072e3158ff1?s=96&d=mm&r=g","contentUrl":"https:\/\/secure.gravatar.com\/avatar\/60b998c71de37dcc1398fc6d48c6b5ed7533e3ceec837c948055f072e3158ff1?s=96&d=mm&r=g","caption":"Administra\u00e7\u00e3o IAC"}}]}},"_links":{"self":[{"href":"https:\/\/iacrianca.pt\/en\/wp-json\/wp\/v2\/posts\/8139","targetHints":{"allow":["GET"]}}],"collection":[{"href":"https:\/\/iacrianca.pt\/en\/wp-json\/wp\/v2\/posts"}],"about":[{"href":"https:\/\/iacrianca.pt\/en\/wp-json\/wp\/v2\/types\/post"}],"author":[{"embeddable":true,"href":"https:\/\/iacrianca.pt\/en\/wp-json\/wp\/v2\/users\/2"}],"replies":[{"embeddable":true,"href":"https:\/\/iacrianca.pt\/en\/wp-json\/wp\/v2\/comments?post=8139"}],"version-history":[{"count":0,"href":"https:\/\/iacrianca.pt\/en\/wp-json\/wp\/v2\/posts\/8139\/revisions"}],"wp:featuredmedia":[{"embeddable":true,"href":"https:\/\/iacrianca.pt\/en\/wp-json\/wp\/v2\/media\/8140"}],"wp:attachment":[{"href":"https:\/\/iacrianca.pt\/en\/wp-json\/wp\/v2\/media?parent=8139"}],"wp:term":[{"taxonomy":"category","embeddable":true,"href":"https:\/\/iacrianca.pt\/en\/wp-json\/wp\/v2\/categories?post=8139"},{"taxonomy":"post_tag","embeddable":true,"href":"https:\/\/iacrianca.pt\/en\/wp-json\/wp\/v2\/tags?post=8139"}],"curies":[{"name":"wp","href":"https:\/\/api.w.org\/{rel}","templated":true}]}}