{"id":8152,"date":"2021-07-07T13:33:11","date_gmt":"2021-07-07T13:33:11","guid":{"rendered":"https:\/\/iacrianca.pt\/?p=8152"},"modified":"2021-07-13T14:40:30","modified_gmt":"2021-07-13T14:40:30","slug":"iac-investir-atualizar-capacitar","status":"publish","type":"post","link":"https:\/\/iacrianca.pt\/en\/2021\/07\/iac-investir-atualizar-capacitar\/","title":{"rendered":"IAC &#8211; Investir, Atualizar, Capacitar"},"content":{"rendered":"<div>Este m\u00eas arrancou o projeto &#8220;IAC &#8211; Investir,\u00a0Atualizar, Capacitar&#8221;, que tem o apoio do Programa Cidad\u00e3os Ativ@s\/Active Citizens Fund.<\/div>\n<div>A prioridade do IAC foi sempre\u00a0<span lang=\"pt-PT\">a interven\u00e7\u00e3o direta com os diversos grupos-alvo, o desenvolvimento de metodologias inovadoras e o estabelecimento de parcerias e redes, o que nos tornou numa institui\u00e7\u00e3o de refer\u00eancia a n\u00edvel nacional e internacional na \u00e1rea dos Direitos da Crian\u00e7a.\u00a0<\/span><\/div>\n<div>Tendo o IAC sempre feito um trabalho de excel\u00eancia no acompanhamento das quest\u00f5es relativas \u00e0 inf\u00e2ncia, urge agora focar-se na gest\u00e3o interna da organiza\u00e7\u00e3o, de modo a posicionar-se no topo das pr\u00e1ticas de efic\u00e1cia e efici\u00eancia, garantindo uma melhor interven\u00e7\u00e3o junto dos seus grupos-alvo.\u00a0<span lang=\"pt-PT\">A liga\u00e7\u00e3o da miss\u00e3o social \u00e0s melhores pr\u00e1ticas de gest\u00e3o, a qualidade dos servi\u00e7os aliada \u00e0 inova\u00e7\u00e3o e ao empreendedorismo, os resultados e o impacto ligados ao financiamento, s\u00e3o princ\u00edpios de\u00a0mudan\u00e7a que\u00a0devem ser refor\u00e7ados, sempre ajustados \u00e0 pluralidade de realidades dos intervenientes neste ecossistema social.\u00a0<\/span><\/div>\n<div><span lang=\"pt-PT\">Assim,\u00a0surgiu o projeto IAC &#8211; Investir, Atualizar e Capacitar.<\/span>\u00a0Este\u00a0tem por objetivo ajustar o modelo de governa\u00e7\u00e3o, melhorar os procedimentos internos, garantir a sustentabilidade do IAC atrav\u00e9s da reorganiza\u00e7\u00e3o e implementa\u00e7\u00e3o da estrat\u00e9gia de angaria\u00e7\u00e3o de fundos e do desenvolvimento de instrumentos de monitoriza\u00e7\u00e3o e avalia\u00e7\u00e3o, aumentar a efic\u00e1cia dos colaboradores atrav\u00e9s de forma\u00e7\u00e3o em TIC e criar condi\u00e7\u00f5es para obter o Certificado de Gest\u00e3o da Qualidade.<\/div>\n<div>P\u00e1gina do projeto &#8220;IAC &#8211; Investir, Atualizar, Capacitar&#8221; <a href=\"https:\/\/iacrianca.pt\/projetos-transversais\/programa-cidadaos-ativs-iac-investir-atualizar-capacitar\/\">aqui<\/a><\/div>\n<p>&nbsp;<\/p>\n<p><img fetchpriority=\"high\" decoding=\"async\" class=\"alignnone size-medium wp-image-8159\" src=\"https:\/\/iacrianca.pt\/wp-content\/uploads\/2021\/07\/3-300x300.jpg\" alt=\"\" width=\"300\" height=\"300\" srcset=\"https:\/\/iacrianca.pt\/wp-content\/uploads\/2021\/07\/3-300x300.jpg 300w, https:\/\/iacrianca.pt\/wp-content\/uploads\/2021\/07\/3-1024x1024.jpg 1024w, https:\/\/iacrianca.pt\/wp-content\/uploads\/2021\/07\/3-150x150.jpg 150w, https:\/\/iacrianca.pt\/wp-content\/uploads\/2021\/07\/3-768x768.jpg 768w, https:\/\/iacrianca.pt\/wp-content\/uploads\/2021\/07\/3-1536x1536.jpg 1536w, https:\/\/iacrianca.pt\/wp-content\/uploads\/2021\/07\/3.jpg 1920w\" sizes=\"(max-width: 300px) 100vw, 300px\" \/><\/p>\n","protected":false},"excerpt":{"rendered":"<p> No dia 9 assinala-se o Dia da Internet Segura cujo tema este ano \u00e9 \u201cJuntos por uma internet melhor\u201d. o IAC em parceria com\u00a0o Projecto MiudosSegurosNa.Net e a a Associa\u00e7\u00e3o AjudAjudar lan\u00e7aram recentemente um apelo \u00e0 Presid\u00eancia Portuguesa da Uni\u00e3o Europeia para que se chegue com celeridade a um acordo de Derroga\u00e7\u00e3o Tempor\u00e1ria da Diretiva da Privacidade Eletr\u00f3nica, para que assim sejam reativadas ferramentas (tecnologias espec\u00edficas) que eram usadas para detetar, denunciar, remover e bloquear materiais com conte\u00fados abusivos envolvendo crian\u00e7as.\u00a0<\/p>\n","protected":false},"author":2,"featured_media":8159,"comment_status":"open","ping_status":"open","sticky":false,"template":"","format":"standard","meta":{"_acf_changed":false,"footnotes":""},"categories":[63],"tags":[],"class_list":["post-8152","post","type-post","status-publish","format-standard","has-post-thumbnail","hentry","category-newsletter","category-63","description-off"],"acf":[],"yoast_head":"<!-- This site is optimized with the Yoast SEO plugin v27.5 - https:\/\/yoast.com\/product\/yoast-seo-wordpress\/ -->\n<title>IAC - Investir, Atualizar, Capacitar | Instituto de Apoio \u00e0 Crian\u00e7a<\/title>\n<meta name=\"robots\" content=\"index, follow, max-snippet:-1, max-image-preview:large, max-video-preview:-1\" \/>\n<link rel=\"canonical\" href=\"https:\/\/iacrianca.pt\/en\/2021\/07\/iac-investir-atualizar-capacitar\/\" \/>\n<meta property=\"og:locale\" content=\"en_US\" \/>\n<meta property=\"og:type\" content=\"article\" \/>\n<meta property=\"og:title\" content=\"IAC - Investir, Atualizar, Capacitar | Instituto de Apoio \u00e0 Crian\u00e7a\" \/>\n<meta property=\"og:description\" content=\"No dia 9 assinala-se o Dia da Internet Segura cujo tema este ano \u00e9 \u201cJuntos por uma internet melhor\u201d. o IAC em parceria com\u00a0o Projecto MiudosSegurosNa.Net e a a Associa\u00e7\u00e3o AjudAjudar lan\u00e7aram recentemente um apelo \u00e0 Presid\u00eancia Portuguesa da Uni\u00e3o Europeia para que se chegue com celeridade a um acordo de Derroga\u00e7\u00e3o Tempor\u00e1ria da Diretiva da Privacidade Eletr\u00f3nica, para que assim sejam reativadas ferramentas (tecnologias espec\u00edficas) que eram usadas para detetar, denunciar, remover e bloquear materiais com conte\u00fados abusivos envolvendo crian\u00e7as.\u00a0\" \/>\n<meta property=\"og:url\" content=\"https:\/\/iacrianca.pt\/en\/2021\/07\/iac-investir-atualizar-capacitar\/\" \/>\n<meta property=\"og:site_name\" content=\"Instituto de Apoio \u00e0 Crian\u00e7a\" \/>\n<meta property=\"article:publisher\" content=\"https:\/\/www.facebook.com\/iacinstitutodeapoioacrianca\" \/>\n<meta property=\"article:published_time\" content=\"2021-07-07T13:33:11+00:00\" \/>\n<meta property=\"article:modified_time\" content=\"2021-07-13T14:40:30+00:00\" \/>\n<meta property=\"og:image\" content=\"https:\/\/iacrianca.pt\/wp-content\/uploads\/2021\/07\/3.jpg\" \/>\n\t<meta property=\"og:image:width\" content=\"1920\" \/>\n\t<meta property=\"og:image:height\" content=\"1920\" \/>\n\t<meta property=\"og:image:type\" content=\"image\/jpeg\" \/>\n<meta name=\"author\" content=\"Administra\u00e7\u00e3o IAC\" \/>\n<meta name=\"twitter:card\" content=\"summary_large_image\" \/>\n<meta name=\"twitter:creator\" content=\"@iacapoiocrianca\" \/>\n<meta name=\"twitter:site\" content=\"@iacapoiocrianca\" \/>\n<meta name=\"twitter:label1\" content=\"Written by\" \/>\n\t<meta name=\"twitter:data1\" content=\"Administra\u00e7\u00e3o IAC\" \/>\n\t<meta name=\"twitter:label2\" content=\"Est. reading time\" \/>\n\t<meta name=\"twitter:data2\" content=\"1 minute\" \/>\n<script type=\"application\/ld+json\" class=\"yoast-schema-graph\">{\"@context\":\"https:\\\/\\\/schema.org\",\"@graph\":[{\"@type\":\"Article\",\"@id\":\"https:\\\/\\\/iacrianca.pt\\\/en\\\/2021\\\/07\\\/iac-investir-atualizar-capacitar\\\/#article\",\"isPartOf\":{\"@id\":\"https:\\\/\\\/iacrianca.pt\\\/en\\\/2021\\\/07\\\/iac-investir-atualizar-capacitar\\\/\"},\"author\":{\"name\":\"Administra\u00e7\u00e3o IAC\",\"@id\":\"https:\\\/\\\/iacrianca.pt\\\/en\\\/#\\\/schema\\\/person\\\/1c48c6e4b70d0dc7360e4b28ceaa5f6b\"},\"headline\":\"IAC &#8211; Investir, Atualizar, Capacitar\",\"datePublished\":\"2021-07-07T13:33:11+00:00\",\"dateModified\":\"2021-07-13T14:40:30+00:00\",\"mainEntityOfPage\":{\"@id\":\"https:\\\/\\\/iacrianca.pt\\\/en\\\/2021\\\/07\\\/iac-investir-atualizar-capacitar\\\/\"},\"wordCount\":278,\"commentCount\":0,\"publisher\":{\"@id\":\"https:\\\/\\\/iacrianca.pt\\\/en\\\/#organization\"},\"image\":{\"@id\":\"https:\\\/\\\/iacrianca.pt\\\/en\\\/2021\\\/07\\\/iac-investir-atualizar-capacitar\\\/#primaryimage\"},\"thumbnailUrl\":\"https:\\\/\\\/iacrianca.pt\\\/wp-content\\\/uploads\\\/2021\\\/07\\\/3.jpg\",\"articleSection\":[\"Newsletter\"],\"inLanguage\":\"en-US\",\"potentialAction\":[{\"@type\":\"CommentAction\",\"name\":\"Comment\",\"target\":[\"https:\\\/\\\/iacrianca.pt\\\/en\\\/2021\\\/07\\\/iac-investir-atualizar-capacitar\\\/#respond\"]}]},{\"@type\":\"WebPage\",\"@id\":\"https:\\\/\\\/iacrianca.pt\\\/en\\\/2021\\\/07\\\/iac-investir-atualizar-capacitar\\\/\",\"url\":\"https:\\\/\\\/iacrianca.pt\\\/en\\\/2021\\\/07\\\/iac-investir-atualizar-capacitar\\\/\",\"name\":\"IAC - Investir, Atualizar, Capacitar | Instituto de Apoio \u00e0 Crian\u00e7a\",\"isPartOf\":{\"@id\":\"https:\\\/\\\/iacrianca.pt\\\/en\\\/#website\"},\"primaryImageOfPage\":{\"@id\":\"https:\\\/\\\/iacrianca.pt\\\/en\\\/2021\\\/07\\\/iac-investir-atualizar-capacitar\\\/#primaryimage\"},\"image\":{\"@id\":\"https:\\\/\\\/iacrianca.pt\\\/en\\\/2021\\\/07\\\/iac-investir-atualizar-capacitar\\\/#primaryimage\"},\"thumbnailUrl\":\"https:\\\/\\\/iacrianca.pt\\\/wp-content\\\/uploads\\\/2021\\\/07\\\/3.jpg\",\"datePublished\":\"2021-07-07T13:33:11+00:00\",\"dateModified\":\"2021-07-13T14:40:30+00:00\",\"breadcrumb\":{\"@id\":\"https:\\\/\\\/iacrianca.pt\\\/en\\\/2021\\\/07\\\/iac-investir-atualizar-capacitar\\\/#breadcrumb\"},\"inLanguage\":\"en-US\",\"potentialAction\":[{\"@type\":\"ReadAction\",\"target\":[\"https:\\\/\\\/iacrianca.pt\\\/en\\\/2021\\\/07\\\/iac-investir-atualizar-capacitar\\\/\"]}]},{\"@type\":\"ImageObject\",\"inLanguage\":\"en-US\",\"@id\":\"https:\\\/\\\/iacrianca.pt\\\/en\\\/2021\\\/07\\\/iac-investir-atualizar-capacitar\\\/#primaryimage\",\"url\":\"https:\\\/\\\/iacrianca.pt\\\/wp-content\\\/uploads\\\/2021\\\/07\\\/3.jpg\",\"contentUrl\":\"https:\\\/\\\/iacrianca.pt\\\/wp-content\\\/uploads\\\/2021\\\/07\\\/3.jpg\",\"width\":1920,\"height\":1920},{\"@type\":\"BreadcrumbList\",\"@id\":\"https:\\\/\\\/iacrianca.pt\\\/en\\\/2021\\\/07\\\/iac-investir-atualizar-capacitar\\\/#breadcrumb\",\"itemListElement\":[{\"@type\":\"ListItem\",\"position\":1,\"name\":\"In\u00edcio\",\"item\":\"https:\\\/\\\/iacrianca.pt\\\/en\\\/\"},{\"@type\":\"ListItem\",\"position\":2,\"name\":\"IAC &#8211; Investir, Atualizar, Capacitar\"}]},{\"@type\":\"WebSite\",\"@id\":\"https:\\\/\\\/iacrianca.pt\\\/en\\\/#website\",\"url\":\"https:\\\/\\\/iacrianca.pt\\\/en\\\/\",\"name\":\"Instituto de Apoio \u00e0 Crian\u00e7a\",\"description\":\"Desde 1983 na defesa e promo\u00e7\u00e3o dos direitos da crian\u00e7a\",\"publisher\":{\"@id\":\"https:\\\/\\\/iacrianca.pt\\\/en\\\/#organization\"},\"potentialAction\":[{\"@type\":\"SearchAction\",\"target\":{\"@type\":\"EntryPoint\",\"urlTemplate\":\"https:\\\/\\\/iacrianca.pt\\\/en\\\/?s={search_term_string}\"},\"query-input\":{\"@type\":\"PropertyValueSpecification\",\"valueRequired\":true,\"valueName\":\"search_term_string\"}}],\"inLanguage\":\"en-US\"},{\"@type\":\"Organization\",\"@id\":\"https:\\\/\\\/iacrianca.pt\\\/en\\\/#organization\",\"name\":\"Instituto de Apoio \u00e0 Crian\u00e7a\",\"url\":\"https:\\\/\\\/iacrianca.pt\\\/en\\\/\",\"logo\":{\"@type\":\"ImageObject\",\"inLanguage\":\"en-US\",\"@id\":\"https:\\\/\\\/iacrianca.pt\\\/en\\\/#\\\/schema\\\/logo\\\/image\\\/\",\"url\":\"https:\\\/\\\/iacrianca.pt\\\/wp-content\\\/uploads\\\/2020\\\/04\\\/logo-iac-SD.jpg\",\"contentUrl\":\"https:\\\/\\\/iacrianca.pt\\\/wp-content\\\/uploads\\\/2020\\\/04\\\/logo-iac-SD.jpg\",\"width\":152,\"height\":73,\"caption\":\"Instituto de Apoio \u00e0 Crian\u00e7a\"},\"image\":{\"@id\":\"https:\\\/\\\/iacrianca.pt\\\/en\\\/#\\\/schema\\\/logo\\\/image\\\/\"},\"sameAs\":[\"https:\\\/\\\/www.facebook.com\\\/iacinstitutodeapoioacrianca\",\"https:\\\/\\\/x.com\\\/iacapoiocrianca\",\"https:\\\/\\\/www.youtube.com\\\/channel\\\/UC0jjfZ_xkN_59gJf_RQ-ZnQ\",\"https:\\\/\\\/www.linkedin.com\\\/company\\\/instituto-de-apoio--criana\\\/\",\"https:\\\/\\\/www.instagram.com\\\/iacinstitutodeapoioacrianca\\\/\",\"https:\\\/\\\/criancasatortoeadireitos.wordpress.com\\\/\"]},{\"@type\":\"Person\",\"@id\":\"https:\\\/\\\/iacrianca.pt\\\/en\\\/#\\\/schema\\\/person\\\/1c48c6e4b70d0dc7360e4b28ceaa5f6b\",\"name\":\"Administra\u00e7\u00e3o IAC\",\"image\":{\"@type\":\"ImageObject\",\"inLanguage\":\"en-US\",\"@id\":\"https:\\\/\\\/secure.gravatar.com\\\/avatar\\\/60b998c71de37dcc1398fc6d48c6b5ed7533e3ceec837c948055f072e3158ff1?s=96&d=mm&r=g\",\"url\":\"https:\\\/\\\/secure.gravatar.com\\\/avatar\\\/60b998c71de37dcc1398fc6d48c6b5ed7533e3ceec837c948055f072e3158ff1?s=96&d=mm&r=g\",\"contentUrl\":\"https:\\\/\\\/secure.gravatar.com\\\/avatar\\\/60b998c71de37dcc1398fc6d48c6b5ed7533e3ceec837c948055f072e3158ff1?s=96&d=mm&r=g\",\"caption\":\"Administra\u00e7\u00e3o IAC\"}}]}<\/script>\n<!-- \/ Yoast SEO plugin. -->","yoast_head_json":{"title":"IAC - Investir, Atualizar, Capacitar | Instituto de Apoio \u00e0 Crian\u00e7a","robots":{"index":"index","follow":"follow","max-snippet":"max-snippet:-1","max-image-preview":"max-image-preview:large","max-video-preview":"max-video-preview:-1"},"canonical":"https:\/\/iacrianca.pt\/en\/2021\/07\/iac-investir-atualizar-capacitar\/","og_locale":"en_US","og_type":"article","og_title":"IAC - Investir, Atualizar, Capacitar | Instituto de Apoio \u00e0 Crian\u00e7a","og_description":"No dia 9 assinala-se o Dia da Internet Segura cujo tema este ano \u00e9 \u201cJuntos por uma internet melhor\u201d. o IAC em parceria com\u00a0o Projecto MiudosSegurosNa.Net e a a Associa\u00e7\u00e3o AjudAjudar lan\u00e7aram recentemente um apelo \u00e0 Presid\u00eancia Portuguesa da Uni\u00e3o Europeia para que se chegue com celeridade a um acordo de Derroga\u00e7\u00e3o Tempor\u00e1ria da Diretiva da Privacidade Eletr\u00f3nica, para que assim sejam reativadas ferramentas (tecnologias espec\u00edficas) que eram usadas para detetar, denunciar, remover e bloquear materiais com conte\u00fados abusivos envolvendo crian\u00e7as.\u00a0","og_url":"https:\/\/iacrianca.pt\/en\/2021\/07\/iac-investir-atualizar-capacitar\/","og_site_name":"Instituto de Apoio \u00e0 Crian\u00e7a","article_publisher":"https:\/\/www.facebook.com\/iacinstitutodeapoioacrianca","article_published_time":"2021-07-07T13:33:11+00:00","article_modified_time":"2021-07-13T14:40:30+00:00","og_image":[{"width":1920,"height":1920,"url":"https:\/\/iacrianca.pt\/wp-content\/uploads\/2021\/07\/3.jpg","type":"image\/jpeg"}],"author":"Administra\u00e7\u00e3o IAC","twitter_card":"summary_large_image","twitter_creator":"@iacapoiocrianca","twitter_site":"@iacapoiocrianca","twitter_misc":{"Written by":"Administra\u00e7\u00e3o IAC","Est. reading time":"1 minute"},"schema":{"@context":"https:\/\/schema.org","@graph":[{"@type":"Article","@id":"https:\/\/iacrianca.pt\/en\/2021\/07\/iac-investir-atualizar-capacitar\/#article","isPartOf":{"@id":"https:\/\/iacrianca.pt\/en\/2021\/07\/iac-investir-atualizar-capacitar\/"},"author":{"name":"Administra\u00e7\u00e3o IAC","@id":"https:\/\/iacrianca.pt\/en\/#\/schema\/person\/1c48c6e4b70d0dc7360e4b28ceaa5f6b"},"headline":"IAC &#8211; Investir, Atualizar, Capacitar","datePublished":"2021-07-07T13:33:11+00:00","dateModified":"2021-07-13T14:40:30+00:00","mainEntityOfPage":{"@id":"https:\/\/iacrianca.pt\/en\/2021\/07\/iac-investir-atualizar-capacitar\/"},"wordCount":278,"commentCount":0,"publisher":{"@id":"https:\/\/iacrianca.pt\/en\/#organization"},"image":{"@id":"https:\/\/iacrianca.pt\/en\/2021\/07\/iac-investir-atualizar-capacitar\/#primaryimage"},"thumbnailUrl":"https:\/\/iacrianca.pt\/wp-content\/uploads\/2021\/07\/3.jpg","articleSection":["Newsletter"],"inLanguage":"en-US","potentialAction":[{"@type":"CommentAction","name":"Comment","target":["https:\/\/iacrianca.pt\/en\/2021\/07\/iac-investir-atualizar-capacitar\/#respond"]}]},{"@type":"WebPage","@id":"https:\/\/iacrianca.pt\/en\/2021\/07\/iac-investir-atualizar-capacitar\/","url":"https:\/\/iacrianca.pt\/en\/2021\/07\/iac-investir-atualizar-capacitar\/","name":"IAC - Investir, Atualizar, Capacitar | Instituto de Apoio \u00e0 Crian\u00e7a","isPartOf":{"@id":"https:\/\/iacrianca.pt\/en\/#website"},"primaryImageOfPage":{"@id":"https:\/\/iacrianca.pt\/en\/2021\/07\/iac-investir-atualizar-capacitar\/#primaryimage"},"image":{"@id":"https:\/\/iacrianca.pt\/en\/2021\/07\/iac-investir-atualizar-capacitar\/#primaryimage"},"thumbnailUrl":"https:\/\/iacrianca.pt\/wp-content\/uploads\/2021\/07\/3.jpg","datePublished":"2021-07-07T13:33:11+00:00","dateModified":"2021-07-13T14:40:30+00:00","breadcrumb":{"@id":"https:\/\/iacrianca.pt\/en\/2021\/07\/iac-investir-atualizar-capacitar\/#breadcrumb"},"inLanguage":"en-US","potentialAction":[{"@type":"ReadAction","target":["https:\/\/iacrianca.pt\/en\/2021\/07\/iac-investir-atualizar-capacitar\/"]}]},{"@type":"ImageObject","inLanguage":"en-US","@id":"https:\/\/iacrianca.pt\/en\/2021\/07\/iac-investir-atualizar-capacitar\/#primaryimage","url":"https:\/\/iacrianca.pt\/wp-content\/uploads\/2021\/07\/3.jpg","contentUrl":"https:\/\/iacrianca.pt\/wp-content\/uploads\/2021\/07\/3.jpg","width":1920,"height":1920},{"@type":"BreadcrumbList","@id":"https:\/\/iacrianca.pt\/en\/2021\/07\/iac-investir-atualizar-capacitar\/#breadcrumb","itemListElement":[{"@type":"ListItem","position":1,"name":"In\u00edcio","item":"https:\/\/iacrianca.pt\/en\/"},{"@type":"ListItem","position":2,"name":"IAC &#8211; Investir, Atualizar, Capacitar"}]},{"@type":"WebSite","@id":"https:\/\/iacrianca.pt\/en\/#website","url":"https:\/\/iacrianca.pt\/en\/","name":"Instituto de Apoio \u00e0 Crian\u00e7a","description":"Desde 1983 na defesa e promo\u00e7\u00e3o dos direitos da crian\u00e7a","publisher":{"@id":"https:\/\/iacrianca.pt\/en\/#organization"},"potentialAction":[{"@type":"SearchAction","target":{"@type":"EntryPoint","urlTemplate":"https:\/\/iacrianca.pt\/en\/?s={search_term_string}"},"query-input":{"@type":"PropertyValueSpecification","valueRequired":true,"valueName":"search_term_string"}}],"inLanguage":"en-US"},{"@type":"Organization","@id":"https:\/\/iacrianca.pt\/en\/#organization","name":"Instituto de Apoio \u00e0 Crian\u00e7a","url":"https:\/\/iacrianca.pt\/en\/","logo":{"@type":"ImageObject","inLanguage":"en-US","@id":"https:\/\/iacrianca.pt\/en\/#\/schema\/logo\/image\/","url":"https:\/\/iacrianca.pt\/wp-content\/uploads\/2020\/04\/logo-iac-SD.jpg","contentUrl":"https:\/\/iacrianca.pt\/wp-content\/uploads\/2020\/04\/logo-iac-SD.jpg","width":152,"height":73,"caption":"Instituto de Apoio \u00e0 Crian\u00e7a"},"image":{"@id":"https:\/\/iacrianca.pt\/en\/#\/schema\/logo\/image\/"},"sameAs":["https:\/\/www.facebook.com\/iacinstitutodeapoioacrianca","https:\/\/x.com\/iacapoiocrianca","https:\/\/www.youtube.com\/channel\/UC0jjfZ_xkN_59gJf_RQ-ZnQ","https:\/\/www.linkedin.com\/company\/instituto-de-apoio--criana\/","https:\/\/www.instagram.com\/iacinstitutodeapoioacrianca\/","https:\/\/criancasatortoeadireitos.wordpress.com\/"]},{"@type":"Person","@id":"https:\/\/iacrianca.pt\/en\/#\/schema\/person\/1c48c6e4b70d0dc7360e4b28ceaa5f6b","name":"Administra\u00e7\u00e3o IAC","image":{"@type":"ImageObject","inLanguage":"en-US","@id":"https:\/\/secure.gravatar.com\/avatar\/60b998c71de37dcc1398fc6d48c6b5ed7533e3ceec837c948055f072e3158ff1?s=96&d=mm&r=g","url":"https:\/\/secure.gravatar.com\/avatar\/60b998c71de37dcc1398fc6d48c6b5ed7533e3ceec837c948055f072e3158ff1?s=96&d=mm&r=g","contentUrl":"https:\/\/secure.gravatar.com\/avatar\/60b998c71de37dcc1398fc6d48c6b5ed7533e3ceec837c948055f072e3158ff1?s=96&d=mm&r=g","caption":"Administra\u00e7\u00e3o IAC"}}]}},"_links":{"self":[{"href":"https:\/\/iacrianca.pt\/en\/wp-json\/wp\/v2\/posts\/8152","targetHints":{"allow":["GET"]}}],"collection":[{"href":"https:\/\/iacrianca.pt\/en\/wp-json\/wp\/v2\/posts"}],"about":[{"href":"https:\/\/iacrianca.pt\/en\/wp-json\/wp\/v2\/types\/post"}],"author":[{"embeddable":true,"href":"https:\/\/iacrianca.pt\/en\/wp-json\/wp\/v2\/users\/2"}],"replies":[{"embeddable":true,"href":"https:\/\/iacrianca.pt\/en\/wp-json\/wp\/v2\/comments?post=8152"}],"version-history":[{"count":0,"href":"https:\/\/iacrianca.pt\/en\/wp-json\/wp\/v2\/posts\/8152\/revisions"}],"wp:featuredmedia":[{"embeddable":true,"href":"https:\/\/iacrianca.pt\/en\/wp-json\/wp\/v2\/media\/8159"}],"wp:attachment":[{"href":"https:\/\/iacrianca.pt\/en\/wp-json\/wp\/v2\/media?parent=8152"}],"wp:term":[{"taxonomy":"category","embeddable":true,"href":"https:\/\/iacrianca.pt\/en\/wp-json\/wp\/v2\/categories?post=8152"},{"taxonomy":"post_tag","embeddable":true,"href":"https:\/\/iacrianca.pt\/en\/wp-json\/wp\/v2\/tags?post=8152"}],"curies":[{"name":"wp","href":"https:\/\/api.w.org\/{rel}","templated":true}]}}