{"id":8388,"date":"2021-09-09T14:45:58","date_gmt":"2021-09-09T14:45:58","guid":{"rendered":"https:\/\/iacrianca.pt\/?p=8388"},"modified":"2021-10-21T11:05:30","modified_gmt":"2021-10-21T11:05:30","slug":"nos-as-criancas-temos-direitos","status":"publish","type":"post","link":"https:\/\/iacrianca.pt\/en\/2021\/09\/nos-as-criancas-temos-direitos\/","title":{"rendered":"\u201cn\u00f3s, as crian\u00e7as\u2026 temos direitos\u201d"},"content":{"rendered":"<p>Falamos hoje de um livro em 3D 360\u00b0 (45&#215;33) que celebra os direitos da crian\u00e7a, do arquiteto do papel Andr\u00e9 Pimenta, com ilustra\u00e7\u00f5es e design de C\u00e1tia Vide e texto de Cl\u00e1udia Manata, Rosa Montez, Rita Rovisco e Fernanda Salvaterra.<\/p>\n<p>\u201cn\u00f3s, as crian\u00e7as\u2026 temos direitos\u201d apresenta a Conven\u00e7\u00e3o sobre os Direitos da Crian\u00e7a da ONU, simplificada, para as crian\u00e7as entre os 4 e os 10 anos.<\/p>\n<p>Atrav\u00e9s da \u201ccaminhada\u201d por uma floresta tropical, com uma \u00e1rvore gigante, cujos ramos abra\u00e7am todos os seres vivos da floresta \u2013 crian\u00e7as ind\u00edgenas, animais h\u00edbridos, plantas carn\u00edvoras\u2026-, as crian\u00e7as s\u00e3o desafiadas a descobrir os seus direitos mais importantes, sozinhas ou com a ajuda dos adultos. Para orientar a \u201ccaminhada \u201c pelo pop-up, o livro traz catorze cart\u00f5es com a sele\u00e7\u00e3o de artigos da Conven\u00e7\u00e3o (31) e pistas (ilustra\u00e7\u00f5es) que levam \u00e0s composi\u00e7\u00f5es c\u00e9nicas que representam cada direito. Os cart\u00f5es tamb\u00e9m prop\u00f5em atividades sobre os direitos da crian\u00e7a, para serem realizadas em casa, com os amigos e na escola.<\/p>\n<p>Ao longo do percurso, os leitores ir\u00e3o encontrar mecanismos de deslizamento muito divertidos que d\u00e3o movimento e vida \u00e0 imagina\u00e7\u00e3o.<\/p>\n<p>As personagens do livro representam todas as crian\u00e7as do mundo, independentemente da etnia, cor, religi\u00e3o, sexo, pa\u00eds ou l\u00edngua (artigo 2.\u00ba), Assim, \u00e0 entrada da floresta, os leitores s\u00e3o acolhidos por um zebr\u00e1rio (filhote de zebra e de burro) e, mais adiante, descobrem um crocodilo com vitiligo e uma fam\u00edlia de esquilos que adotou um coelho, entre outras personagens surpreendentes.<\/p>\n<p>O livro tem a chancela da Associa\u00e7\u00e3o de Profissionais de Educa\u00e7\u00e3o de Inf\u00e2ncia (APEI) e do Instituto de Apoio \u00e0 Crian\u00e7a (IAC), com o apoio da Funda\u00e7\u00e3o Calouste Gulbenkian e da C\u00e2mara Municipal de Lisboa.<\/p>\n","protected":false},"excerpt":{"rendered":"<p>Falamos hoje de um livro em 3D 360\u00b0 (45&#215;33) que celebra os direitos da crian\u00e7a, do arquiteto do papel Andr\u00e9 Pimenta, com ilustra\u00e7\u00f5es e design de C\u00e1tia Vide e texto de Cl\u00e1udia Manata, Rosa Montez, Rita Rovisco e Fernanda Salvaterra. \u201cn\u00f3s, as crian\u00e7as\u2026 temos direitos\u201d apresenta a Conven\u00e7\u00e3o sobre os Direitos da Crian\u00e7a da ONU,&hellip;<\/p>\n","protected":false},"author":2,"featured_media":8389,"comment_status":"open","ping_status":"open","sticky":false,"template":"","format":"standard","meta":{"_acf_changed":false,"footnotes":""},"categories":[63],"tags":[],"class_list":["post-8388","post","type-post","status-publish","format-standard","has-post-thumbnail","hentry","category-newsletter","category-63","description-off"],"acf":[],"yoast_head":"<!-- This site is optimized with the Yoast SEO plugin v27.5 - https:\/\/yoast.com\/product\/yoast-seo-wordpress\/ -->\n<title>\u201cn\u00f3s, as crian\u00e7as\u2026 temos direitos\u201d | Instituto de Apoio \u00e0 Crian\u00e7a<\/title>\n<meta name=\"robots\" content=\"index, follow, max-snippet:-1, max-image-preview:large, max-video-preview:-1\" \/>\n<link rel=\"canonical\" href=\"https:\/\/iacrianca.pt\/en\/2021\/09\/nos-as-criancas-temos-direitos\/\" \/>\n<meta property=\"og:locale\" content=\"en_US\" \/>\n<meta property=\"og:type\" content=\"article\" \/>\n<meta property=\"og:title\" content=\"\u201cn\u00f3s, as crian\u00e7as\u2026 temos direitos\u201d | Instituto de Apoio \u00e0 Crian\u00e7a\" \/>\n<meta property=\"og:description\" content=\"Falamos hoje de um livro em 3D 360\u00b0 (45&#215;33) que celebra os direitos da crian\u00e7a, do arquiteto do papel Andr\u00e9 Pimenta, com ilustra\u00e7\u00f5es e design de C\u00e1tia Vide e texto de Cl\u00e1udia Manata, Rosa Montez, Rita Rovisco e Fernanda Salvaterra. \u201cn\u00f3s, as crian\u00e7as\u2026 temos direitos\u201d apresenta a Conven\u00e7\u00e3o sobre os Direitos da Crian\u00e7a da ONU,&hellip;\" \/>\n<meta property=\"og:url\" content=\"https:\/\/iacrianca.pt\/en\/2021\/09\/nos-as-criancas-temos-direitos\/\" \/>\n<meta property=\"og:site_name\" content=\"Instituto de Apoio \u00e0 Crian\u00e7a\" \/>\n<meta property=\"article:publisher\" content=\"https:\/\/www.facebook.com\/iacinstitutodeapoioacrianca\" \/>\n<meta property=\"article:published_time\" content=\"2021-09-09T14:45:58+00:00\" \/>\n<meta property=\"article:modified_time\" content=\"2021-10-21T11:05:30+00:00\" \/>\n<meta property=\"og:image\" content=\"https:\/\/iacrianca.pt\/wp-content\/uploads\/2021\/09\/WhatsApp-Image-2021-09-08-at-18.00.25.jpeg\" \/>\n\t<meta property=\"og:image:width\" content=\"1358\" \/>\n\t<meta property=\"og:image:height\" content=\"1028\" \/>\n\t<meta property=\"og:image:type\" content=\"image\/jpeg\" \/>\n<meta name=\"author\" content=\"Administra\u00e7\u00e3o IAC\" \/>\n<meta name=\"twitter:card\" content=\"summary_large_image\" \/>\n<meta name=\"twitter:creator\" content=\"@iacapoiocrianca\" \/>\n<meta name=\"twitter:site\" content=\"@iacapoiocrianca\" \/>\n<meta name=\"twitter:label1\" content=\"Written by\" \/>\n\t<meta name=\"twitter:data1\" content=\"Administra\u00e7\u00e3o IAC\" \/>\n\t<meta name=\"twitter:label2\" content=\"Est. reading time\" \/>\n\t<meta name=\"twitter:data2\" content=\"2 minutes\" \/>\n<script type=\"application\/ld+json\" class=\"yoast-schema-graph\">{\"@context\":\"https:\\\/\\\/schema.org\",\"@graph\":[{\"@type\":\"Article\",\"@id\":\"https:\\\/\\\/iacrianca.pt\\\/en\\\/2021\\\/09\\\/nos-as-criancas-temos-direitos\\\/#article\",\"isPartOf\":{\"@id\":\"https:\\\/\\\/iacrianca.pt\\\/en\\\/2021\\\/09\\\/nos-as-criancas-temos-direitos\\\/\"},\"author\":{\"name\":\"Administra\u00e7\u00e3o IAC\",\"@id\":\"https:\\\/\\\/iacrianca.pt\\\/en\\\/#\\\/schema\\\/person\\\/1c48c6e4b70d0dc7360e4b28ceaa5f6b\"},\"headline\":\"\u201cn\u00f3s, as crian\u00e7as\u2026 temos direitos\u201d\",\"datePublished\":\"2021-09-09T14:45:58+00:00\",\"dateModified\":\"2021-10-21T11:05:30+00:00\",\"mainEntityOfPage\":{\"@id\":\"https:\\\/\\\/iacrianca.pt\\\/en\\\/2021\\\/09\\\/nos-as-criancas-temos-direitos\\\/\"},\"wordCount\":320,\"commentCount\":0,\"publisher\":{\"@id\":\"https:\\\/\\\/iacrianca.pt\\\/en\\\/#organization\"},\"image\":{\"@id\":\"https:\\\/\\\/iacrianca.pt\\\/en\\\/2021\\\/09\\\/nos-as-criancas-temos-direitos\\\/#primaryimage\"},\"thumbnailUrl\":\"https:\\\/\\\/iacrianca.pt\\\/wp-content\\\/uploads\\\/2021\\\/09\\\/WhatsApp-Image-2021-09-08-at-18.00.25.jpeg\",\"articleSection\":[\"Newsletter\"],\"inLanguage\":\"en-US\",\"potentialAction\":[{\"@type\":\"CommentAction\",\"name\":\"Comment\",\"target\":[\"https:\\\/\\\/iacrianca.pt\\\/en\\\/2021\\\/09\\\/nos-as-criancas-temos-direitos\\\/#respond\"]}]},{\"@type\":\"WebPage\",\"@id\":\"https:\\\/\\\/iacrianca.pt\\\/en\\\/2021\\\/09\\\/nos-as-criancas-temos-direitos\\\/\",\"url\":\"https:\\\/\\\/iacrianca.pt\\\/en\\\/2021\\\/09\\\/nos-as-criancas-temos-direitos\\\/\",\"name\":\"\u201cn\u00f3s, as crian\u00e7as\u2026 temos direitos\u201d | Instituto de Apoio \u00e0 Crian\u00e7a\",\"isPartOf\":{\"@id\":\"https:\\\/\\\/iacrianca.pt\\\/en\\\/#website\"},\"primaryImageOfPage\":{\"@id\":\"https:\\\/\\\/iacrianca.pt\\\/en\\\/2021\\\/09\\\/nos-as-criancas-temos-direitos\\\/#primaryimage\"},\"image\":{\"@id\":\"https:\\\/\\\/iacrianca.pt\\\/en\\\/2021\\\/09\\\/nos-as-criancas-temos-direitos\\\/#primaryimage\"},\"thumbnailUrl\":\"https:\\\/\\\/iacrianca.pt\\\/wp-content\\\/uploads\\\/2021\\\/09\\\/WhatsApp-Image-2021-09-08-at-18.00.25.jpeg\",\"datePublished\":\"2021-09-09T14:45:58+00:00\",\"dateModified\":\"2021-10-21T11:05:30+00:00\",\"breadcrumb\":{\"@id\":\"https:\\\/\\\/iacrianca.pt\\\/en\\\/2021\\\/09\\\/nos-as-criancas-temos-direitos\\\/#breadcrumb\"},\"inLanguage\":\"en-US\",\"potentialAction\":[{\"@type\":\"ReadAction\",\"target\":[\"https:\\\/\\\/iacrianca.pt\\\/en\\\/2021\\\/09\\\/nos-as-criancas-temos-direitos\\\/\"]}]},{\"@type\":\"ImageObject\",\"inLanguage\":\"en-US\",\"@id\":\"https:\\\/\\\/iacrianca.pt\\\/en\\\/2021\\\/09\\\/nos-as-criancas-temos-direitos\\\/#primaryimage\",\"url\":\"https:\\\/\\\/iacrianca.pt\\\/wp-content\\\/uploads\\\/2021\\\/09\\\/WhatsApp-Image-2021-09-08-at-18.00.25.jpeg\",\"contentUrl\":\"https:\\\/\\\/iacrianca.pt\\\/wp-content\\\/uploads\\\/2021\\\/09\\\/WhatsApp-Image-2021-09-08-at-18.00.25.jpeg\",\"width\":1358,\"height\":1028},{\"@type\":\"BreadcrumbList\",\"@id\":\"https:\\\/\\\/iacrianca.pt\\\/en\\\/2021\\\/09\\\/nos-as-criancas-temos-direitos\\\/#breadcrumb\",\"itemListElement\":[{\"@type\":\"ListItem\",\"position\":1,\"name\":\"In\u00edcio\",\"item\":\"https:\\\/\\\/iacrianca.pt\\\/en\\\/\"},{\"@type\":\"ListItem\",\"position\":2,\"name\":\"\u201cn\u00f3s, as crian\u00e7as\u2026 temos direitos\u201d\"}]},{\"@type\":\"WebSite\",\"@id\":\"https:\\\/\\\/iacrianca.pt\\\/en\\\/#website\",\"url\":\"https:\\\/\\\/iacrianca.pt\\\/en\\\/\",\"name\":\"Instituto de Apoio \u00e0 Crian\u00e7a\",\"description\":\"Desde 1983 na defesa e promo\u00e7\u00e3o dos direitos da crian\u00e7a\",\"publisher\":{\"@id\":\"https:\\\/\\\/iacrianca.pt\\\/en\\\/#organization\"},\"potentialAction\":[{\"@type\":\"SearchAction\",\"target\":{\"@type\":\"EntryPoint\",\"urlTemplate\":\"https:\\\/\\\/iacrianca.pt\\\/en\\\/?s={search_term_string}\"},\"query-input\":{\"@type\":\"PropertyValueSpecification\",\"valueRequired\":true,\"valueName\":\"search_term_string\"}}],\"inLanguage\":\"en-US\"},{\"@type\":\"Organization\",\"@id\":\"https:\\\/\\\/iacrianca.pt\\\/en\\\/#organization\",\"name\":\"Instituto de Apoio \u00e0 Crian\u00e7a\",\"url\":\"https:\\\/\\\/iacrianca.pt\\\/en\\\/\",\"logo\":{\"@type\":\"ImageObject\",\"inLanguage\":\"en-US\",\"@id\":\"https:\\\/\\\/iacrianca.pt\\\/en\\\/#\\\/schema\\\/logo\\\/image\\\/\",\"url\":\"https:\\\/\\\/iacrianca.pt\\\/wp-content\\\/uploads\\\/2020\\\/04\\\/logo-iac-SD.jpg\",\"contentUrl\":\"https:\\\/\\\/iacrianca.pt\\\/wp-content\\\/uploads\\\/2020\\\/04\\\/logo-iac-SD.jpg\",\"width\":152,\"height\":73,\"caption\":\"Instituto de Apoio \u00e0 Crian\u00e7a\"},\"image\":{\"@id\":\"https:\\\/\\\/iacrianca.pt\\\/en\\\/#\\\/schema\\\/logo\\\/image\\\/\"},\"sameAs\":[\"https:\\\/\\\/www.facebook.com\\\/iacinstitutodeapoioacrianca\",\"https:\\\/\\\/x.com\\\/iacapoiocrianca\",\"https:\\\/\\\/www.youtube.com\\\/channel\\\/UC0jjfZ_xkN_59gJf_RQ-ZnQ\",\"https:\\\/\\\/www.linkedin.com\\\/company\\\/instituto-de-apoio--criana\\\/\",\"https:\\\/\\\/www.instagram.com\\\/iacinstitutodeapoioacrianca\\\/\",\"https:\\\/\\\/criancasatortoeadireitos.wordpress.com\\\/\"]},{\"@type\":\"Person\",\"@id\":\"https:\\\/\\\/iacrianca.pt\\\/en\\\/#\\\/schema\\\/person\\\/1c48c6e4b70d0dc7360e4b28ceaa5f6b\",\"name\":\"Administra\u00e7\u00e3o IAC\",\"image\":{\"@type\":\"ImageObject\",\"inLanguage\":\"en-US\",\"@id\":\"https:\\\/\\\/secure.gravatar.com\\\/avatar\\\/60b998c71de37dcc1398fc6d48c6b5ed7533e3ceec837c948055f072e3158ff1?s=96&d=mm&r=g\",\"url\":\"https:\\\/\\\/secure.gravatar.com\\\/avatar\\\/60b998c71de37dcc1398fc6d48c6b5ed7533e3ceec837c948055f072e3158ff1?s=96&d=mm&r=g\",\"contentUrl\":\"https:\\\/\\\/secure.gravatar.com\\\/avatar\\\/60b998c71de37dcc1398fc6d48c6b5ed7533e3ceec837c948055f072e3158ff1?s=96&d=mm&r=g\",\"caption\":\"Administra\u00e7\u00e3o IAC\"}}]}<\/script>\n<!-- \/ Yoast SEO plugin. -->","yoast_head_json":{"title":"\u201cn\u00f3s, as crian\u00e7as\u2026 temos direitos\u201d | Instituto de Apoio \u00e0 Crian\u00e7a","robots":{"index":"index","follow":"follow","max-snippet":"max-snippet:-1","max-image-preview":"max-image-preview:large","max-video-preview":"max-video-preview:-1"},"canonical":"https:\/\/iacrianca.pt\/en\/2021\/09\/nos-as-criancas-temos-direitos\/","og_locale":"en_US","og_type":"article","og_title":"\u201cn\u00f3s, as crian\u00e7as\u2026 temos direitos\u201d | Instituto de Apoio \u00e0 Crian\u00e7a","og_description":"Falamos hoje de um livro em 3D 360\u00b0 (45&#215;33) que celebra os direitos da crian\u00e7a, do arquiteto do papel Andr\u00e9 Pimenta, com ilustra\u00e7\u00f5es e design de C\u00e1tia Vide e texto de Cl\u00e1udia Manata, Rosa Montez, Rita Rovisco e Fernanda Salvaterra. \u201cn\u00f3s, as crian\u00e7as\u2026 temos direitos\u201d apresenta a Conven\u00e7\u00e3o sobre os Direitos da Crian\u00e7a da ONU,&hellip;","og_url":"https:\/\/iacrianca.pt\/en\/2021\/09\/nos-as-criancas-temos-direitos\/","og_site_name":"Instituto de Apoio \u00e0 Crian\u00e7a","article_publisher":"https:\/\/www.facebook.com\/iacinstitutodeapoioacrianca","article_published_time":"2021-09-09T14:45:58+00:00","article_modified_time":"2021-10-21T11:05:30+00:00","og_image":[{"width":1358,"height":1028,"url":"https:\/\/iacrianca.pt\/wp-content\/uploads\/2021\/09\/WhatsApp-Image-2021-09-08-at-18.00.25.jpeg","type":"image\/jpeg"}],"author":"Administra\u00e7\u00e3o IAC","twitter_card":"summary_large_image","twitter_creator":"@iacapoiocrianca","twitter_site":"@iacapoiocrianca","twitter_misc":{"Written by":"Administra\u00e7\u00e3o IAC","Est. reading time":"2 minutes"},"schema":{"@context":"https:\/\/schema.org","@graph":[{"@type":"Article","@id":"https:\/\/iacrianca.pt\/en\/2021\/09\/nos-as-criancas-temos-direitos\/#article","isPartOf":{"@id":"https:\/\/iacrianca.pt\/en\/2021\/09\/nos-as-criancas-temos-direitos\/"},"author":{"name":"Administra\u00e7\u00e3o IAC","@id":"https:\/\/iacrianca.pt\/en\/#\/schema\/person\/1c48c6e4b70d0dc7360e4b28ceaa5f6b"},"headline":"\u201cn\u00f3s, as crian\u00e7as\u2026 temos direitos\u201d","datePublished":"2021-09-09T14:45:58+00:00","dateModified":"2021-10-21T11:05:30+00:00","mainEntityOfPage":{"@id":"https:\/\/iacrianca.pt\/en\/2021\/09\/nos-as-criancas-temos-direitos\/"},"wordCount":320,"commentCount":0,"publisher":{"@id":"https:\/\/iacrianca.pt\/en\/#organization"},"image":{"@id":"https:\/\/iacrianca.pt\/en\/2021\/09\/nos-as-criancas-temos-direitos\/#primaryimage"},"thumbnailUrl":"https:\/\/iacrianca.pt\/wp-content\/uploads\/2021\/09\/WhatsApp-Image-2021-09-08-at-18.00.25.jpeg","articleSection":["Newsletter"],"inLanguage":"en-US","potentialAction":[{"@type":"CommentAction","name":"Comment","target":["https:\/\/iacrianca.pt\/en\/2021\/09\/nos-as-criancas-temos-direitos\/#respond"]}]},{"@type":"WebPage","@id":"https:\/\/iacrianca.pt\/en\/2021\/09\/nos-as-criancas-temos-direitos\/","url":"https:\/\/iacrianca.pt\/en\/2021\/09\/nos-as-criancas-temos-direitos\/","name":"\u201cn\u00f3s, as crian\u00e7as\u2026 temos direitos\u201d | Instituto de Apoio \u00e0 Crian\u00e7a","isPartOf":{"@id":"https:\/\/iacrianca.pt\/en\/#website"},"primaryImageOfPage":{"@id":"https:\/\/iacrianca.pt\/en\/2021\/09\/nos-as-criancas-temos-direitos\/#primaryimage"},"image":{"@id":"https:\/\/iacrianca.pt\/en\/2021\/09\/nos-as-criancas-temos-direitos\/#primaryimage"},"thumbnailUrl":"https:\/\/iacrianca.pt\/wp-content\/uploads\/2021\/09\/WhatsApp-Image-2021-09-08-at-18.00.25.jpeg","datePublished":"2021-09-09T14:45:58+00:00","dateModified":"2021-10-21T11:05:30+00:00","breadcrumb":{"@id":"https:\/\/iacrianca.pt\/en\/2021\/09\/nos-as-criancas-temos-direitos\/#breadcrumb"},"inLanguage":"en-US","potentialAction":[{"@type":"ReadAction","target":["https:\/\/iacrianca.pt\/en\/2021\/09\/nos-as-criancas-temos-direitos\/"]}]},{"@type":"ImageObject","inLanguage":"en-US","@id":"https:\/\/iacrianca.pt\/en\/2021\/09\/nos-as-criancas-temos-direitos\/#primaryimage","url":"https:\/\/iacrianca.pt\/wp-content\/uploads\/2021\/09\/WhatsApp-Image-2021-09-08-at-18.00.25.jpeg","contentUrl":"https:\/\/iacrianca.pt\/wp-content\/uploads\/2021\/09\/WhatsApp-Image-2021-09-08-at-18.00.25.jpeg","width":1358,"height":1028},{"@type":"BreadcrumbList","@id":"https:\/\/iacrianca.pt\/en\/2021\/09\/nos-as-criancas-temos-direitos\/#breadcrumb","itemListElement":[{"@type":"ListItem","position":1,"name":"In\u00edcio","item":"https:\/\/iacrianca.pt\/en\/"},{"@type":"ListItem","position":2,"name":"\u201cn\u00f3s, as crian\u00e7as\u2026 temos direitos\u201d"}]},{"@type":"WebSite","@id":"https:\/\/iacrianca.pt\/en\/#website","url":"https:\/\/iacrianca.pt\/en\/","name":"Instituto de Apoio \u00e0 Crian\u00e7a","description":"Desde 1983 na defesa e promo\u00e7\u00e3o dos direitos da crian\u00e7a","publisher":{"@id":"https:\/\/iacrianca.pt\/en\/#organization"},"potentialAction":[{"@type":"SearchAction","target":{"@type":"EntryPoint","urlTemplate":"https:\/\/iacrianca.pt\/en\/?s={search_term_string}"},"query-input":{"@type":"PropertyValueSpecification","valueRequired":true,"valueName":"search_term_string"}}],"inLanguage":"en-US"},{"@type":"Organization","@id":"https:\/\/iacrianca.pt\/en\/#organization","name":"Instituto de Apoio \u00e0 Crian\u00e7a","url":"https:\/\/iacrianca.pt\/en\/","logo":{"@type":"ImageObject","inLanguage":"en-US","@id":"https:\/\/iacrianca.pt\/en\/#\/schema\/logo\/image\/","url":"https:\/\/iacrianca.pt\/wp-content\/uploads\/2020\/04\/logo-iac-SD.jpg","contentUrl":"https:\/\/iacrianca.pt\/wp-content\/uploads\/2020\/04\/logo-iac-SD.jpg","width":152,"height":73,"caption":"Instituto de Apoio \u00e0 Crian\u00e7a"},"image":{"@id":"https:\/\/iacrianca.pt\/en\/#\/schema\/logo\/image\/"},"sameAs":["https:\/\/www.facebook.com\/iacinstitutodeapoioacrianca","https:\/\/x.com\/iacapoiocrianca","https:\/\/www.youtube.com\/channel\/UC0jjfZ_xkN_59gJf_RQ-ZnQ","https:\/\/www.linkedin.com\/company\/instituto-de-apoio--criana\/","https:\/\/www.instagram.com\/iacinstitutodeapoioacrianca\/","https:\/\/criancasatortoeadireitos.wordpress.com\/"]},{"@type":"Person","@id":"https:\/\/iacrianca.pt\/en\/#\/schema\/person\/1c48c6e4b70d0dc7360e4b28ceaa5f6b","name":"Administra\u00e7\u00e3o IAC","image":{"@type":"ImageObject","inLanguage":"en-US","@id":"https:\/\/secure.gravatar.com\/avatar\/60b998c71de37dcc1398fc6d48c6b5ed7533e3ceec837c948055f072e3158ff1?s=96&d=mm&r=g","url":"https:\/\/secure.gravatar.com\/avatar\/60b998c71de37dcc1398fc6d48c6b5ed7533e3ceec837c948055f072e3158ff1?s=96&d=mm&r=g","contentUrl":"https:\/\/secure.gravatar.com\/avatar\/60b998c71de37dcc1398fc6d48c6b5ed7533e3ceec837c948055f072e3158ff1?s=96&d=mm&r=g","caption":"Administra\u00e7\u00e3o IAC"}}]}},"_links":{"self":[{"href":"https:\/\/iacrianca.pt\/en\/wp-json\/wp\/v2\/posts\/8388","targetHints":{"allow":["GET"]}}],"collection":[{"href":"https:\/\/iacrianca.pt\/en\/wp-json\/wp\/v2\/posts"}],"about":[{"href":"https:\/\/iacrianca.pt\/en\/wp-json\/wp\/v2\/types\/post"}],"author":[{"embeddable":true,"href":"https:\/\/iacrianca.pt\/en\/wp-json\/wp\/v2\/users\/2"}],"replies":[{"embeddable":true,"href":"https:\/\/iacrianca.pt\/en\/wp-json\/wp\/v2\/comments?post=8388"}],"version-history":[{"count":0,"href":"https:\/\/iacrianca.pt\/en\/wp-json\/wp\/v2\/posts\/8388\/revisions"}],"wp:featuredmedia":[{"embeddable":true,"href":"https:\/\/iacrianca.pt\/en\/wp-json\/wp\/v2\/media\/8389"}],"wp:attachment":[{"href":"https:\/\/iacrianca.pt\/en\/wp-json\/wp\/v2\/media?parent=8388"}],"wp:term":[{"taxonomy":"category","embeddable":true,"href":"https:\/\/iacrianca.pt\/en\/wp-json\/wp\/v2\/categories?post=8388"},{"taxonomy":"post_tag","embeddable":true,"href":"https:\/\/iacrianca.pt\/en\/wp-json\/wp\/v2\/tags?post=8388"}],"curies":[{"name":"wp","href":"https:\/\/api.w.org\/{rel}","templated":true}]}}