{"id":8465,"date":"2021-09-28T10:25:28","date_gmt":"2021-09-28T10:25:28","guid":{"rendered":"https:\/\/iacrianca.pt\/?p=8465"},"modified":"2021-09-28T10:25:28","modified_gmt":"2021-09-28T10:25:28","slug":"recrutamento-de-voluntarios-para-apoio-ao-estudo","status":"publish","type":"post","link":"https:\/\/iacrianca.pt\/en\/2021\/09\/recrutamento-de-voluntarios-para-apoio-ao-estudo\/","title":{"rendered":"Recrutamento de Volunt\u00e1rios para Apoio ao Estudo"},"content":{"rendered":"<p>No \u00e2mbito do Projeto \u201cEduca(CON)dado \u2013 focado na redu\u00e7\u00e3o das desigualdades no acesso \u00e0s aprendizagens e na promo\u00e7\u00e3o do sucesso escolar de crian\u00e7as e jovens \u2013 o IAC procura a colabora\u00e7\u00e3o de volunt\u00e1rios para o apoio ao estudo\/explica\u00e7\u00f5es, nas disciplinas de matem\u00e1tica, portugu\u00eas e ingl\u00eas, 2\u00ba e 3\u00ba ciclo, na modalidade presencial, no B.\u00ba do Condado \u2013 Freguesia de Marvila.<\/p>\n<p>Aos interessados, solicitamos o envio de candidatura para a \u00c1rea do Conhecimento e Forma\u00e7\u00e3o, atrav\u00e9s do email <a href=\"mailto:iac-conhecimento@iacrianca.pt\">iac-conhecimento@iacrianca.pt<\/a>.<\/p>\n<p><strong>Perfil geral do volunt\u00e1rio\u00a0<\/strong><\/p>\n<p>&nbsp;<\/p>\n<ol>\n<li><strong style=\"font-style: inherit;\">Princ\u00edpios b\u00e1sicos:<\/strong><\/li>\n<\/ol>\n<ul>\n<li><strong style=\"font-style: inherit;\">Identifica\u00e7\u00e3o <\/strong>com a causa e miss\u00e3o do IAC: a defesa e promo\u00e7\u00e3o dos Direitos da Crian\u00e7a;<\/li>\n<li><strong style=\"font-style: inherit;\">Compromisso e responsabilidade <\/strong>com o IAC, nomeadamente com o setor onde se inserir e especialmente com o grupo-alvo;<\/li>\n<li><strong style=\"font-style: inherit;\">Disponibilidade<\/strong> para as atividades que se prop\u00f5e desenvolver, incluindo os momentos formativos necess\u00e1rios ao desempenho do seu papel;<\/li>\n<li><strong style=\"font-style: inherit;\">Motiva\u00e7\u00e3o<\/strong> com a sua fun\u00e7\u00e3o e com as atividades a desenvolver;<\/li>\n<li><strong style=\"font-style: inherit;\">Capacita\u00e7\u00e3o\/Forma\u00e7\u00e3o<\/strong>: o volunt\u00e1rio deve ter uma forma\u00e7\u00e3o se poss\u00edvel espec\u00edfica para a atividade a desenvolver;<\/li>\n<li><strong style=\"font-style: inherit;\">Participa\u00e7\u00e3o: <\/strong>concretizado atrav\u00e9s das diferentes atividades e nos setores pr\u00f3prios da institui\u00e7\u00e3o;<\/li>\n<li><strong style=\"font-style: inherit;\">Respeito<\/strong> pelo c\u00f3digo deontol\u00f3gico, pela filosofia e pol\u00edtica da Institui\u00e7\u00e3o, pelos princ\u00edpios de interven\u00e7\u00e3o, e pelas cren\u00e7as e tra\u00e7os culturais das pessoas, grupos ou comunidades com quem ir\u00e1 trabalhar;<\/li>\n<li><strong style=\"font-style: inherit;\">Empatia: <\/strong>Capacidade de se colocar no lugar do outro;<\/li>\n<li><strong style=\"font-style: inherit;\">Coopera\u00e7\u00e3o: <\/strong>capacidade para trabalhar em equipa e em contextos que exigem entreajuda e interdepend\u00eancia;<\/li>\n<li><strong style=\"font-style: inherit;\">Adaptabilidade e Flexibilidade: <\/strong>a participa\u00e7\u00e3o poder\u00e1 ser diversificada a n\u00edvel das \u00e1reas de interven\u00e7\u00e3o, rentabilizando os recursos existentes.<\/li>\n<\/ul>\n<ol start=\"2\">\n<li><strong style=\"font-style: inherit;\">Caracter\u00edsticas do volunt\u00e1rio:<\/strong><\/li>\n<\/ol>\n<ul>\n<li>Comunicativo;<\/li>\n<li>Capacidade emp\u00e1tica;<\/li>\n<li>Solid\u00e1rio;<\/li>\n<li>Flex\u00edvel;<\/li>\n<li>Respons\u00e1vel e cumpridor;<\/li>\n<li>Capacidade de iniciativa e proatividade;<\/li>\n<li>Capacidade de adapta\u00e7\u00e3o e de aprendizagem;<\/li>\n<li>Informalidade.<\/li>\n<\/ul>\n","protected":false},"excerpt":{"rendered":"<p>No \u00e2mbito do Projeto \u201cEduca(CON)dado \u2013 focado na redu\u00e7\u00e3o das desigualdades no acesso \u00e0s aprendizagens e na promo\u00e7\u00e3o do sucesso escolar de crian\u00e7as e jovens \u2013 o IAC procura a colabora\u00e7\u00e3o de volunt\u00e1rios para o apoio ao estudo\/explica\u00e7\u00f5es, nas disciplinas de matem\u00e1tica, portugu\u00eas e ingl\u00eas, 2\u00ba e 3\u00ba ciclo, na modalidade presencial, no B.\u00ba do&hellip;<\/p>\n","protected":false},"author":2,"featured_media":8466,"comment_status":"closed","ping_status":"open","sticky":false,"template":"","format":"standard","meta":{"_acf_changed":false,"footnotes":""},"categories":[1],"tags":[],"class_list":["post-8465","post","type-post","status-publish","format-standard","has-post-thumbnail","hentry","category-noticias","category-1","description-off"],"acf":[],"yoast_head":"<!-- This site is optimized with the Yoast SEO plugin v27.4 - https:\/\/yoast.com\/product\/yoast-seo-wordpress\/ -->\n<title>Recrutamento de Volunt\u00e1rios para Apoio ao Estudo | Instituto de Apoio \u00e0 Crian\u00e7a<\/title>\n<meta name=\"robots\" content=\"index, follow, max-snippet:-1, max-image-preview:large, max-video-preview:-1\" \/>\n<link rel=\"canonical\" href=\"https:\/\/iacrianca.pt\/en\/2021\/09\/recrutamento-de-voluntarios-para-apoio-ao-estudo\/\" \/>\n<meta property=\"og:locale\" content=\"en_US\" \/>\n<meta property=\"og:type\" content=\"article\" \/>\n<meta property=\"og:title\" content=\"Recrutamento de Volunt\u00e1rios para Apoio ao Estudo | Instituto de Apoio \u00e0 Crian\u00e7a\" \/>\n<meta property=\"og:description\" content=\"No \u00e2mbito do Projeto \u201cEduca(CON)dado \u2013 focado na redu\u00e7\u00e3o das desigualdades no acesso \u00e0s aprendizagens e na promo\u00e7\u00e3o do sucesso escolar de crian\u00e7as e jovens \u2013 o IAC procura a colabora\u00e7\u00e3o de volunt\u00e1rios para o apoio ao estudo\/explica\u00e7\u00f5es, nas disciplinas de matem\u00e1tica, portugu\u00eas e ingl\u00eas, 2\u00ba e 3\u00ba ciclo, na modalidade presencial, no B.\u00ba do&hellip;\" \/>\n<meta property=\"og:url\" content=\"https:\/\/iacrianca.pt\/en\/2021\/09\/recrutamento-de-voluntarios-para-apoio-ao-estudo\/\" \/>\n<meta property=\"og:site_name\" content=\"Instituto de Apoio \u00e0 Crian\u00e7a\" \/>\n<meta property=\"article:publisher\" content=\"https:\/\/www.facebook.com\/iacinstitutodeapoioacrianca\" \/>\n<meta property=\"article:published_time\" content=\"2021-09-28T10:25:28+00:00\" \/>\n<meta property=\"og:image\" content=\"https:\/\/iacrianca.pt\/wp-content\/uploads\/2021\/09\/Voluntarios-01.jpg\" \/>\n\t<meta property=\"og:image:width\" content=\"2362\" \/>\n\t<meta property=\"og:image:height\" content=\"2362\" \/>\n\t<meta property=\"og:image:type\" content=\"image\/jpeg\" \/>\n<meta name=\"author\" content=\"Administra\u00e7\u00e3o IAC\" \/>\n<meta name=\"twitter:card\" content=\"summary_large_image\" \/>\n<meta name=\"twitter:creator\" content=\"@iacapoiocrianca\" \/>\n<meta name=\"twitter:site\" content=\"@iacapoiocrianca\" \/>\n<meta name=\"twitter:label1\" content=\"Written by\" \/>\n\t<meta name=\"twitter:data1\" content=\"Administra\u00e7\u00e3o IAC\" \/>\n\t<meta name=\"twitter:label2\" content=\"Est. reading time\" \/>\n\t<meta name=\"twitter:data2\" content=\"2 minutes\" \/>\n<script type=\"application\/ld+json\" class=\"yoast-schema-graph\">{\"@context\":\"https:\\\/\\\/schema.org\",\"@graph\":[{\"@type\":\"Article\",\"@id\":\"https:\\\/\\\/iacrianca.pt\\\/en\\\/2021\\\/09\\\/recrutamento-de-voluntarios-para-apoio-ao-estudo\\\/#article\",\"isPartOf\":{\"@id\":\"https:\\\/\\\/iacrianca.pt\\\/en\\\/2021\\\/09\\\/recrutamento-de-voluntarios-para-apoio-ao-estudo\\\/\"},\"author\":{\"name\":\"Administra\u00e7\u00e3o IAC\",\"@id\":\"https:\\\/\\\/iacrianca.pt\\\/en\\\/#\\\/schema\\\/person\\\/1c48c6e4b70d0dc7360e4b28ceaa5f6b\"},\"headline\":\"Recrutamento de Volunt\u00e1rios para Apoio ao Estudo\",\"datePublished\":\"2021-09-28T10:25:28+00:00\",\"mainEntityOfPage\":{\"@id\":\"https:\\\/\\\/iacrianca.pt\\\/en\\\/2021\\\/09\\\/recrutamento-de-voluntarios-para-apoio-ao-estudo\\\/\"},\"wordCount\":329,\"publisher\":{\"@id\":\"https:\\\/\\\/iacrianca.pt\\\/en\\\/#organization\"},\"image\":{\"@id\":\"https:\\\/\\\/iacrianca.pt\\\/en\\\/2021\\\/09\\\/recrutamento-de-voluntarios-para-apoio-ao-estudo\\\/#primaryimage\"},\"thumbnailUrl\":\"https:\\\/\\\/iacrianca.pt\\\/wp-content\\\/uploads\\\/2021\\\/09\\\/Voluntarios-01.jpg\",\"articleSection\":[\"Not\u00edcias\"],\"inLanguage\":\"en-US\"},{\"@type\":\"WebPage\",\"@id\":\"https:\\\/\\\/iacrianca.pt\\\/en\\\/2021\\\/09\\\/recrutamento-de-voluntarios-para-apoio-ao-estudo\\\/\",\"url\":\"https:\\\/\\\/iacrianca.pt\\\/en\\\/2021\\\/09\\\/recrutamento-de-voluntarios-para-apoio-ao-estudo\\\/\",\"name\":\"Recrutamento de Volunt\u00e1rios para Apoio ao Estudo | Instituto de Apoio \u00e0 Crian\u00e7a\",\"isPartOf\":{\"@id\":\"https:\\\/\\\/iacrianca.pt\\\/en\\\/#website\"},\"primaryImageOfPage\":{\"@id\":\"https:\\\/\\\/iacrianca.pt\\\/en\\\/2021\\\/09\\\/recrutamento-de-voluntarios-para-apoio-ao-estudo\\\/#primaryimage\"},\"image\":{\"@id\":\"https:\\\/\\\/iacrianca.pt\\\/en\\\/2021\\\/09\\\/recrutamento-de-voluntarios-para-apoio-ao-estudo\\\/#primaryimage\"},\"thumbnailUrl\":\"https:\\\/\\\/iacrianca.pt\\\/wp-content\\\/uploads\\\/2021\\\/09\\\/Voluntarios-01.jpg\",\"datePublished\":\"2021-09-28T10:25:28+00:00\",\"breadcrumb\":{\"@id\":\"https:\\\/\\\/iacrianca.pt\\\/en\\\/2021\\\/09\\\/recrutamento-de-voluntarios-para-apoio-ao-estudo\\\/#breadcrumb\"},\"inLanguage\":\"en-US\",\"potentialAction\":[{\"@type\":\"ReadAction\",\"target\":[\"https:\\\/\\\/iacrianca.pt\\\/en\\\/2021\\\/09\\\/recrutamento-de-voluntarios-para-apoio-ao-estudo\\\/\"]}]},{\"@type\":\"ImageObject\",\"inLanguage\":\"en-US\",\"@id\":\"https:\\\/\\\/iacrianca.pt\\\/en\\\/2021\\\/09\\\/recrutamento-de-voluntarios-para-apoio-ao-estudo\\\/#primaryimage\",\"url\":\"https:\\\/\\\/iacrianca.pt\\\/wp-content\\\/uploads\\\/2021\\\/09\\\/Voluntarios-01.jpg\",\"contentUrl\":\"https:\\\/\\\/iacrianca.pt\\\/wp-content\\\/uploads\\\/2021\\\/09\\\/Voluntarios-01.jpg\",\"width\":2362,\"height\":2362},{\"@type\":\"BreadcrumbList\",\"@id\":\"https:\\\/\\\/iacrianca.pt\\\/en\\\/2021\\\/09\\\/recrutamento-de-voluntarios-para-apoio-ao-estudo\\\/#breadcrumb\",\"itemListElement\":[{\"@type\":\"ListItem\",\"position\":1,\"name\":\"In\u00edcio\",\"item\":\"https:\\\/\\\/iacrianca.pt\\\/en\\\/\"},{\"@type\":\"ListItem\",\"position\":2,\"name\":\"Recrutamento de Volunt\u00e1rios para Apoio ao Estudo\"}]},{\"@type\":\"WebSite\",\"@id\":\"https:\\\/\\\/iacrianca.pt\\\/en\\\/#website\",\"url\":\"https:\\\/\\\/iacrianca.pt\\\/en\\\/\",\"name\":\"Instituto de Apoio \u00e0 Crian\u00e7a\",\"description\":\"Desde 1983 na defesa e promo\u00e7\u00e3o dos direitos da crian\u00e7a\",\"publisher\":{\"@id\":\"https:\\\/\\\/iacrianca.pt\\\/en\\\/#organization\"},\"potentialAction\":[{\"@type\":\"SearchAction\",\"target\":{\"@type\":\"EntryPoint\",\"urlTemplate\":\"https:\\\/\\\/iacrianca.pt\\\/en\\\/?s={search_term_string}\"},\"query-input\":{\"@type\":\"PropertyValueSpecification\",\"valueRequired\":true,\"valueName\":\"search_term_string\"}}],\"inLanguage\":\"en-US\"},{\"@type\":\"Organization\",\"@id\":\"https:\\\/\\\/iacrianca.pt\\\/en\\\/#organization\",\"name\":\"Instituto de Apoio \u00e0 Crian\u00e7a\",\"url\":\"https:\\\/\\\/iacrianca.pt\\\/en\\\/\",\"logo\":{\"@type\":\"ImageObject\",\"inLanguage\":\"en-US\",\"@id\":\"https:\\\/\\\/iacrianca.pt\\\/en\\\/#\\\/schema\\\/logo\\\/image\\\/\",\"url\":\"https:\\\/\\\/iacrianca.pt\\\/wp-content\\\/uploads\\\/2020\\\/04\\\/logo-iac-SD.jpg\",\"contentUrl\":\"https:\\\/\\\/iacrianca.pt\\\/wp-content\\\/uploads\\\/2020\\\/04\\\/logo-iac-SD.jpg\",\"width\":152,\"height\":73,\"caption\":\"Instituto de Apoio \u00e0 Crian\u00e7a\"},\"image\":{\"@id\":\"https:\\\/\\\/iacrianca.pt\\\/en\\\/#\\\/schema\\\/logo\\\/image\\\/\"},\"sameAs\":[\"https:\\\/\\\/www.facebook.com\\\/iacinstitutodeapoioacrianca\",\"https:\\\/\\\/x.com\\\/iacapoiocrianca\",\"https:\\\/\\\/www.youtube.com\\\/channel\\\/UC0jjfZ_xkN_59gJf_RQ-ZnQ\",\"https:\\\/\\\/www.linkedin.com\\\/company\\\/instituto-de-apoio--criana\\\/\",\"https:\\\/\\\/www.instagram.com\\\/iacinstitutodeapoioacrianca\\\/\",\"https:\\\/\\\/criancasatortoeadireitos.wordpress.com\\\/\"]},{\"@type\":\"Person\",\"@id\":\"https:\\\/\\\/iacrianca.pt\\\/en\\\/#\\\/schema\\\/person\\\/1c48c6e4b70d0dc7360e4b28ceaa5f6b\",\"name\":\"Administra\u00e7\u00e3o IAC\",\"image\":{\"@type\":\"ImageObject\",\"inLanguage\":\"en-US\",\"@id\":\"https:\\\/\\\/secure.gravatar.com\\\/avatar\\\/60b998c71de37dcc1398fc6d48c6b5ed7533e3ceec837c948055f072e3158ff1?s=96&d=mm&r=g\",\"url\":\"https:\\\/\\\/secure.gravatar.com\\\/avatar\\\/60b998c71de37dcc1398fc6d48c6b5ed7533e3ceec837c948055f072e3158ff1?s=96&d=mm&r=g\",\"contentUrl\":\"https:\\\/\\\/secure.gravatar.com\\\/avatar\\\/60b998c71de37dcc1398fc6d48c6b5ed7533e3ceec837c948055f072e3158ff1?s=96&d=mm&r=g\",\"caption\":\"Administra\u00e7\u00e3o IAC\"}}]}<\/script>\n<!-- \/ Yoast SEO plugin. -->","yoast_head_json":{"title":"Recrutamento de Volunt\u00e1rios para Apoio ao Estudo | Instituto de Apoio \u00e0 Crian\u00e7a","robots":{"index":"index","follow":"follow","max-snippet":"max-snippet:-1","max-image-preview":"max-image-preview:large","max-video-preview":"max-video-preview:-1"},"canonical":"https:\/\/iacrianca.pt\/en\/2021\/09\/recrutamento-de-voluntarios-para-apoio-ao-estudo\/","og_locale":"en_US","og_type":"article","og_title":"Recrutamento de Volunt\u00e1rios para Apoio ao Estudo | Instituto de Apoio \u00e0 Crian\u00e7a","og_description":"No \u00e2mbito do Projeto \u201cEduca(CON)dado \u2013 focado na redu\u00e7\u00e3o das desigualdades no acesso \u00e0s aprendizagens e na promo\u00e7\u00e3o do sucesso escolar de crian\u00e7as e jovens \u2013 o IAC procura a colabora\u00e7\u00e3o de volunt\u00e1rios para o apoio ao estudo\/explica\u00e7\u00f5es, nas disciplinas de matem\u00e1tica, portugu\u00eas e ingl\u00eas, 2\u00ba e 3\u00ba ciclo, na modalidade presencial, no B.\u00ba do&hellip;","og_url":"https:\/\/iacrianca.pt\/en\/2021\/09\/recrutamento-de-voluntarios-para-apoio-ao-estudo\/","og_site_name":"Instituto de Apoio \u00e0 Crian\u00e7a","article_publisher":"https:\/\/www.facebook.com\/iacinstitutodeapoioacrianca","article_published_time":"2021-09-28T10:25:28+00:00","og_image":[{"width":2362,"height":2362,"url":"https:\/\/iacrianca.pt\/wp-content\/uploads\/2021\/09\/Voluntarios-01.jpg","type":"image\/jpeg"}],"author":"Administra\u00e7\u00e3o IAC","twitter_card":"summary_large_image","twitter_creator":"@iacapoiocrianca","twitter_site":"@iacapoiocrianca","twitter_misc":{"Written by":"Administra\u00e7\u00e3o IAC","Est. reading time":"2 minutes"},"schema":{"@context":"https:\/\/schema.org","@graph":[{"@type":"Article","@id":"https:\/\/iacrianca.pt\/en\/2021\/09\/recrutamento-de-voluntarios-para-apoio-ao-estudo\/#article","isPartOf":{"@id":"https:\/\/iacrianca.pt\/en\/2021\/09\/recrutamento-de-voluntarios-para-apoio-ao-estudo\/"},"author":{"name":"Administra\u00e7\u00e3o IAC","@id":"https:\/\/iacrianca.pt\/en\/#\/schema\/person\/1c48c6e4b70d0dc7360e4b28ceaa5f6b"},"headline":"Recrutamento de Volunt\u00e1rios para Apoio ao Estudo","datePublished":"2021-09-28T10:25:28+00:00","mainEntityOfPage":{"@id":"https:\/\/iacrianca.pt\/en\/2021\/09\/recrutamento-de-voluntarios-para-apoio-ao-estudo\/"},"wordCount":329,"publisher":{"@id":"https:\/\/iacrianca.pt\/en\/#organization"},"image":{"@id":"https:\/\/iacrianca.pt\/en\/2021\/09\/recrutamento-de-voluntarios-para-apoio-ao-estudo\/#primaryimage"},"thumbnailUrl":"https:\/\/iacrianca.pt\/wp-content\/uploads\/2021\/09\/Voluntarios-01.jpg","articleSection":["Not\u00edcias"],"inLanguage":"en-US"},{"@type":"WebPage","@id":"https:\/\/iacrianca.pt\/en\/2021\/09\/recrutamento-de-voluntarios-para-apoio-ao-estudo\/","url":"https:\/\/iacrianca.pt\/en\/2021\/09\/recrutamento-de-voluntarios-para-apoio-ao-estudo\/","name":"Recrutamento de Volunt\u00e1rios para Apoio ao Estudo | Instituto de Apoio \u00e0 Crian\u00e7a","isPartOf":{"@id":"https:\/\/iacrianca.pt\/en\/#website"},"primaryImageOfPage":{"@id":"https:\/\/iacrianca.pt\/en\/2021\/09\/recrutamento-de-voluntarios-para-apoio-ao-estudo\/#primaryimage"},"image":{"@id":"https:\/\/iacrianca.pt\/en\/2021\/09\/recrutamento-de-voluntarios-para-apoio-ao-estudo\/#primaryimage"},"thumbnailUrl":"https:\/\/iacrianca.pt\/wp-content\/uploads\/2021\/09\/Voluntarios-01.jpg","datePublished":"2021-09-28T10:25:28+00:00","breadcrumb":{"@id":"https:\/\/iacrianca.pt\/en\/2021\/09\/recrutamento-de-voluntarios-para-apoio-ao-estudo\/#breadcrumb"},"inLanguage":"en-US","potentialAction":[{"@type":"ReadAction","target":["https:\/\/iacrianca.pt\/en\/2021\/09\/recrutamento-de-voluntarios-para-apoio-ao-estudo\/"]}]},{"@type":"ImageObject","inLanguage":"en-US","@id":"https:\/\/iacrianca.pt\/en\/2021\/09\/recrutamento-de-voluntarios-para-apoio-ao-estudo\/#primaryimage","url":"https:\/\/iacrianca.pt\/wp-content\/uploads\/2021\/09\/Voluntarios-01.jpg","contentUrl":"https:\/\/iacrianca.pt\/wp-content\/uploads\/2021\/09\/Voluntarios-01.jpg","width":2362,"height":2362},{"@type":"BreadcrumbList","@id":"https:\/\/iacrianca.pt\/en\/2021\/09\/recrutamento-de-voluntarios-para-apoio-ao-estudo\/#breadcrumb","itemListElement":[{"@type":"ListItem","position":1,"name":"In\u00edcio","item":"https:\/\/iacrianca.pt\/en\/"},{"@type":"ListItem","position":2,"name":"Recrutamento de Volunt\u00e1rios para Apoio ao Estudo"}]},{"@type":"WebSite","@id":"https:\/\/iacrianca.pt\/en\/#website","url":"https:\/\/iacrianca.pt\/en\/","name":"Instituto de Apoio \u00e0 Crian\u00e7a","description":"Desde 1983 na defesa e promo\u00e7\u00e3o dos direitos da crian\u00e7a","publisher":{"@id":"https:\/\/iacrianca.pt\/en\/#organization"},"potentialAction":[{"@type":"SearchAction","target":{"@type":"EntryPoint","urlTemplate":"https:\/\/iacrianca.pt\/en\/?s={search_term_string}"},"query-input":{"@type":"PropertyValueSpecification","valueRequired":true,"valueName":"search_term_string"}}],"inLanguage":"en-US"},{"@type":"Organization","@id":"https:\/\/iacrianca.pt\/en\/#organization","name":"Instituto de Apoio \u00e0 Crian\u00e7a","url":"https:\/\/iacrianca.pt\/en\/","logo":{"@type":"ImageObject","inLanguage":"en-US","@id":"https:\/\/iacrianca.pt\/en\/#\/schema\/logo\/image\/","url":"https:\/\/iacrianca.pt\/wp-content\/uploads\/2020\/04\/logo-iac-SD.jpg","contentUrl":"https:\/\/iacrianca.pt\/wp-content\/uploads\/2020\/04\/logo-iac-SD.jpg","width":152,"height":73,"caption":"Instituto de Apoio \u00e0 Crian\u00e7a"},"image":{"@id":"https:\/\/iacrianca.pt\/en\/#\/schema\/logo\/image\/"},"sameAs":["https:\/\/www.facebook.com\/iacinstitutodeapoioacrianca","https:\/\/x.com\/iacapoiocrianca","https:\/\/www.youtube.com\/channel\/UC0jjfZ_xkN_59gJf_RQ-ZnQ","https:\/\/www.linkedin.com\/company\/instituto-de-apoio--criana\/","https:\/\/www.instagram.com\/iacinstitutodeapoioacrianca\/","https:\/\/criancasatortoeadireitos.wordpress.com\/"]},{"@type":"Person","@id":"https:\/\/iacrianca.pt\/en\/#\/schema\/person\/1c48c6e4b70d0dc7360e4b28ceaa5f6b","name":"Administra\u00e7\u00e3o IAC","image":{"@type":"ImageObject","inLanguage":"en-US","@id":"https:\/\/secure.gravatar.com\/avatar\/60b998c71de37dcc1398fc6d48c6b5ed7533e3ceec837c948055f072e3158ff1?s=96&d=mm&r=g","url":"https:\/\/secure.gravatar.com\/avatar\/60b998c71de37dcc1398fc6d48c6b5ed7533e3ceec837c948055f072e3158ff1?s=96&d=mm&r=g","contentUrl":"https:\/\/secure.gravatar.com\/avatar\/60b998c71de37dcc1398fc6d48c6b5ed7533e3ceec837c948055f072e3158ff1?s=96&d=mm&r=g","caption":"Administra\u00e7\u00e3o IAC"}}]}},"_links":{"self":[{"href":"https:\/\/iacrianca.pt\/en\/wp-json\/wp\/v2\/posts\/8465","targetHints":{"allow":["GET"]}}],"collection":[{"href":"https:\/\/iacrianca.pt\/en\/wp-json\/wp\/v2\/posts"}],"about":[{"href":"https:\/\/iacrianca.pt\/en\/wp-json\/wp\/v2\/types\/post"}],"author":[{"embeddable":true,"href":"https:\/\/iacrianca.pt\/en\/wp-json\/wp\/v2\/users\/2"}],"replies":[{"embeddable":true,"href":"https:\/\/iacrianca.pt\/en\/wp-json\/wp\/v2\/comments?post=8465"}],"version-history":[{"count":0,"href":"https:\/\/iacrianca.pt\/en\/wp-json\/wp\/v2\/posts\/8465\/revisions"}],"wp:featuredmedia":[{"embeddable":true,"href":"https:\/\/iacrianca.pt\/en\/wp-json\/wp\/v2\/media\/8466"}],"wp:attachment":[{"href":"https:\/\/iacrianca.pt\/en\/wp-json\/wp\/v2\/media?parent=8465"}],"wp:term":[{"taxonomy":"category","embeddable":true,"href":"https:\/\/iacrianca.pt\/en\/wp-json\/wp\/v2\/categories?post=8465"},{"taxonomy":"post_tag","embeddable":true,"href":"https:\/\/iacrianca.pt\/en\/wp-json\/wp\/v2\/tags?post=8465"}],"curies":[{"name":"wp","href":"https:\/\/api.w.org\/{rel}","templated":true}]}}