{"id":8639,"date":"2021-10-12T10:54:28","date_gmt":"2021-10-12T10:54:28","guid":{"rendered":"https:\/\/iacrianca.pt\/?p=8639"},"modified":"2021-10-21T10:04:43","modified_gmt":"2021-10-21T10:04:43","slug":"assinatura-do-protocolo-acao-escola-de-2a-oportunidade","status":"publish","type":"post","link":"https:\/\/iacrianca.pt\/en\/2021\/10\/assinatura-do-protocolo-acao-escola-de-2a-oportunidade\/","title":{"rendered":"Assinatura do Protocolo A\u00e7\u00e3o Escola de 2\u00aa Oportunidade"},"content":{"rendered":"<p>Foi\u00a0com grande alegria\u00a0que, no dia\u00a016 de\u00a0Setembro, o IAC se juntou \u00e0 DGEST, \u00e0 C\u00e2mara Municipal de Lisboa e \u00e0 Escola E\u00e7a de Queir\u00f3s para assinar o Protocolo\u00a0 de\u00a0implementa\u00e7\u00e3o da primeira Escola de Segunda Oportunidade em Lisboa.\u00a0Desde\u00a0 que iniciou atividades o IAC tem\u00a0tido a sua interven\u00e7\u00e3o alinhada com as pol\u00edticas p\u00fablicas de educa\u00e7\u00e3o e forma\u00e7\u00e3o inclusivas criadas pelo Estado. Assim, surgiu naturalmente a ideia de abra\u00e7ar mais este desafio.\u00a0Pretendemos\u00a0proporcionar a jovens a descoberto das respostas existentes uma\u00a0resposta socio educativa, com o objetivo de assegurar uma interven\u00e7\u00e3o adequada\u00a0\u00e0s suas necessidades, expetativas e interesses, de tal modo que permita o\u00a0cumprimento da escolaridade, promova a autonomia e a integra\u00e7\u00e3o social.<\/p>\n<p><span data-contrast=\"auto\">O curr\u00edculo integrado apresenta uma estrutura organizada em 3 Componentes distintas, mas complementares entre si, a saber: Componente Pessoal, Componente Escolar e Componente de Natureza Profissional.<\/span><span data-ccp-props=\"{&quot;201341983&quot;:0,&quot;335559739&quot;:160,&quot;335559740&quot;:259}\">\u00a0<\/span><\/p>\n<p><span data-contrast=\"auto\">A Componente Pessoal incide na forma\u00e7\u00e3o complementar que envolve o acompanhamento psicossocial e a implementa\u00e7\u00e3o e desenvolvimento de um programa de treino de compet\u00eancias pessoais e sociais, com recurso a metodologias ativas, a fim de dar voz e estimular a participa\u00e7\u00e3o dos jovens concretiza-se atrav\u00e9s da realiza\u00e7\u00e3o de sess\u00f5es tem\u00e1ticas, de a\u00e7\u00f5es de car\u00e1cter l\u00fadico-pedag\u00f3gico, desportivas e de risco controlado evisa promover a sensibiliza\u00e7\u00e3o para a cidadania participativa e a defesa dos Direitos Humanos.<\/span><span data-ccp-props=\"{&quot;201341983&quot;:0,&quot;335559739&quot;:160,&quot;335559740&quot;:259}\">\u00a0<\/span><\/p>\n<p><span data-contrast=\"auto\">A Componente Escolar inclui a cria\u00e7\u00e3o de 2 grupos turma para frequ\u00eancia de Programa Integrado de Educa\u00e7\u00e3o Forma\u00e7\u00e3o (PIEF): uma que confere habilita\u00e7\u00e3o equivalente ao 1.\u00ba e 2.\u00ba ciclo e outra que confere habilita\u00e7\u00e3o equivalente ao 3.\u00ba ciclo. <\/span><span data-ccp-props=\"{&quot;201341983&quot;:0,&quot;335559739&quot;:160,&quot;335559740&quot;:259}\">\u00a0<\/span><\/p>\n<p><span data-contrast=\"auto\">A Componente de Natureza Profissional visa a aquisi\u00e7\u00e3o de compet\u00eancias necess\u00e1rias \u00e0 inser\u00e7\u00e3o no mercado laboral, atrav\u00e9s da promo\u00e7\u00e3o de experi\u00eancias em contexto real de trabalho, a desenvolver em empresas ou institui\u00e7\u00f5es com as quais ser\u00e1 celebrado protocolo, tanto para alunos em PIEF, como em EFA ou atrav\u00e9s da frequ\u00eancia de Unidades de forma\u00e7\u00e3o de curta dura\u00e7\u00e3o (UFCD).<\/span><span data-ccp-props=\"{&quot;201341983&quot;:0,&quot;335559739&quot;:160,&quot;335559740&quot;:259}\">\u00a0<\/span><\/p>\n<p><span data-contrast=\"auto\">Este \u00e9, de fato, um recurso fundamental para criar percursos de vida saud\u00e1veis e mais inclusivos!<\/span><span data-ccp-props=\"{&quot;201341983&quot;:0,&quot;335559739&quot;:160,&quot;335559740&quot;:259}\">\u00a0<\/span><\/p>\n<p><img fetchpriority=\"high\" decoding=\"async\" class=\"alignnone size-medium wp-image-8645\" src=\"https:\/\/iacrianca.pt\/wp-content\/uploads\/2021\/10\/63174d4c-8f7e-4bb0-824c-c2084688cbde-225x300.jpg\" alt=\"\" width=\"225\" height=\"300\" srcset=\"https:\/\/iacrianca.pt\/wp-content\/uploads\/2021\/10\/63174d4c-8f7e-4bb0-824c-c2084688cbde-225x300.jpg 225w, https:\/\/iacrianca.pt\/wp-content\/uploads\/2021\/10\/63174d4c-8f7e-4bb0-824c-c2084688cbde-768x1024.jpg 768w, https:\/\/iacrianca.pt\/wp-content\/uploads\/2021\/10\/63174d4c-8f7e-4bb0-824c-c2084688cbde-1152x1536.jpg 1152w, https:\/\/iacrianca.pt\/wp-content\/uploads\/2021\/10\/63174d4c-8f7e-4bb0-824c-c2084688cbde.jpg 1440w\" sizes=\"(max-width: 225px) 100vw, 225px\" \/><img decoding=\"async\" class=\"alignnone size-medium wp-image-8646\" src=\"https:\/\/iacrianca.pt\/wp-content\/uploads\/2021\/10\/d7a122f1-0a2b-479d-8ca6-e5c59acf93b8-225x300.jpg\" alt=\"\" width=\"225\" height=\"300\" srcset=\"https:\/\/iacrianca.pt\/wp-content\/uploads\/2021\/10\/d7a122f1-0a2b-479d-8ca6-e5c59acf93b8-225x300.jpg 225w, https:\/\/iacrianca.pt\/wp-content\/uploads\/2021\/10\/d7a122f1-0a2b-479d-8ca6-e5c59acf93b8-768x1024.jpg 768w, https:\/\/iacrianca.pt\/wp-content\/uploads\/2021\/10\/d7a122f1-0a2b-479d-8ca6-e5c59acf93b8-1152x1536.jpg 1152w, https:\/\/iacrianca.pt\/wp-content\/uploads\/2021\/10\/d7a122f1-0a2b-479d-8ca6-e5c59acf93b8.jpg 1440w\" sizes=\"(max-width: 225px) 100vw, 225px\" \/><\/p>\n","protected":false},"excerpt":{"rendered":"<p>Foi\u00a0com grande alegria\u00a0que, no dia\u00a016 de\u00a0Setembro, o IAC se juntou \u00e0 DGEST, \u00e0 C\u00e2mara Municipal de Lisboa e \u00e0 Escola E\u00e7a de Queir\u00f3s para assinar o Protocolo\u00a0 de\u00a0implementa\u00e7\u00e3o da primeira Escola de Segunda Oportunidade em Lisboa.\u00a0Desde\u00a0 que iniciou atividades o IAC tem\u00a0tido a sua interven\u00e7\u00e3o alinhada com as pol\u00edticas p\u00fablicas de educa\u00e7\u00e3o e forma\u00e7\u00e3o inclusivas&hellip;<\/p>\n","protected":false},"author":2,"featured_media":8427,"comment_status":"open","ping_status":"open","sticky":false,"template":"","format":"standard","meta":{"_acf_changed":false,"footnotes":""},"categories":[63],"tags":[],"class_list":["post-8639","post","type-post","status-publish","format-standard","has-post-thumbnail","hentry","category-newsletter","category-63","description-off"],"acf":[],"yoast_head":"<!-- This site is optimized with the Yoast SEO plugin v27.4 - https:\/\/yoast.com\/product\/yoast-seo-wordpress\/ -->\n<title>Assinatura do Protocolo A\u00e7\u00e3o Escola de 2\u00aa Oportunidade | Instituto de Apoio \u00e0 Crian\u00e7a<\/title>\n<meta name=\"robots\" content=\"index, follow, max-snippet:-1, max-image-preview:large, max-video-preview:-1\" \/>\n<link rel=\"canonical\" href=\"https:\/\/iacrianca.pt\/en\/2021\/10\/assinatura-do-protocolo-acao-escola-de-2a-oportunidade\/\" \/>\n<meta property=\"og:locale\" content=\"en_US\" \/>\n<meta property=\"og:type\" content=\"article\" \/>\n<meta property=\"og:title\" content=\"Assinatura do Protocolo A\u00e7\u00e3o Escola de 2\u00aa Oportunidade | Instituto de Apoio \u00e0 Crian\u00e7a\" \/>\n<meta property=\"og:description\" content=\"Foi\u00a0com grande alegria\u00a0que, no dia\u00a016 de\u00a0Setembro, o IAC se juntou \u00e0 DGEST, \u00e0 C\u00e2mara Municipal de Lisboa e \u00e0 Escola E\u00e7a de Queir\u00f3s para assinar o Protocolo\u00a0 de\u00a0implementa\u00e7\u00e3o da primeira Escola de Segunda Oportunidade em Lisboa.\u00a0Desde\u00a0 que iniciou atividades o IAC tem\u00a0tido a sua interven\u00e7\u00e3o alinhada com as pol\u00edticas p\u00fablicas de educa\u00e7\u00e3o e forma\u00e7\u00e3o inclusivas&hellip;\" \/>\n<meta property=\"og:url\" content=\"https:\/\/iacrianca.pt\/en\/2021\/10\/assinatura-do-protocolo-acao-escola-de-2a-oportunidade\/\" \/>\n<meta property=\"og:site_name\" content=\"Instituto de Apoio \u00e0 Crian\u00e7a\" \/>\n<meta property=\"article:publisher\" content=\"https:\/\/www.facebook.com\/iacinstitutodeapoioacrianca\" \/>\n<meta property=\"article:published_time\" content=\"2021-10-12T10:54:28+00:00\" \/>\n<meta property=\"article:modified_time\" content=\"2021-10-21T10:04:43+00:00\" \/>\n<meta property=\"og:image\" content=\"https:\/\/iacrianca.pt\/wp-content\/uploads\/2021\/09\/Cinzento-Praia-Cita\u00e7\u00f5es-Ver\u00e3o-Instagram-Post.png\" \/>\n\t<meta property=\"og:image:width\" content=\"1080\" \/>\n\t<meta property=\"og:image:height\" content=\"1080\" \/>\n\t<meta property=\"og:image:type\" content=\"image\/png\" \/>\n<meta name=\"author\" content=\"Administra\u00e7\u00e3o IAC\" \/>\n<meta name=\"twitter:card\" content=\"summary_large_image\" \/>\n<meta name=\"twitter:creator\" content=\"@iacapoiocrianca\" \/>\n<meta name=\"twitter:site\" content=\"@iacapoiocrianca\" \/>\n<meta name=\"twitter:label1\" content=\"Written by\" \/>\n\t<meta name=\"twitter:data1\" content=\"Administra\u00e7\u00e3o IAC\" \/>\n\t<meta name=\"twitter:label2\" content=\"Est. reading time\" \/>\n\t<meta name=\"twitter:data2\" content=\"2 minutes\" \/>\n<script type=\"application\/ld+json\" class=\"yoast-schema-graph\">{\"@context\":\"https:\\\/\\\/schema.org\",\"@graph\":[{\"@type\":\"Article\",\"@id\":\"https:\\\/\\\/iacrianca.pt\\\/en\\\/2021\\\/10\\\/assinatura-do-protocolo-acao-escola-de-2a-oportunidade\\\/#article\",\"isPartOf\":{\"@id\":\"https:\\\/\\\/iacrianca.pt\\\/en\\\/2021\\\/10\\\/assinatura-do-protocolo-acao-escola-de-2a-oportunidade\\\/\"},\"author\":{\"name\":\"Administra\u00e7\u00e3o IAC\",\"@id\":\"https:\\\/\\\/iacrianca.pt\\\/en\\\/#\\\/schema\\\/person\\\/1c48c6e4b70d0dc7360e4b28ceaa5f6b\"},\"headline\":\"Assinatura do Protocolo A\u00e7\u00e3o Escola de 2\u00aa Oportunidade\",\"datePublished\":\"2021-10-12T10:54:28+00:00\",\"dateModified\":\"2021-10-21T10:04:43+00:00\",\"mainEntityOfPage\":{\"@id\":\"https:\\\/\\\/iacrianca.pt\\\/en\\\/2021\\\/10\\\/assinatura-do-protocolo-acao-escola-de-2a-oportunidade\\\/\"},\"wordCount\":372,\"commentCount\":0,\"publisher\":{\"@id\":\"https:\\\/\\\/iacrianca.pt\\\/en\\\/#organization\"},\"image\":{\"@id\":\"https:\\\/\\\/iacrianca.pt\\\/en\\\/2021\\\/10\\\/assinatura-do-protocolo-acao-escola-de-2a-oportunidade\\\/#primaryimage\"},\"thumbnailUrl\":\"https:\\\/\\\/iacrianca.pt\\\/wp-content\\\/uploads\\\/2021\\\/09\\\/Cinzento-Praia-Cita\u00e7\u00f5es-Ver\u00e3o-Instagram-Post.png\",\"articleSection\":[\"Newsletter\"],\"inLanguage\":\"en-US\",\"potentialAction\":[{\"@type\":\"CommentAction\",\"name\":\"Comment\",\"target\":[\"https:\\\/\\\/iacrianca.pt\\\/en\\\/2021\\\/10\\\/assinatura-do-protocolo-acao-escola-de-2a-oportunidade\\\/#respond\"]}]},{\"@type\":\"WebPage\",\"@id\":\"https:\\\/\\\/iacrianca.pt\\\/en\\\/2021\\\/10\\\/assinatura-do-protocolo-acao-escola-de-2a-oportunidade\\\/\",\"url\":\"https:\\\/\\\/iacrianca.pt\\\/en\\\/2021\\\/10\\\/assinatura-do-protocolo-acao-escola-de-2a-oportunidade\\\/\",\"name\":\"Assinatura do Protocolo A\u00e7\u00e3o Escola de 2\u00aa Oportunidade | Instituto de Apoio \u00e0 Crian\u00e7a\",\"isPartOf\":{\"@id\":\"https:\\\/\\\/iacrianca.pt\\\/en\\\/#website\"},\"primaryImageOfPage\":{\"@id\":\"https:\\\/\\\/iacrianca.pt\\\/en\\\/2021\\\/10\\\/assinatura-do-protocolo-acao-escola-de-2a-oportunidade\\\/#primaryimage\"},\"image\":{\"@id\":\"https:\\\/\\\/iacrianca.pt\\\/en\\\/2021\\\/10\\\/assinatura-do-protocolo-acao-escola-de-2a-oportunidade\\\/#primaryimage\"},\"thumbnailUrl\":\"https:\\\/\\\/iacrianca.pt\\\/wp-content\\\/uploads\\\/2021\\\/09\\\/Cinzento-Praia-Cita\u00e7\u00f5es-Ver\u00e3o-Instagram-Post.png\",\"datePublished\":\"2021-10-12T10:54:28+00:00\",\"dateModified\":\"2021-10-21T10:04:43+00:00\",\"breadcrumb\":{\"@id\":\"https:\\\/\\\/iacrianca.pt\\\/en\\\/2021\\\/10\\\/assinatura-do-protocolo-acao-escola-de-2a-oportunidade\\\/#breadcrumb\"},\"inLanguage\":\"en-US\",\"potentialAction\":[{\"@type\":\"ReadAction\",\"target\":[\"https:\\\/\\\/iacrianca.pt\\\/en\\\/2021\\\/10\\\/assinatura-do-protocolo-acao-escola-de-2a-oportunidade\\\/\"]}]},{\"@type\":\"ImageObject\",\"inLanguage\":\"en-US\",\"@id\":\"https:\\\/\\\/iacrianca.pt\\\/en\\\/2021\\\/10\\\/assinatura-do-protocolo-acao-escola-de-2a-oportunidade\\\/#primaryimage\",\"url\":\"https:\\\/\\\/iacrianca.pt\\\/wp-content\\\/uploads\\\/2021\\\/09\\\/Cinzento-Praia-Cita\u00e7\u00f5es-Ver\u00e3o-Instagram-Post.png\",\"contentUrl\":\"https:\\\/\\\/iacrianca.pt\\\/wp-content\\\/uploads\\\/2021\\\/09\\\/Cinzento-Praia-Cita\u00e7\u00f5es-Ver\u00e3o-Instagram-Post.png\",\"width\":1080,\"height\":1080},{\"@type\":\"BreadcrumbList\",\"@id\":\"https:\\\/\\\/iacrianca.pt\\\/en\\\/2021\\\/10\\\/assinatura-do-protocolo-acao-escola-de-2a-oportunidade\\\/#breadcrumb\",\"itemListElement\":[{\"@type\":\"ListItem\",\"position\":1,\"name\":\"In\u00edcio\",\"item\":\"https:\\\/\\\/iacrianca.pt\\\/en\\\/\"},{\"@type\":\"ListItem\",\"position\":2,\"name\":\"Assinatura do Protocolo A\u00e7\u00e3o Escola de 2\u00aa Oportunidade\"}]},{\"@type\":\"WebSite\",\"@id\":\"https:\\\/\\\/iacrianca.pt\\\/en\\\/#website\",\"url\":\"https:\\\/\\\/iacrianca.pt\\\/en\\\/\",\"name\":\"Instituto de Apoio \u00e0 Crian\u00e7a\",\"description\":\"Desde 1983 na defesa e promo\u00e7\u00e3o dos direitos da crian\u00e7a\",\"publisher\":{\"@id\":\"https:\\\/\\\/iacrianca.pt\\\/en\\\/#organization\"},\"potentialAction\":[{\"@type\":\"SearchAction\",\"target\":{\"@type\":\"EntryPoint\",\"urlTemplate\":\"https:\\\/\\\/iacrianca.pt\\\/en\\\/?s={search_term_string}\"},\"query-input\":{\"@type\":\"PropertyValueSpecification\",\"valueRequired\":true,\"valueName\":\"search_term_string\"}}],\"inLanguage\":\"en-US\"},{\"@type\":\"Organization\",\"@id\":\"https:\\\/\\\/iacrianca.pt\\\/en\\\/#organization\",\"name\":\"Instituto de Apoio \u00e0 Crian\u00e7a\",\"url\":\"https:\\\/\\\/iacrianca.pt\\\/en\\\/\",\"logo\":{\"@type\":\"ImageObject\",\"inLanguage\":\"en-US\",\"@id\":\"https:\\\/\\\/iacrianca.pt\\\/en\\\/#\\\/schema\\\/logo\\\/image\\\/\",\"url\":\"https:\\\/\\\/iacrianca.pt\\\/wp-content\\\/uploads\\\/2020\\\/04\\\/logo-iac-SD.jpg\",\"contentUrl\":\"https:\\\/\\\/iacrianca.pt\\\/wp-content\\\/uploads\\\/2020\\\/04\\\/logo-iac-SD.jpg\",\"width\":152,\"height\":73,\"caption\":\"Instituto de Apoio \u00e0 Crian\u00e7a\"},\"image\":{\"@id\":\"https:\\\/\\\/iacrianca.pt\\\/en\\\/#\\\/schema\\\/logo\\\/image\\\/\"},\"sameAs\":[\"https:\\\/\\\/www.facebook.com\\\/iacinstitutodeapoioacrianca\",\"https:\\\/\\\/x.com\\\/iacapoiocrianca\",\"https:\\\/\\\/www.youtube.com\\\/channel\\\/UC0jjfZ_xkN_59gJf_RQ-ZnQ\",\"https:\\\/\\\/www.linkedin.com\\\/company\\\/instituto-de-apoio--criana\\\/\",\"https:\\\/\\\/www.instagram.com\\\/iacinstitutodeapoioacrianca\\\/\",\"https:\\\/\\\/criancasatortoeadireitos.wordpress.com\\\/\"]},{\"@type\":\"Person\",\"@id\":\"https:\\\/\\\/iacrianca.pt\\\/en\\\/#\\\/schema\\\/person\\\/1c48c6e4b70d0dc7360e4b28ceaa5f6b\",\"name\":\"Administra\u00e7\u00e3o IAC\",\"image\":{\"@type\":\"ImageObject\",\"inLanguage\":\"en-US\",\"@id\":\"https:\\\/\\\/secure.gravatar.com\\\/avatar\\\/60b998c71de37dcc1398fc6d48c6b5ed7533e3ceec837c948055f072e3158ff1?s=96&d=mm&r=g\",\"url\":\"https:\\\/\\\/secure.gravatar.com\\\/avatar\\\/60b998c71de37dcc1398fc6d48c6b5ed7533e3ceec837c948055f072e3158ff1?s=96&d=mm&r=g\",\"contentUrl\":\"https:\\\/\\\/secure.gravatar.com\\\/avatar\\\/60b998c71de37dcc1398fc6d48c6b5ed7533e3ceec837c948055f072e3158ff1?s=96&d=mm&r=g\",\"caption\":\"Administra\u00e7\u00e3o IAC\"}}]}<\/script>\n<!-- \/ Yoast SEO plugin. -->","yoast_head_json":{"title":"Assinatura do Protocolo A\u00e7\u00e3o Escola de 2\u00aa Oportunidade | Instituto de Apoio \u00e0 Crian\u00e7a","robots":{"index":"index","follow":"follow","max-snippet":"max-snippet:-1","max-image-preview":"max-image-preview:large","max-video-preview":"max-video-preview:-1"},"canonical":"https:\/\/iacrianca.pt\/en\/2021\/10\/assinatura-do-protocolo-acao-escola-de-2a-oportunidade\/","og_locale":"en_US","og_type":"article","og_title":"Assinatura do Protocolo A\u00e7\u00e3o Escola de 2\u00aa Oportunidade | Instituto de Apoio \u00e0 Crian\u00e7a","og_description":"Foi\u00a0com grande alegria\u00a0que, no dia\u00a016 de\u00a0Setembro, o IAC se juntou \u00e0 DGEST, \u00e0 C\u00e2mara Municipal de Lisboa e \u00e0 Escola E\u00e7a de Queir\u00f3s para assinar o Protocolo\u00a0 de\u00a0implementa\u00e7\u00e3o da primeira Escola de Segunda Oportunidade em Lisboa.\u00a0Desde\u00a0 que iniciou atividades o IAC tem\u00a0tido a sua interven\u00e7\u00e3o alinhada com as pol\u00edticas p\u00fablicas de educa\u00e7\u00e3o e forma\u00e7\u00e3o inclusivas&hellip;","og_url":"https:\/\/iacrianca.pt\/en\/2021\/10\/assinatura-do-protocolo-acao-escola-de-2a-oportunidade\/","og_site_name":"Instituto de Apoio \u00e0 Crian\u00e7a","article_publisher":"https:\/\/www.facebook.com\/iacinstitutodeapoioacrianca","article_published_time":"2021-10-12T10:54:28+00:00","article_modified_time":"2021-10-21T10:04:43+00:00","og_image":[{"width":1080,"height":1080,"url":"https:\/\/iacrianca.pt\/wp-content\/uploads\/2021\/09\/Cinzento-Praia-Cita\u00e7\u00f5es-Ver\u00e3o-Instagram-Post.png","type":"image\/png"}],"author":"Administra\u00e7\u00e3o IAC","twitter_card":"summary_large_image","twitter_creator":"@iacapoiocrianca","twitter_site":"@iacapoiocrianca","twitter_misc":{"Written by":"Administra\u00e7\u00e3o IAC","Est. reading time":"2 minutes"},"schema":{"@context":"https:\/\/schema.org","@graph":[{"@type":"Article","@id":"https:\/\/iacrianca.pt\/en\/2021\/10\/assinatura-do-protocolo-acao-escola-de-2a-oportunidade\/#article","isPartOf":{"@id":"https:\/\/iacrianca.pt\/en\/2021\/10\/assinatura-do-protocolo-acao-escola-de-2a-oportunidade\/"},"author":{"name":"Administra\u00e7\u00e3o IAC","@id":"https:\/\/iacrianca.pt\/en\/#\/schema\/person\/1c48c6e4b70d0dc7360e4b28ceaa5f6b"},"headline":"Assinatura do Protocolo A\u00e7\u00e3o Escola de 2\u00aa Oportunidade","datePublished":"2021-10-12T10:54:28+00:00","dateModified":"2021-10-21T10:04:43+00:00","mainEntityOfPage":{"@id":"https:\/\/iacrianca.pt\/en\/2021\/10\/assinatura-do-protocolo-acao-escola-de-2a-oportunidade\/"},"wordCount":372,"commentCount":0,"publisher":{"@id":"https:\/\/iacrianca.pt\/en\/#organization"},"image":{"@id":"https:\/\/iacrianca.pt\/en\/2021\/10\/assinatura-do-protocolo-acao-escola-de-2a-oportunidade\/#primaryimage"},"thumbnailUrl":"https:\/\/iacrianca.pt\/wp-content\/uploads\/2021\/09\/Cinzento-Praia-Cita\u00e7\u00f5es-Ver\u00e3o-Instagram-Post.png","articleSection":["Newsletter"],"inLanguage":"en-US","potentialAction":[{"@type":"CommentAction","name":"Comment","target":["https:\/\/iacrianca.pt\/en\/2021\/10\/assinatura-do-protocolo-acao-escola-de-2a-oportunidade\/#respond"]}]},{"@type":"WebPage","@id":"https:\/\/iacrianca.pt\/en\/2021\/10\/assinatura-do-protocolo-acao-escola-de-2a-oportunidade\/","url":"https:\/\/iacrianca.pt\/en\/2021\/10\/assinatura-do-protocolo-acao-escola-de-2a-oportunidade\/","name":"Assinatura do Protocolo A\u00e7\u00e3o Escola de 2\u00aa Oportunidade | Instituto de Apoio \u00e0 Crian\u00e7a","isPartOf":{"@id":"https:\/\/iacrianca.pt\/en\/#website"},"primaryImageOfPage":{"@id":"https:\/\/iacrianca.pt\/en\/2021\/10\/assinatura-do-protocolo-acao-escola-de-2a-oportunidade\/#primaryimage"},"image":{"@id":"https:\/\/iacrianca.pt\/en\/2021\/10\/assinatura-do-protocolo-acao-escola-de-2a-oportunidade\/#primaryimage"},"thumbnailUrl":"https:\/\/iacrianca.pt\/wp-content\/uploads\/2021\/09\/Cinzento-Praia-Cita\u00e7\u00f5es-Ver\u00e3o-Instagram-Post.png","datePublished":"2021-10-12T10:54:28+00:00","dateModified":"2021-10-21T10:04:43+00:00","breadcrumb":{"@id":"https:\/\/iacrianca.pt\/en\/2021\/10\/assinatura-do-protocolo-acao-escola-de-2a-oportunidade\/#breadcrumb"},"inLanguage":"en-US","potentialAction":[{"@type":"ReadAction","target":["https:\/\/iacrianca.pt\/en\/2021\/10\/assinatura-do-protocolo-acao-escola-de-2a-oportunidade\/"]}]},{"@type":"ImageObject","inLanguage":"en-US","@id":"https:\/\/iacrianca.pt\/en\/2021\/10\/assinatura-do-protocolo-acao-escola-de-2a-oportunidade\/#primaryimage","url":"https:\/\/iacrianca.pt\/wp-content\/uploads\/2021\/09\/Cinzento-Praia-Cita\u00e7\u00f5es-Ver\u00e3o-Instagram-Post.png","contentUrl":"https:\/\/iacrianca.pt\/wp-content\/uploads\/2021\/09\/Cinzento-Praia-Cita\u00e7\u00f5es-Ver\u00e3o-Instagram-Post.png","width":1080,"height":1080},{"@type":"BreadcrumbList","@id":"https:\/\/iacrianca.pt\/en\/2021\/10\/assinatura-do-protocolo-acao-escola-de-2a-oportunidade\/#breadcrumb","itemListElement":[{"@type":"ListItem","position":1,"name":"In\u00edcio","item":"https:\/\/iacrianca.pt\/en\/"},{"@type":"ListItem","position":2,"name":"Assinatura do Protocolo A\u00e7\u00e3o Escola de 2\u00aa Oportunidade"}]},{"@type":"WebSite","@id":"https:\/\/iacrianca.pt\/en\/#website","url":"https:\/\/iacrianca.pt\/en\/","name":"Instituto de Apoio \u00e0 Crian\u00e7a","description":"Desde 1983 na defesa e promo\u00e7\u00e3o dos direitos da crian\u00e7a","publisher":{"@id":"https:\/\/iacrianca.pt\/en\/#organization"},"potentialAction":[{"@type":"SearchAction","target":{"@type":"EntryPoint","urlTemplate":"https:\/\/iacrianca.pt\/en\/?s={search_term_string}"},"query-input":{"@type":"PropertyValueSpecification","valueRequired":true,"valueName":"search_term_string"}}],"inLanguage":"en-US"},{"@type":"Organization","@id":"https:\/\/iacrianca.pt\/en\/#organization","name":"Instituto de Apoio \u00e0 Crian\u00e7a","url":"https:\/\/iacrianca.pt\/en\/","logo":{"@type":"ImageObject","inLanguage":"en-US","@id":"https:\/\/iacrianca.pt\/en\/#\/schema\/logo\/image\/","url":"https:\/\/iacrianca.pt\/wp-content\/uploads\/2020\/04\/logo-iac-SD.jpg","contentUrl":"https:\/\/iacrianca.pt\/wp-content\/uploads\/2020\/04\/logo-iac-SD.jpg","width":152,"height":73,"caption":"Instituto de Apoio \u00e0 Crian\u00e7a"},"image":{"@id":"https:\/\/iacrianca.pt\/en\/#\/schema\/logo\/image\/"},"sameAs":["https:\/\/www.facebook.com\/iacinstitutodeapoioacrianca","https:\/\/x.com\/iacapoiocrianca","https:\/\/www.youtube.com\/channel\/UC0jjfZ_xkN_59gJf_RQ-ZnQ","https:\/\/www.linkedin.com\/company\/instituto-de-apoio--criana\/","https:\/\/www.instagram.com\/iacinstitutodeapoioacrianca\/","https:\/\/criancasatortoeadireitos.wordpress.com\/"]},{"@type":"Person","@id":"https:\/\/iacrianca.pt\/en\/#\/schema\/person\/1c48c6e4b70d0dc7360e4b28ceaa5f6b","name":"Administra\u00e7\u00e3o IAC","image":{"@type":"ImageObject","inLanguage":"en-US","@id":"https:\/\/secure.gravatar.com\/avatar\/60b998c71de37dcc1398fc6d48c6b5ed7533e3ceec837c948055f072e3158ff1?s=96&d=mm&r=g","url":"https:\/\/secure.gravatar.com\/avatar\/60b998c71de37dcc1398fc6d48c6b5ed7533e3ceec837c948055f072e3158ff1?s=96&d=mm&r=g","contentUrl":"https:\/\/secure.gravatar.com\/avatar\/60b998c71de37dcc1398fc6d48c6b5ed7533e3ceec837c948055f072e3158ff1?s=96&d=mm&r=g","caption":"Administra\u00e7\u00e3o IAC"}}]}},"_links":{"self":[{"href":"https:\/\/iacrianca.pt\/en\/wp-json\/wp\/v2\/posts\/8639","targetHints":{"allow":["GET"]}}],"collection":[{"href":"https:\/\/iacrianca.pt\/en\/wp-json\/wp\/v2\/posts"}],"about":[{"href":"https:\/\/iacrianca.pt\/en\/wp-json\/wp\/v2\/types\/post"}],"author":[{"embeddable":true,"href":"https:\/\/iacrianca.pt\/en\/wp-json\/wp\/v2\/users\/2"}],"replies":[{"embeddable":true,"href":"https:\/\/iacrianca.pt\/en\/wp-json\/wp\/v2\/comments?post=8639"}],"version-history":[{"count":0,"href":"https:\/\/iacrianca.pt\/en\/wp-json\/wp\/v2\/posts\/8639\/revisions"}],"wp:featuredmedia":[{"embeddable":true,"href":"https:\/\/iacrianca.pt\/en\/wp-json\/wp\/v2\/media\/8427"}],"wp:attachment":[{"href":"https:\/\/iacrianca.pt\/en\/wp-json\/wp\/v2\/media?parent=8639"}],"wp:term":[{"taxonomy":"category","embeddable":true,"href":"https:\/\/iacrianca.pt\/en\/wp-json\/wp\/v2\/categories?post=8639"},{"taxonomy":"post_tag","embeddable":true,"href":"https:\/\/iacrianca.pt\/en\/wp-json\/wp\/v2\/tags?post=8639"}],"curies":[{"name":"wp","href":"https:\/\/api.w.org\/{rel}","templated":true}]}}