{"id":8963,"date":"2021-11-26T11:35:00","date_gmt":"2021-11-26T11:35:00","guid":{"rendered":"https:\/\/iacrianca.pt\/?p=8963"},"modified":"2021-11-26T11:35:00","modified_gmt":"2021-11-26T11:35:00","slug":"campanha-para-prevenir-o-abuso-e-exploracao-sexual-de-criancas-e-adolescentes","status":"publish","type":"post","link":"https:\/\/iacrianca.pt\/en\/2021\/11\/campanha-para-prevenir-o-abuso-e-exploracao-sexual-de-criancas-e-adolescentes\/","title":{"rendered":"Campanha para prevenir o abuso e explora\u00e7\u00e3o sexual de crian\u00e7as e adolescentes"},"content":{"rendered":"<blockquote><p>Pela primeira vez, 11 pa\u00edses na Europa e Am\u00e9rica Latina (Argentina, Bol\u00edvia, Brasil, Chile, Col\u00f4mbia, Costa Rica, Espanha, Paraguai, Peru, Portugal e Uruguai) unem for\u00e7as para combater conjuntamente o crime de abuso e explora\u00e7\u00e3o sexual de crian\u00e7as na Internet.<\/p>\n<p>Esta campanha de sensibiliza\u00e7\u00e3o, coordenada pela rede euro-latino-americana de coopera\u00e7\u00e3o policial\u00a0<a href=\"https:\/\/www.elpaccto.eu\/en\/elipsia-a-tool-against-child-sexual-abuse\/\" target=\"_blank\" rel=\"noopener noreferrer\">ELIPSIA<\/a>\u00a0e apoiada por\u00a0<a href=\"https:\/\/www.elpaccto.eu\/en\/\" target=\"_blank\" rel=\"noopener noreferrer\">EL PAcCTO<\/a>, procura chamar a aten\u00e7\u00e3o para o aliciamento e divulgar materiais educativos, informativos e interativos com recomenda\u00e7\u00f5es sobre a forma de lidar com este crime. Da mesma forma, a campanha servir\u00e1 tamb\u00e9m para recolher poss\u00edveis queixas de cada pa\u00eds, com base numa abordagem proactiva.<\/p>\n<p>Destina-se a rapazes e raparigas na Europa e na Am\u00e9rica Latina entre os 8 e 17 anos, bem como \u00e0s suas fam\u00edlias e amigos pr\u00f3ximos.<\/p>\n<p><strong><u>A campanha de sensibiliza\u00e7\u00e3o<\/u><\/strong><\/p>\n<p>O objetivo da campanha \u00e9 mostrar um \u201cnovo\u201d filtro,\u00a0<strong>Unmaskpro<\/strong>, que n\u00e3o est\u00e1 instalado no telefone, mas na cabe\u00e7a de cada jovem utilizador da rede, e que n\u00e3o muda de cor ou formato, mas consiste em saber como desmascarar os agressores que se escondem atr\u00e1s de uma m\u00e1scara inocente.<\/p>\n<p>As a\u00e7\u00f5es de comunica\u00e7\u00e3o ser\u00e3o completamente digitais, uma vez que esta \u00e9 a forma de comunica\u00e7\u00e3o escolhida pelo p\u00fablico-alvo da campanha (jovens entre 8 e 17 anos de idade) e durar\u00e1 cerca de duas semanas.<\/p>\n<p>Link com a vers\u00e3o portuguesa da p\u00e1gina inicial web da campanha: <a href=\"https:\/\/www.unmaskpro.org\/pt\" target=\"_blank\" rel=\"noopener noreferrer\">https:\/\/www.unmaskpro.org\/pt<\/a>.<\/p>\n<p>Link do conte\u00fado anterior j\u00e1 traduzido para portugu\u00eas:\u00a0<a href=\"https:\/\/youtu.be\/5v7yyI2J4bQ\" target=\"_blank\" rel=\"noopener noreferrer\">https:\/\/youtu.be\/5v7yyI2J4bQ<\/a><\/p><\/blockquote>\n<p>Not\u00edcia da <a href=\"https:\/\/www.policiajudiciaria.pt\/campanha-para-prevenir-o-abuso-e-exploracao-sexual-de-criancas-e-adolescentes\/\">Pol\u00edcia Judici\u00e1ria<\/a><\/p>\n<p>O IAC tem um protocolo com a Pol\u00edcia Judici\u00e1ria e \u00e9 um parceiro nas iniciativas ligadas ao abuso e explora\u00e7\u00e3o sexual de crian\u00e7as e adolescentes e \u00e0s crian\u00e7as desaparecidas.<\/p>\n","protected":false},"excerpt":{"rendered":"<p>Pela primeira vez, 11 pa\u00edses na Europa e Am\u00e9rica Latina (Argentina, Bol\u00edvia, Brasil, Chile, Col\u00f4mbia, Costa Rica, Espanha, Paraguai, Peru, Portugal e Uruguai) unem for\u00e7as para combater conjuntamente o crime de abuso e explora\u00e7\u00e3o sexual de crian\u00e7as na Internet. Esta campanha de sensibiliza\u00e7\u00e3o, coordenada pela rede euro-latino-americana de coopera\u00e7\u00e3o policial\u00a0ELIPSIA\u00a0e apoiada por\u00a0EL PAcCTO, procura chamar&hellip;<\/p>\n","protected":false},"author":2,"featured_media":8964,"comment_status":"closed","ping_status":"open","sticky":false,"template":"","format":"standard","meta":{"_acf_changed":false,"footnotes":""},"categories":[1],"tags":[],"class_list":["post-8963","post","type-post","status-publish","format-standard","has-post-thumbnail","hentry","category-noticias","category-1","description-off"],"acf":[],"yoast_head":"<!-- This site is optimized with the Yoast SEO plugin v27.5 - https:\/\/yoast.com\/product\/yoast-seo-wordpress\/ -->\n<title>Campanha para prevenir o abuso e explora\u00e7\u00e3o sexual de crian\u00e7as e adolescentes | Instituto de Apoio \u00e0 Crian\u00e7a<\/title>\n<meta name=\"robots\" content=\"index, follow, max-snippet:-1, max-image-preview:large, max-video-preview:-1\" \/>\n<link rel=\"canonical\" href=\"https:\/\/iacrianca.pt\/en\/2021\/11\/campanha-para-prevenir-o-abuso-e-exploracao-sexual-de-criancas-e-adolescentes\/\" \/>\n<meta property=\"og:locale\" content=\"en_US\" \/>\n<meta property=\"og:type\" content=\"article\" \/>\n<meta property=\"og:title\" content=\"Campanha para prevenir o abuso e explora\u00e7\u00e3o sexual de crian\u00e7as e adolescentes | Instituto de Apoio \u00e0 Crian\u00e7a\" \/>\n<meta property=\"og:description\" content=\"Pela primeira vez, 11 pa\u00edses na Europa e Am\u00e9rica Latina (Argentina, Bol\u00edvia, Brasil, Chile, Col\u00f4mbia, Costa Rica, Espanha, Paraguai, Peru, Portugal e Uruguai) unem for\u00e7as para combater conjuntamente o crime de abuso e explora\u00e7\u00e3o sexual de crian\u00e7as na Internet. Esta campanha de sensibiliza\u00e7\u00e3o, coordenada pela rede euro-latino-americana de coopera\u00e7\u00e3o policial\u00a0ELIPSIA\u00a0e apoiada por\u00a0EL PAcCTO, procura chamar&hellip;\" \/>\n<meta property=\"og:url\" content=\"https:\/\/iacrianca.pt\/en\/2021\/11\/campanha-para-prevenir-o-abuso-e-exploracao-sexual-de-criancas-e-adolescentes\/\" \/>\n<meta property=\"og:site_name\" content=\"Instituto de Apoio \u00e0 Crian\u00e7a\" \/>\n<meta property=\"article:publisher\" content=\"https:\/\/www.facebook.com\/iacinstitutodeapoioacrianca\" \/>\n<meta property=\"article:published_time\" content=\"2021-11-26T11:35:00+00:00\" \/>\n<meta property=\"og:image\" content=\"https:\/\/iacrianca.pt\/wp-content\/uploads\/el.png\" \/>\n\t<meta property=\"og:image:width\" content=\"537\" \/>\n\t<meta property=\"og:image:height\" content=\"101\" \/>\n\t<meta property=\"og:image:type\" content=\"image\/png\" \/>\n<meta name=\"author\" content=\"Administra\u00e7\u00e3o IAC\" \/>\n<meta name=\"twitter:card\" content=\"summary_large_image\" \/>\n<meta name=\"twitter:creator\" content=\"@iacapoiocrianca\" \/>\n<meta name=\"twitter:site\" content=\"@iacapoiocrianca\" \/>\n<meta name=\"twitter:label1\" content=\"Written by\" \/>\n\t<meta name=\"twitter:data1\" content=\"Administra\u00e7\u00e3o IAC\" \/>\n\t<meta name=\"twitter:label2\" content=\"Est. reading time\" \/>\n\t<meta name=\"twitter:data2\" content=\"2 minutes\" \/>\n<script type=\"application\/ld+json\" class=\"yoast-schema-graph\">{\"@context\":\"https:\\\/\\\/schema.org\",\"@graph\":[{\"@type\":\"Article\",\"@id\":\"https:\\\/\\\/iacrianca.pt\\\/en\\\/2021\\\/11\\\/campanha-para-prevenir-o-abuso-e-exploracao-sexual-de-criancas-e-adolescentes\\\/#article\",\"isPartOf\":{\"@id\":\"https:\\\/\\\/iacrianca.pt\\\/en\\\/2021\\\/11\\\/campanha-para-prevenir-o-abuso-e-exploracao-sexual-de-criancas-e-adolescentes\\\/\"},\"author\":{\"name\":\"Administra\u00e7\u00e3o IAC\",\"@id\":\"https:\\\/\\\/iacrianca.pt\\\/en\\\/#\\\/schema\\\/person\\\/1c48c6e4b70d0dc7360e4b28ceaa5f6b\"},\"headline\":\"Campanha para prevenir o abuso e explora\u00e7\u00e3o sexual de crian\u00e7as e adolescentes\",\"datePublished\":\"2021-11-26T11:35:00+00:00\",\"mainEntityOfPage\":{\"@id\":\"https:\\\/\\\/iacrianca.pt\\\/en\\\/2021\\\/11\\\/campanha-para-prevenir-o-abuso-e-exploracao-sexual-de-criancas-e-adolescentes\\\/\"},\"wordCount\":322,\"publisher\":{\"@id\":\"https:\\\/\\\/iacrianca.pt\\\/en\\\/#organization\"},\"image\":{\"@id\":\"https:\\\/\\\/iacrianca.pt\\\/en\\\/2021\\\/11\\\/campanha-para-prevenir-o-abuso-e-exploracao-sexual-de-criancas-e-adolescentes\\\/#primaryimage\"},\"thumbnailUrl\":\"https:\\\/\\\/iacrianca.pt\\\/wp-content\\\/uploads\\\/el.png\",\"articleSection\":[\"Not\u00edcias\"],\"inLanguage\":\"en-US\"},{\"@type\":\"WebPage\",\"@id\":\"https:\\\/\\\/iacrianca.pt\\\/en\\\/2021\\\/11\\\/campanha-para-prevenir-o-abuso-e-exploracao-sexual-de-criancas-e-adolescentes\\\/\",\"url\":\"https:\\\/\\\/iacrianca.pt\\\/en\\\/2021\\\/11\\\/campanha-para-prevenir-o-abuso-e-exploracao-sexual-de-criancas-e-adolescentes\\\/\",\"name\":\"Campanha para prevenir o abuso e explora\u00e7\u00e3o sexual de crian\u00e7as e adolescentes | Instituto de Apoio \u00e0 Crian\u00e7a\",\"isPartOf\":{\"@id\":\"https:\\\/\\\/iacrianca.pt\\\/en\\\/#website\"},\"primaryImageOfPage\":{\"@id\":\"https:\\\/\\\/iacrianca.pt\\\/en\\\/2021\\\/11\\\/campanha-para-prevenir-o-abuso-e-exploracao-sexual-de-criancas-e-adolescentes\\\/#primaryimage\"},\"image\":{\"@id\":\"https:\\\/\\\/iacrianca.pt\\\/en\\\/2021\\\/11\\\/campanha-para-prevenir-o-abuso-e-exploracao-sexual-de-criancas-e-adolescentes\\\/#primaryimage\"},\"thumbnailUrl\":\"https:\\\/\\\/iacrianca.pt\\\/wp-content\\\/uploads\\\/el.png\",\"datePublished\":\"2021-11-26T11:35:00+00:00\",\"breadcrumb\":{\"@id\":\"https:\\\/\\\/iacrianca.pt\\\/en\\\/2021\\\/11\\\/campanha-para-prevenir-o-abuso-e-exploracao-sexual-de-criancas-e-adolescentes\\\/#breadcrumb\"},\"inLanguage\":\"en-US\",\"potentialAction\":[{\"@type\":\"ReadAction\",\"target\":[\"https:\\\/\\\/iacrianca.pt\\\/en\\\/2021\\\/11\\\/campanha-para-prevenir-o-abuso-e-exploracao-sexual-de-criancas-e-adolescentes\\\/\"]}]},{\"@type\":\"ImageObject\",\"inLanguage\":\"en-US\",\"@id\":\"https:\\\/\\\/iacrianca.pt\\\/en\\\/2021\\\/11\\\/campanha-para-prevenir-o-abuso-e-exploracao-sexual-de-criancas-e-adolescentes\\\/#primaryimage\",\"url\":\"https:\\\/\\\/iacrianca.pt\\\/wp-content\\\/uploads\\\/el.png\",\"contentUrl\":\"https:\\\/\\\/iacrianca.pt\\\/wp-content\\\/uploads\\\/el.png\",\"width\":537,\"height\":101},{\"@type\":\"BreadcrumbList\",\"@id\":\"https:\\\/\\\/iacrianca.pt\\\/en\\\/2021\\\/11\\\/campanha-para-prevenir-o-abuso-e-exploracao-sexual-de-criancas-e-adolescentes\\\/#breadcrumb\",\"itemListElement\":[{\"@type\":\"ListItem\",\"position\":1,\"name\":\"In\u00edcio\",\"item\":\"https:\\\/\\\/iacrianca.pt\\\/en\\\/\"},{\"@type\":\"ListItem\",\"position\":2,\"name\":\"Campanha para prevenir o abuso e explora\u00e7\u00e3o sexual de crian\u00e7as e adolescentes\"}]},{\"@type\":\"WebSite\",\"@id\":\"https:\\\/\\\/iacrianca.pt\\\/en\\\/#website\",\"url\":\"https:\\\/\\\/iacrianca.pt\\\/en\\\/\",\"name\":\"Instituto de Apoio \u00e0 Crian\u00e7a\",\"description\":\"Desde 1983 na defesa e promo\u00e7\u00e3o dos direitos da crian\u00e7a\",\"publisher\":{\"@id\":\"https:\\\/\\\/iacrianca.pt\\\/en\\\/#organization\"},\"potentialAction\":[{\"@type\":\"SearchAction\",\"target\":{\"@type\":\"EntryPoint\",\"urlTemplate\":\"https:\\\/\\\/iacrianca.pt\\\/en\\\/?s={search_term_string}\"},\"query-input\":{\"@type\":\"PropertyValueSpecification\",\"valueRequired\":true,\"valueName\":\"search_term_string\"}}],\"inLanguage\":\"en-US\"},{\"@type\":\"Organization\",\"@id\":\"https:\\\/\\\/iacrianca.pt\\\/en\\\/#organization\",\"name\":\"Instituto de Apoio \u00e0 Crian\u00e7a\",\"url\":\"https:\\\/\\\/iacrianca.pt\\\/en\\\/\",\"logo\":{\"@type\":\"ImageObject\",\"inLanguage\":\"en-US\",\"@id\":\"https:\\\/\\\/iacrianca.pt\\\/en\\\/#\\\/schema\\\/logo\\\/image\\\/\",\"url\":\"https:\\\/\\\/iacrianca.pt\\\/wp-content\\\/uploads\\\/2020\\\/04\\\/logo-iac-SD.jpg\",\"contentUrl\":\"https:\\\/\\\/iacrianca.pt\\\/wp-content\\\/uploads\\\/2020\\\/04\\\/logo-iac-SD.jpg\",\"width\":152,\"height\":73,\"caption\":\"Instituto de Apoio \u00e0 Crian\u00e7a\"},\"image\":{\"@id\":\"https:\\\/\\\/iacrianca.pt\\\/en\\\/#\\\/schema\\\/logo\\\/image\\\/\"},\"sameAs\":[\"https:\\\/\\\/www.facebook.com\\\/iacinstitutodeapoioacrianca\",\"https:\\\/\\\/x.com\\\/iacapoiocrianca\",\"https:\\\/\\\/www.youtube.com\\\/channel\\\/UC0jjfZ_xkN_59gJf_RQ-ZnQ\",\"https:\\\/\\\/www.linkedin.com\\\/company\\\/instituto-de-apoio--criana\\\/\",\"https:\\\/\\\/www.instagram.com\\\/iacinstitutodeapoioacrianca\\\/\",\"https:\\\/\\\/criancasatortoeadireitos.wordpress.com\\\/\"]},{\"@type\":\"Person\",\"@id\":\"https:\\\/\\\/iacrianca.pt\\\/en\\\/#\\\/schema\\\/person\\\/1c48c6e4b70d0dc7360e4b28ceaa5f6b\",\"name\":\"Administra\u00e7\u00e3o IAC\",\"image\":{\"@type\":\"ImageObject\",\"inLanguage\":\"en-US\",\"@id\":\"https:\\\/\\\/secure.gravatar.com\\\/avatar\\\/60b998c71de37dcc1398fc6d48c6b5ed7533e3ceec837c948055f072e3158ff1?s=96&d=mm&r=g\",\"url\":\"https:\\\/\\\/secure.gravatar.com\\\/avatar\\\/60b998c71de37dcc1398fc6d48c6b5ed7533e3ceec837c948055f072e3158ff1?s=96&d=mm&r=g\",\"contentUrl\":\"https:\\\/\\\/secure.gravatar.com\\\/avatar\\\/60b998c71de37dcc1398fc6d48c6b5ed7533e3ceec837c948055f072e3158ff1?s=96&d=mm&r=g\",\"caption\":\"Administra\u00e7\u00e3o IAC\"}}]}<\/script>\n<!-- \/ Yoast SEO plugin. -->","yoast_head_json":{"title":"Campanha para prevenir o abuso e explora\u00e7\u00e3o sexual de crian\u00e7as e adolescentes | Instituto de Apoio \u00e0 Crian\u00e7a","robots":{"index":"index","follow":"follow","max-snippet":"max-snippet:-1","max-image-preview":"max-image-preview:large","max-video-preview":"max-video-preview:-1"},"canonical":"https:\/\/iacrianca.pt\/en\/2021\/11\/campanha-para-prevenir-o-abuso-e-exploracao-sexual-de-criancas-e-adolescentes\/","og_locale":"en_US","og_type":"article","og_title":"Campanha para prevenir o abuso e explora\u00e7\u00e3o sexual de crian\u00e7as e adolescentes | Instituto de Apoio \u00e0 Crian\u00e7a","og_description":"Pela primeira vez, 11 pa\u00edses na Europa e Am\u00e9rica Latina (Argentina, Bol\u00edvia, Brasil, Chile, Col\u00f4mbia, Costa Rica, Espanha, Paraguai, Peru, Portugal e Uruguai) unem for\u00e7as para combater conjuntamente o crime de abuso e explora\u00e7\u00e3o sexual de crian\u00e7as na Internet. Esta campanha de sensibiliza\u00e7\u00e3o, coordenada pela rede euro-latino-americana de coopera\u00e7\u00e3o policial\u00a0ELIPSIA\u00a0e apoiada por\u00a0EL PAcCTO, procura chamar&hellip;","og_url":"https:\/\/iacrianca.pt\/en\/2021\/11\/campanha-para-prevenir-o-abuso-e-exploracao-sexual-de-criancas-e-adolescentes\/","og_site_name":"Instituto de Apoio \u00e0 Crian\u00e7a","article_publisher":"https:\/\/www.facebook.com\/iacinstitutodeapoioacrianca","article_published_time":"2021-11-26T11:35:00+00:00","og_image":[{"width":537,"height":101,"url":"https:\/\/iacrianca.pt\/wp-content\/uploads\/el.png","type":"image\/png"}],"author":"Administra\u00e7\u00e3o IAC","twitter_card":"summary_large_image","twitter_creator":"@iacapoiocrianca","twitter_site":"@iacapoiocrianca","twitter_misc":{"Written by":"Administra\u00e7\u00e3o IAC","Est. reading time":"2 minutes"},"schema":{"@context":"https:\/\/schema.org","@graph":[{"@type":"Article","@id":"https:\/\/iacrianca.pt\/en\/2021\/11\/campanha-para-prevenir-o-abuso-e-exploracao-sexual-de-criancas-e-adolescentes\/#article","isPartOf":{"@id":"https:\/\/iacrianca.pt\/en\/2021\/11\/campanha-para-prevenir-o-abuso-e-exploracao-sexual-de-criancas-e-adolescentes\/"},"author":{"name":"Administra\u00e7\u00e3o IAC","@id":"https:\/\/iacrianca.pt\/en\/#\/schema\/person\/1c48c6e4b70d0dc7360e4b28ceaa5f6b"},"headline":"Campanha para prevenir o abuso e explora\u00e7\u00e3o sexual de crian\u00e7as e adolescentes","datePublished":"2021-11-26T11:35:00+00:00","mainEntityOfPage":{"@id":"https:\/\/iacrianca.pt\/en\/2021\/11\/campanha-para-prevenir-o-abuso-e-exploracao-sexual-de-criancas-e-adolescentes\/"},"wordCount":322,"publisher":{"@id":"https:\/\/iacrianca.pt\/en\/#organization"},"image":{"@id":"https:\/\/iacrianca.pt\/en\/2021\/11\/campanha-para-prevenir-o-abuso-e-exploracao-sexual-de-criancas-e-adolescentes\/#primaryimage"},"thumbnailUrl":"https:\/\/iacrianca.pt\/wp-content\/uploads\/el.png","articleSection":["Not\u00edcias"],"inLanguage":"en-US"},{"@type":"WebPage","@id":"https:\/\/iacrianca.pt\/en\/2021\/11\/campanha-para-prevenir-o-abuso-e-exploracao-sexual-de-criancas-e-adolescentes\/","url":"https:\/\/iacrianca.pt\/en\/2021\/11\/campanha-para-prevenir-o-abuso-e-exploracao-sexual-de-criancas-e-adolescentes\/","name":"Campanha para prevenir o abuso e explora\u00e7\u00e3o sexual de crian\u00e7as e adolescentes | Instituto de Apoio \u00e0 Crian\u00e7a","isPartOf":{"@id":"https:\/\/iacrianca.pt\/en\/#website"},"primaryImageOfPage":{"@id":"https:\/\/iacrianca.pt\/en\/2021\/11\/campanha-para-prevenir-o-abuso-e-exploracao-sexual-de-criancas-e-adolescentes\/#primaryimage"},"image":{"@id":"https:\/\/iacrianca.pt\/en\/2021\/11\/campanha-para-prevenir-o-abuso-e-exploracao-sexual-de-criancas-e-adolescentes\/#primaryimage"},"thumbnailUrl":"https:\/\/iacrianca.pt\/wp-content\/uploads\/el.png","datePublished":"2021-11-26T11:35:00+00:00","breadcrumb":{"@id":"https:\/\/iacrianca.pt\/en\/2021\/11\/campanha-para-prevenir-o-abuso-e-exploracao-sexual-de-criancas-e-adolescentes\/#breadcrumb"},"inLanguage":"en-US","potentialAction":[{"@type":"ReadAction","target":["https:\/\/iacrianca.pt\/en\/2021\/11\/campanha-para-prevenir-o-abuso-e-exploracao-sexual-de-criancas-e-adolescentes\/"]}]},{"@type":"ImageObject","inLanguage":"en-US","@id":"https:\/\/iacrianca.pt\/en\/2021\/11\/campanha-para-prevenir-o-abuso-e-exploracao-sexual-de-criancas-e-adolescentes\/#primaryimage","url":"https:\/\/iacrianca.pt\/wp-content\/uploads\/el.png","contentUrl":"https:\/\/iacrianca.pt\/wp-content\/uploads\/el.png","width":537,"height":101},{"@type":"BreadcrumbList","@id":"https:\/\/iacrianca.pt\/en\/2021\/11\/campanha-para-prevenir-o-abuso-e-exploracao-sexual-de-criancas-e-adolescentes\/#breadcrumb","itemListElement":[{"@type":"ListItem","position":1,"name":"In\u00edcio","item":"https:\/\/iacrianca.pt\/en\/"},{"@type":"ListItem","position":2,"name":"Campanha para prevenir o abuso e explora\u00e7\u00e3o sexual de crian\u00e7as e adolescentes"}]},{"@type":"WebSite","@id":"https:\/\/iacrianca.pt\/en\/#website","url":"https:\/\/iacrianca.pt\/en\/","name":"Instituto de Apoio \u00e0 Crian\u00e7a","description":"Desde 1983 na defesa e promo\u00e7\u00e3o dos direitos da crian\u00e7a","publisher":{"@id":"https:\/\/iacrianca.pt\/en\/#organization"},"potentialAction":[{"@type":"SearchAction","target":{"@type":"EntryPoint","urlTemplate":"https:\/\/iacrianca.pt\/en\/?s={search_term_string}"},"query-input":{"@type":"PropertyValueSpecification","valueRequired":true,"valueName":"search_term_string"}}],"inLanguage":"en-US"},{"@type":"Organization","@id":"https:\/\/iacrianca.pt\/en\/#organization","name":"Instituto de Apoio \u00e0 Crian\u00e7a","url":"https:\/\/iacrianca.pt\/en\/","logo":{"@type":"ImageObject","inLanguage":"en-US","@id":"https:\/\/iacrianca.pt\/en\/#\/schema\/logo\/image\/","url":"https:\/\/iacrianca.pt\/wp-content\/uploads\/2020\/04\/logo-iac-SD.jpg","contentUrl":"https:\/\/iacrianca.pt\/wp-content\/uploads\/2020\/04\/logo-iac-SD.jpg","width":152,"height":73,"caption":"Instituto de Apoio \u00e0 Crian\u00e7a"},"image":{"@id":"https:\/\/iacrianca.pt\/en\/#\/schema\/logo\/image\/"},"sameAs":["https:\/\/www.facebook.com\/iacinstitutodeapoioacrianca","https:\/\/x.com\/iacapoiocrianca","https:\/\/www.youtube.com\/channel\/UC0jjfZ_xkN_59gJf_RQ-ZnQ","https:\/\/www.linkedin.com\/company\/instituto-de-apoio--criana\/","https:\/\/www.instagram.com\/iacinstitutodeapoioacrianca\/","https:\/\/criancasatortoeadireitos.wordpress.com\/"]},{"@type":"Person","@id":"https:\/\/iacrianca.pt\/en\/#\/schema\/person\/1c48c6e4b70d0dc7360e4b28ceaa5f6b","name":"Administra\u00e7\u00e3o IAC","image":{"@type":"ImageObject","inLanguage":"en-US","@id":"https:\/\/secure.gravatar.com\/avatar\/60b998c71de37dcc1398fc6d48c6b5ed7533e3ceec837c948055f072e3158ff1?s=96&d=mm&r=g","url":"https:\/\/secure.gravatar.com\/avatar\/60b998c71de37dcc1398fc6d48c6b5ed7533e3ceec837c948055f072e3158ff1?s=96&d=mm&r=g","contentUrl":"https:\/\/secure.gravatar.com\/avatar\/60b998c71de37dcc1398fc6d48c6b5ed7533e3ceec837c948055f072e3158ff1?s=96&d=mm&r=g","caption":"Administra\u00e7\u00e3o IAC"}}]}},"_links":{"self":[{"href":"https:\/\/iacrianca.pt\/en\/wp-json\/wp\/v2\/posts\/8963","targetHints":{"allow":["GET"]}}],"collection":[{"href":"https:\/\/iacrianca.pt\/en\/wp-json\/wp\/v2\/posts"}],"about":[{"href":"https:\/\/iacrianca.pt\/en\/wp-json\/wp\/v2\/types\/post"}],"author":[{"embeddable":true,"href":"https:\/\/iacrianca.pt\/en\/wp-json\/wp\/v2\/users\/2"}],"replies":[{"embeddable":true,"href":"https:\/\/iacrianca.pt\/en\/wp-json\/wp\/v2\/comments?post=8963"}],"version-history":[{"count":0,"href":"https:\/\/iacrianca.pt\/en\/wp-json\/wp\/v2\/posts\/8963\/revisions"}],"wp:featuredmedia":[{"embeddable":true,"href":"https:\/\/iacrianca.pt\/en\/wp-json\/wp\/v2\/media\/8964"}],"wp:attachment":[{"href":"https:\/\/iacrianca.pt\/en\/wp-json\/wp\/v2\/media?parent=8963"}],"wp:term":[{"taxonomy":"category","embeddable":true,"href":"https:\/\/iacrianca.pt\/en\/wp-json\/wp\/v2\/categories?post=8963"},{"taxonomy":"post_tag","embeddable":true,"href":"https:\/\/iacrianca.pt\/en\/wp-json\/wp\/v2\/tags?post=8963"}],"curies":[{"name":"wp","href":"https:\/\/api.w.org\/{rel}","templated":true}]}}